{"id":4122,"date":"2026-08-24T20:29:22","date_gmt":"2026-08-24T20:29:22","guid":{"rendered":"https:\/\/blogs.gazetaesportiva.com\/automobilismo\/?p=4122"},"modified":"2026-08-24T22:57:31","modified_gmt":"2026-08-24T22:57:31","slug":"lenda-das-corridas-de-caminhoes-renato-martins-volta-as-pistas-em-londrina-na-copa-truck","status":"publish","type":"post","link":"https:\/\/blogs.gazetaesportiva.com\/automobilismo\/2026\/08\/24\/lenda-das-corridas-de-caminhoes-renato-martins-volta-as-pistas-em-londrina-na-copa-truck\/","title":{"rendered":"Lenda das corridas de caminh\u00f5es, Renato Martins volta \u00e0s pistas em Londrina na Copa Truck"},"content":{"rendered":"<p>O final de semana da Copa Truck, que realizou a sua sexta etapa da temporada 2026 no Aut\u00f3dromo Internacional Ayrton Senna, em Londrina (PR), foi especial para um dos mais importantes nomes das corridas de caminh\u00e3o do Brasil. Bicampe\u00e3o brasileiro, Renato Martins disputou a etapa com um Volkswagen Meteor da equipe R9 Competi\u00e7\u00f5es, al\u00e9m de chefiar o time, que conta com oito caminh\u00f5es na soma dos grids das classes Pro e Elite.<\/p>\n<figure id=\"attachment_107140\" aria-describedby=\"caption-attachment-107140\" style=\"width: 1024px\" class=\"wp-caption alignnone\"><img loading=\"lazy\" decoding=\"async\" src=\"https:\/\/racingonline.com.br\/wp-content\/uploads\/2026\/08\/WhatsApp-Image-2026-08-24-at-19.51.42-1024x682.jpeg\" alt=\"Renato Martins\" width=\"1024\" height=\"682\" class=\"size-large wp-image-107140\" \/><figcaption id=\"caption-attachment-107140\" class=\"wp-caption-text\">Foto: Vanderley Soares<\/figcaption><\/figure>\n<p>Renato \u00e9 um dos pilotos pioneiros nas corridas de caminh\u00f5es, tendo sido o primeiro campe\u00e3o brasileiro, h\u00e1 30 anos. O atual chefe de equipe mais vezes campe\u00e3 da Copa Truck disputou as duas primeiras temporadas da categoria, em 2017 e 2018, venceu uma prova em 2019, em participa\u00e7\u00e3o pontual justamente em Londrina, e n\u00e3o disputava uma etapa desde 2024, no circuito de Tarum\u00e3, no Rio Grande do Sul.<\/p>\n<p>\u201c\u00c9 bacana poder participar de uma corrida, por mais que, atualmente, fique respons\u00e1vel por chefiar a R9 Competi\u00e7\u00f5es. Substitu\u00ed um de nossos pilotos de \u00faltima hora e completei algumas voltas no treino de s\u00e1bado e fiz a primeira corrida no domingo\u201d, disse Renato Martins, que tem ao longo de sua trajet\u00f3ria nos caminh\u00f5es dois t\u00edtulos, em 1996 e 2006, este j\u00e1 defendendo a sua equipe.<\/p>\n<p>A R9 Competi\u00e7\u00f5es \u00e9 a maior campe\u00e3 da hist\u00f3ria da Copa Truck com seis t\u00edtulos na categoria Pro, a principal do campeonato, ao longo de nove temporadas. Neste no, o time venceu provas, seja na Pro ou na Elite, em cinco das seis etapas, e tem em Nic Giaffone o atual l\u00edder do campeonato da Elite, al\u00e9m de vir de uma sequ\u00eancia de tr\u00eas t\u00edtulos seguidos de Felipe Giaffone na Pro.<\/p>\n<p>A Copa Truck volta a correr no dia 20 de setembro, quando vai at\u00e9 o Circuito dos Cristais, em Curvelo (MG), para a disputa da s\u00e9tima etapa da temporada 2026.<\/p>\n","protected":false},"excerpt":{"rendered":"<p>O final de semana da Copa Truck, que realizou a sua sexta etapa da temporada 2026 no Aut\u00f3dromo Internacional Ayrton Senna, em Londrina (PR), foi <a class=\"read-more\" href=\"https:\/\/blogs.gazetaesportiva.com\/automobilismo\/2026\/08\/24\/lenda-das-corridas-de-caminhoes-renato-martins-volta-as-pistas-em-londrina-na-copa-truck\/\">leia mais<\/a><\/p>\n","protected":false},"author":75,"featured_media":0,"comment_status":"open","ping_status":"open","sticky":false,"template":"","format":"standard","meta":{"jetpack_post_was_ever_published":false,"_jetpack_newsletter_access":"","_jetpack_dont_email_post_to_subs":false,"_jetpack_newsletter_tier_id":0,"_jetpack_memberships_contains_paywalled_content":false,"_jetpack_memberships_contains_paid_content":false,"footnotes":"","jetpack_publicize_message":"","jetpack_publicize_feature_enabled":true,"jetpack_social_post_already_shared":false,"jetpack_social_options":{"image_generator_settings":{"template":"highway","default_image_id":0,"font":"","enabled":false},"version":2}},"categories":[1],"tags":[],"class_list":["post-4122","post","type-post","status-publish","format-standard","hentry","category-sem-categoria"],"jetpack_publicize_connections":[],"jetpack_featured_media_url":"","jetpack_sharing_enabled":true,"jetpack_shortlink":"https:\/\/wp.me\/pblv91-14u","_links":{"self":[{"href":"https:\/\/blogs.gazetaesportiva.com\/automobilismo\/wp-json\/wp\/v2\/posts\/4122","targetHints":{"allow":["GET"]}}],"collection":[{"href":"https:\/\/blogs.gazetaesportiva.com\/automobilismo\/wp-json\/wp\/v2\/posts"}],"about":[{"href":"https:\/\/blogs.gazetaesportiva.com\/automobilismo\/wp-json\/wp\/v2\/types\/post"}],"author":[{"embeddable":true,"href":"https:\/\/blogs.gazetaesportiva.com\/automobilismo\/wp-json\/wp\/v2\/users\/75"}],"replies":[{"embeddable":true,"href":"https:\/\/blogs.gazetaesportiva.com\/automobilismo\/wp-json\/wp\/v2\/comments?post=4122"}],"version-history":[{"count":0,"href":"https:\/\/blogs.gazetaesportiva.com\/automobilismo\/wp-json\/wp\/v2\/posts\/4122\/revisions"}],"wp:attachment":[{"href":"https:\/\/blogs.gazetaesportiva.com\/automobilismo\/wp-json\/wp\/v2\/media?parent=4122"}],"wp:term":[{"taxonomy":"category","embeddable":true,"href":"https:\/\/blogs.gazetaesportiva.com\/automobilismo\/wp-json\/wp\/v2\/categories?post=4122"},{"taxonomy":"post_tag","embeddable":true,"href":"https:\/\/blogs.gazetaesportiva.com\/automobilismo\/wp-json\/wp\/v2\/tags?post=4122"}],"curies":[{"name":"wp","href":"https:\/\/api.w.org\/{rel}","templated":true}]}}