{"id":4112,"date":"2026-08-22T21:30:06","date_gmt":"2026-08-22T21:30:06","guid":{"rendered":"https:\/\/blogs.gazetaesportiva.com\/automobilismo\/?p=4112"},"modified":"2026-08-22T21:30:06","modified_gmt":"2026-08-22T21:30:06","slug":"lara-kraft-fatura-podio-em-londrina-em-dia-de-tres-corridas-na-copa-hb20","status":"publish","type":"post","link":"https:\/\/blogs.gazetaesportiva.com\/automobilismo\/2026\/08\/22\/lara-kraft-fatura-podio-em-londrina-em-dia-de-tres-corridas-na-copa-hb20\/","title":{"rendered":"Lara Kraft fatura p\u00f3dio em Londrina em dia de tr\u00eas corridas na Copa HB20"},"content":{"rendered":"<p>Pilota que faz sua primeira temporada no automobilismo, Lara Kraft conquistou um p\u00f3dio duplo no s\u00e1bado (22) de corridas da Copa HB20, que realiza as \u00faltimas provas do ano no Aut\u00f3dromo Internacional Ayrton Senna, em Londrina (PR). Ap\u00f3s mostrar for\u00e7a nos treinos, a competidora do carro n\u00famero 7 faturou um segundo lugar na categoria feminina e uma quarta posi\u00e7\u00e3o na classe Super na segunda das tr\u00eas corridas do dia.<\/p>\n<figure id=\"attachment_107094\" aria-describedby=\"caption-attachment-107094\" style=\"width: 1024px\" class=\"wp-caption alignnone\"><img loading=\"lazy\" decoding=\"async\" src=\"https:\/\/racingonline.com.br\/wp-content\/uploads\/2026\/08\/DSC08963.jpg-1024x577.jpeg\" alt=\"Lara Kraft\" width=\"1024\" height=\"577\" class=\"size-large wp-image-107094\" \/><figcaption id=\"caption-attachment-107094\" class=\"wp-caption-text\">Foto: divulga\u00e7\u00e3o<\/figcaption><\/figure>\n<p>Na primeira corrida do dia, a pilota cruzou a linha de chegada na quarta posi\u00e7\u00e3o entre as mulheres depois de brigar pelo p\u00f3dio por toda a disputa, ficando tamb\u00e9m com o oitavo lugar na Super. Na segunda prova, que oficialmente fechou a sexta etapa do campeonato, os p\u00f3dios vieram em uma corrida das mais agitadas, e Lara foi a segunda colocada feminina, al\u00e9m de obter o quarto lugar da Super. Na \u00faltima prova do dia, que abriu a s\u00e9tima etapa, um toque impediu um p\u00f3dio nas duas classes, terminando em quarto entre as pilotas e em nono na Super.<\/p>\n<p>\u201cAt\u00e9 aqui \u00e9 um final de semana agitado, mas conseguimos superar alguns desafios para conquistar os p\u00f3dios nas categorias Feminina e Super. N\u00e3o foi f\u00e1cil, tive que fazer ultrapassagens, e, depois, defender posi\u00e7\u00f5es e desviar de incidentes. Passei por uma evolu\u00e7\u00e3o ao longo do ano com o trabalho, tempo estudando telemetria, onboard, e tendo o apoio do meu coach e dos meus patrocinadores\u201d, disse Lara Kraft.<\/p>\n<p>A vencedora do FIA Girls on Track faz seu primeiro ano na Copa HB20 e tem um retrospecto recente de p\u00f3dios nos \u00faltimos tr\u00eas finais de semana de corrida na categoria dos Hyundai. Lara obteve um terceiro lugar em Interlagos, al\u00e9m de terminar as corridas em Cuiab\u00e1 com uma segunda e uma terceira posi\u00e7\u00e3o, al\u00e9m do segundo posto deste s\u00e1bado no norte paranaense.<\/p>\n<p>A temporada 2026 da Copa HB20 ser\u00e1 encerrada neste domingo, quando a categoria realiza apenas uma corrida, marcada para 15h15, com transmiss\u00e3o de RedeTV! e YouTube.<\/p>\n","protected":false},"excerpt":{"rendered":"<p>Pilota que faz sua primeira temporada no automobilismo, Lara Kraft conquistou um p\u00f3dio duplo no s\u00e1bado (22) de corridas da Copa HB20, que realiza as <a class=\"read-more\" href=\"https:\/\/blogs.gazetaesportiva.com\/automobilismo\/2026\/08\/22\/lara-kraft-fatura-podio-em-londrina-em-dia-de-tres-corridas-na-copa-hb20\/\">leia mais<\/a><\/p>\n","protected":false},"author":75,"featured_media":0,"comment_status":"open","ping_status":"open","sticky":false,"template":"","format":"standard","meta":{"jetpack_post_was_ever_published":false,"_jetpack_newsletter_access":"","_jetpack_dont_email_post_to_subs":false,"_jetpack_newsletter_tier_id":0,"_jetpack_memberships_contains_paywalled_content":false,"_jetpack_memberships_contains_paid_content":false,"footnotes":"","jetpack_publicize_message":"","jetpack_publicize_feature_enabled":true,"jetpack_social_post_already_shared":false,"jetpack_social_options":{"image_generator_settings":{"template":"highway","default_image_id":0,"font":"","enabled":false},"version":2}},"categories":[1],"tags":[],"class_list":["post-4112","post","type-post","status-publish","format-standard","hentry","category-sem-categoria"],"jetpack_publicize_connections":[],"jetpack_featured_media_url":"","jetpack_sharing_enabled":true,"jetpack_shortlink":"https:\/\/wp.me\/pblv91-14k","_links":{"self":[{"href":"https:\/\/blogs.gazetaesportiva.com\/automobilismo\/wp-json\/wp\/v2\/posts\/4112","targetHints":{"allow":["GET"]}}],"collection":[{"href":"https:\/\/blogs.gazetaesportiva.com\/automobilismo\/wp-json\/wp\/v2\/posts"}],"about":[{"href":"https:\/\/blogs.gazetaesportiva.com\/automobilismo\/wp-json\/wp\/v2\/types\/post"}],"author":[{"embeddable":true,"href":"https:\/\/blogs.gazetaesportiva.com\/automobilismo\/wp-json\/wp\/v2\/users\/75"}],"replies":[{"embeddable":true,"href":"https:\/\/blogs.gazetaesportiva.com\/automobilismo\/wp-json\/wp\/v2\/comments?post=4112"}],"version-history":[{"count":1,"href":"https:\/\/blogs.gazetaesportiva.com\/automobilismo\/wp-json\/wp\/v2\/posts\/4112\/revisions"}],"predecessor-version":[{"id":4113,"href":"https:\/\/blogs.gazetaesportiva.com\/automobilismo\/wp-json\/wp\/v2\/posts\/4112\/revisions\/4113"}],"wp:attachment":[{"href":"https:\/\/blogs.gazetaesportiva.com\/automobilismo\/wp-json\/wp\/v2\/media?parent=4112"}],"wp:term":[{"taxonomy":"category","embeddable":true,"href":"https:\/\/blogs.gazetaesportiva.com\/automobilismo\/wp-json\/wp\/v2\/categories?post=4112"},{"taxonomy":"post_tag","embeddable":true,"href":"https:\/\/blogs.gazetaesportiva.com\/automobilismo\/wp-json\/wp\/v2\/tags?post=4112"}],"curies":[{"name":"wp","href":"https:\/\/api.w.org\/{rel}","templated":true}]}}