{"id":4100,"date":"2026-08-18T22:31:43","date_gmt":"2026-08-18T22:31:43","guid":{"rendered":"https:\/\/blogs.gazetaesportiva.com\/automobilismo\/?p=4100"},"modified":"2026-08-18T22:31:43","modified_gmt":"2026-08-18T22:31:43","slug":"gabriel-casagrande-mira-lideranca-da-nascar-brasil-em-rodada-dupla-de-londrina","status":"publish","type":"post","link":"https:\/\/blogs.gazetaesportiva.com\/automobilismo\/2026\/08\/18\/gabriel-casagrande-mira-lideranca-da-nascar-brasil-em-rodada-dupla-de-londrina\/","title":{"rendered":"Gabriel Casagrande mira lideran\u00e7a da NASCAR Brasil em rodada dupla de Londrina"},"content":{"rendered":"<p>A temporada 2026 da NASCAR Brasil chega neste final de semana a sua sexta etapa, marcada para o Aut\u00f3dromo Internacional Ayrton Senna, em Londrina (PR). Piloto que defende a AMattheis Vogel, Gabriel Casagrande parte para o norte paranaense em busca da lideran\u00e7a do campeonato ap\u00f3s vencer o est\u00e1gio inicial da \u00faltima etapa, em Cuiab\u00e1 (MT).<\/p>\n<figure id=\"attachment_107030\" aria-describedby=\"caption-attachment-107030\" style=\"width: 1024px\" class=\"wp-caption alignnone\"><img loading=\"lazy\" decoding=\"async\" src=\"https:\/\/racingonline.com.br\/wp-content\/uploads\/2026\/08\/RHD16692_1-1024x682.jpg\" alt=\"Gabriel Casagrande\" width=\"1024\" height=\"682\" class=\"size-large wp-image-107030\" \/><figcaption id=\"caption-attachment-107030\" class=\"wp-caption-text\">Foto: Rodrigo Guimar\u00e3es<\/figcaption><\/figure>\n<p>Ap\u00f3s a passagem pela capital de Mato Grosso, o dono do carro n\u00famero 83 aparece na segunda posi\u00e7\u00e3o na tabela de classifica\u00e7\u00e3o, apenas quatro pontos distante do l\u00edder do campeonato. Na \u00faltima vez em que a categoria visitou o circuito de 3.145 metros, Casagrande conquistou um p\u00f3dio, e garantiu a pole position da etapa.<\/p>\n<p>\u201cVamos para Londrina com o objetivo de sempre, que \u00e9 o de brigar pelas primeiras posi\u00e7\u00f5es e somar o m\u00e1ximo de pontos poss\u00edveis. A gente vem de uma etapa em Cuiab\u00e1 em que venci a primeira corrida e que o ritmo do carro era muito bom, ent\u00e3o confio na equipe para manter esse desempenho para, quem sabe, terminar o final de semana na ponta do campeonato\u201d, disse Gabriel Casagrande, que tem os patroc\u00ednios de Baterias J\u00fapiter, Axalta, Cresol, OnPetro, STP, RP Info, UFI Filters e Aeropark Cambori\u00fa.<\/p>\n<p>Na atual temporada, Casagrande tem tr\u00eas vit\u00f3rias, incluindo o est\u00e1gio inicial da etapa de Cuiab\u00e1, que teve a pontua\u00e7\u00e3o de uma corrida, al\u00e9m de quatro p\u00f3dios e cinco chegadas entre os cinco melhores. Desta forma, o piloto tem 140 pontos somados restando duas etapas para o final da primeira fase do campeonato, que ter\u00e1 playoffs para definir o campe\u00e3o.<\/p>\n<p>A programa\u00e7\u00e3o da sexta etapa da NASCAR Brasil ter\u00e1 in\u00edcio nesta sexta-feira, quando ocorrem um treino extra e a primeira sess\u00e3o livre. O s\u00e1bado ter\u00e1 mais um ensaio e a classifica\u00e7\u00e3o com a Sprint Race, a partir de 14h05. As corridas est\u00e3o marcadas para o domingo, \u00e0s 9h e 14h.<\/p>\n","protected":false},"excerpt":{"rendered":"<p>A temporada 2026 da NASCAR Brasil chega neste final de semana a sua sexta etapa, marcada para o Aut\u00f3dromo Internacional Ayrton Senna, em Londrina (PR). <a class=\"read-more\" href=\"https:\/\/blogs.gazetaesportiva.com\/automobilismo\/2026\/08\/18\/gabriel-casagrande-mira-lideranca-da-nascar-brasil-em-rodada-dupla-de-londrina\/\">leia mais<\/a><\/p>\n","protected":false},"author":75,"featured_media":0,"comment_status":"open","ping_status":"open","sticky":false,"template":"","format":"standard","meta":{"jetpack_post_was_ever_published":false,"_jetpack_newsletter_access":"","_jetpack_dont_email_post_to_subs":false,"_jetpack_newsletter_tier_id":0,"_jetpack_memberships_contains_paywalled_content":false,"_jetpack_memberships_contains_paid_content":false,"footnotes":"","jetpack_publicize_message":"","jetpack_publicize_feature_enabled":true,"jetpack_social_post_already_shared":false,"jetpack_social_options":{"image_generator_settings":{"template":"highway","default_image_id":0,"font":"","enabled":false},"version":2}},"categories":[1],"tags":[],"class_list":["post-4100","post","type-post","status-publish","format-standard","hentry","category-sem-categoria"],"jetpack_publicize_connections":[],"jetpack_featured_media_url":"","jetpack_sharing_enabled":true,"jetpack_shortlink":"https:\/\/wp.me\/pblv91-148","_links":{"self":[{"href":"https:\/\/blogs.gazetaesportiva.com\/automobilismo\/wp-json\/wp\/v2\/posts\/4100","targetHints":{"allow":["GET"]}}],"collection":[{"href":"https:\/\/blogs.gazetaesportiva.com\/automobilismo\/wp-json\/wp\/v2\/posts"}],"about":[{"href":"https:\/\/blogs.gazetaesportiva.com\/automobilismo\/wp-json\/wp\/v2\/types\/post"}],"author":[{"embeddable":true,"href":"https:\/\/blogs.gazetaesportiva.com\/automobilismo\/wp-json\/wp\/v2\/users\/75"}],"replies":[{"embeddable":true,"href":"https:\/\/blogs.gazetaesportiva.com\/automobilismo\/wp-json\/wp\/v2\/comments?post=4100"}],"version-history":[{"count":0,"href":"https:\/\/blogs.gazetaesportiva.com\/automobilismo\/wp-json\/wp\/v2\/posts\/4100\/revisions"}],"wp:attachment":[{"href":"https:\/\/blogs.gazetaesportiva.com\/automobilismo\/wp-json\/wp\/v2\/media?parent=4100"}],"wp:term":[{"taxonomy":"category","embeddable":true,"href":"https:\/\/blogs.gazetaesportiva.com\/automobilismo\/wp-json\/wp\/v2\/categories?post=4100"},{"taxonomy":"post_tag","embeddable":true,"href":"https:\/\/blogs.gazetaesportiva.com\/automobilismo\/wp-json\/wp\/v2\/tags?post=4100"}],"curies":[{"name":"wp","href":"https:\/\/api.w.org\/{rel}","templated":true}]}}