{"id":4096,"date":"2026-08-18T13:16:31","date_gmt":"2026-08-18T13:16:31","guid":{"rendered":"https:\/\/blogs.gazetaesportiva.com\/automobilismo\/?p=4096"},"modified":"2026-08-18T13:16:31","modified_gmt":"2026-08-18T13:16:31","slug":"ayrton-senna-a-chuva-e-o-mar-a-paixao-pouco-conhecida-do-piloto-que-inspirou-uma-edicao-especial-da-sea-doo","status":"publish","type":"post","link":"https:\/\/blogs.gazetaesportiva.com\/automobilismo\/2026\/08\/18\/ayrton-senna-a-chuva-e-o-mar-a-paixao-pouco-conhecida-do-piloto-que-inspirou-uma-edicao-especial-da-sea-doo\/","title":{"rendered":"Ayrton Senna, a chuva e o mar: a paix\u00e3o pouco conhecida do piloto que inspirou uma edi\u00e7\u00e3o especial da Sea-Doo"},"content":{"rendered":"<p style=\"text-align: justify;\">Para milh\u00f5es de brasileiros, Ayrton Senna ser\u00e1 lembrado para sempre e, entre tantos momentos inesquec\u00edveis, o que mais se destaca no imagin\u00e1rio nacional s\u00e3o, certamente, as ultrapassagens improv\u00e1veis na chuva que se tornaram marca registrada do campe\u00e3o.<\/p>\n<figure style=\"width: 1500px\" class=\"wp-caption alignnone\"><img loading=\"lazy\" decoding=\"async\" src=\"https:\/\/racingonline.com.br\/wp-content\/uploads\/2026\/08\/Sea-doo-divulgacao.jpg\" alt=\"\" width=\"1500\" height=\"1000\" \/><figcaption class=\"wp-caption-text\">Foto: Divulga\u00e7\u00e3o\/ Sea-Doo<\/figcaption><\/figure>\n<p style=\"text-align: justify;\">Imagens de Donington Park, M\u00f4naco e Interlagos permanecem entre as mais emblem\u00e1ticas da hist\u00f3ria da F\u00f3rmula 1. Mas havia outro lado do piloto que poucos, fora de seu c\u00edrculo mais pr\u00f3ximo de familiares e amigos, conheciam: a \u00e1gua tamb\u00e9m era um dos lugares onde ele se sentia em casa.<\/p>\n<p style=\"text-align: justify;\">Longe da press\u00e3o das pistas, Senna gostava de navegar, passar o tempo no mar e cortar as ondas em alta velocidade. Ele foi, ali\u00e1s, um dos primeiros brasileiros a ter uma moto aqu\u00e1tica Sea-Doo, numa \u00e9poca em que a marca come\u00e7ava a ganhar espa\u00e7o entre os entusiastas de esportes ao ar livre, nos anos 1990.<\/p>\n<p style=\"text-align: justify;\">Mais de tr\u00eas d\u00e9cadas depois, essa conex\u00e3o ressurge de forma simb\u00f3lica.<\/p>\n<p style=\"text-align: justify;\">A Sea-Doo anunciou uma parceria in\u00e9dita com a marca Senna para lan\u00e7ar a RXP-X Senna 350, edi\u00e7\u00e3o limitada a apenas 1.991 unidades em todo o mundo, n\u00famero que homenageia o ano em que Senna conquistou seu terceiro t\u00edtulo mundial de F\u00f3rmula 1. Al\u00e9m de uma pintura inspirada no capacete do piloto, o modelo traz assinatura gravada a laser, frases que marcaram sua carreira, placa numerada e acabamentos exclusivos. O conjunto \u00e9 movido pelo novo motor Rotax 1630 ACE de 350 cavalos, o mais potente j\u00e1 produzido pela fabricante.<\/p>\n<p style=\"text-align: justify;\">Mais do que uma homenagem, a iniciativa dialoga diretamente com um estilo de vida que vem crescendo no Brasil.<\/p>\n<figure style=\"width: 1200px\" class=\"wp-caption alignnone\"><img loading=\"lazy\" decoding=\"async\" src=\"https:\/\/racingonline.com.br\/wp-content\/uploads\/2026\/08\/88JP_008-Senna-Norio-Koike.jpg\" alt=\"\" width=\"1200\" height=\"780\" \/><figcaption class=\"wp-caption-text\">Foto: Norio Koike @ASE2026<\/figcaption><\/figure>\n<p style=\"text-align: justify;\">Nos \u00faltimos anos, as chamadas comunidades de motos aqu\u00e1ticas evolu\u00edram de grupos de entusiastas para verdadeiras comunidades sociais. Passeios em grupo, travessias, encontros em represas, expedi\u00e7\u00f5es por rios e eventos beneficentes passaram a fazer parte do calend\u00e1rio desses pilotos, transformando o esporte em uma experi\u00eancia social.<\/p>\n<p style=\"text-align: justify;\">Segundo dados da Associa\u00e7\u00e3o Brasileira dos Construtores de Barcos e seus Implementos, a ind\u00fastria n\u00e1utica brasileira vem registrando crescimento consistente, impulsionada pelo turismo e pelo crescente interesse por atividades ao ar livre. O pa\u00eds tem mais de 8.000 quil\u00f4metros de litoral, al\u00e9m de uma das maiores redes de rios e represas naveg\u00e1veis do mundo, o que cria um ambiente favor\u00e1vel \u00e0 expans\u00e3o desse estilo de vida.<\/p>\n<p style=\"text-align: justify;\">Para Michael Codd, General Manager da BRP para a Am\u00e9rica Latina, a escolha de Ayrton Senna nasceu justamente da afinidade entre sua hist\u00f3ria e o universo da marca.<\/p>\n<p style=\"text-align: justify;\">\u201cMuitas pessoas se lembram de Ayrton por suas corridas na chuva, mas nem todos conhecem sua paix\u00e3o pela \u00e1gua e pela vida ao ar livre. Descobrimos uma conex\u00e3o muito genu\u00edna entre a hist\u00f3ria dele e o esp\u00edrito da Sea-Doo. Esta edi\u00e7\u00e3o especial celebra n\u00e3o apenas um campe\u00e3o nas pistas, mas tamb\u00e9m algu\u00e9m que encontrou na \u00e1gua um espa\u00e7o de liberdade e divers\u00e3o.\u201d<\/p>\n<p style=\"text-align: justify;\">Essa conex\u00e3o tamb\u00e9m foi determinante para a fam\u00edlia Senna.<\/p>\n<p style=\"text-align: justify;\">Segundo Bruno Senna, sobrinho do tricampe\u00e3o mundial e embaixador da parceria, o projeto representa um lado menos conhecido da personalidade do piloto.<\/p>\n<p style=\"text-align: justify;\">\u201cAyrton tinha uma rela\u00e7\u00e3o muito especial com a \u00e1gua. Era um momento em que ele podia desacelerar, aproveitar a natureza e estar com as pessoas que amava. Esta parceria resgata uma dimens\u00e3o menos conhecida de sua hist\u00f3ria e mostra como valores que faziam parte de sua vida continuam capazes de inspirar novas experi\u00eancias e gera\u00e7\u00f5es.\u201d<\/p>\n<p style=\"text-align: justify;\">Nesse contexto, uma moto aqu\u00e1tica passa a representar mais do que performance.<\/p>\n<p style=\"text-align: justify;\">Ela se torna s\u00edmbolo de um estilo de vida e talvez seja exatamente por isso que a homenagem fa\u00e7a tanto sentido. Ayrton Senna nunca escondeu seu amor pela velocidade, mas talvez alguns de seus momentos mais felizes n\u00e3o tenham acontecido apenas dentro de um carro de F\u00f3rmula 1, e sim tamb\u00e9m a bordo de sua Sea-Doo, cercado de amigos e familiares e pela mesma sensa\u00e7\u00e3o de liberdade que o acompanhava nas pistas.<\/p>\n<p style=\"text-align: justify;\">Agora, esse esp\u00edrito volta a navegar pelas \u00e1guas ao redor do mundo. Para os brasileiros, no entanto, essa nova moto aqu\u00e1tica carrega um significado especial: o orgulho de ver, mais uma vez, nosso maior \u00eddolo levando nossas cores e o seu legado para as \u00e1guas internacionais, uma lenda que sempre teve orgulho de levar nossa bandeira aos n\u00edveis mais altos e cobi\u00e7ados.<\/p>\n","protected":false},"excerpt":{"rendered":"<p>Para milh\u00f5es de brasileiros, Ayrton Senna ser\u00e1 lembrado para sempre e, entre tantos momentos inesquec\u00edveis, o que mais se destaca no imagin\u00e1rio nacional s\u00e3o, certamente, <a class=\"read-more\" href=\"https:\/\/blogs.gazetaesportiva.com\/automobilismo\/2026\/08\/18\/ayrton-senna-a-chuva-e-o-mar-a-paixao-pouco-conhecida-do-piloto-que-inspirou-uma-edicao-especial-da-sea-doo\/\">leia mais<\/a><\/p>\n","protected":false},"author":75,"featured_media":0,"comment_status":"open","ping_status":"open","sticky":false,"template":"","format":"standard","meta":{"jetpack_post_was_ever_published":false,"_jetpack_newsletter_access":"","_jetpack_dont_email_post_to_subs":false,"_jetpack_newsletter_tier_id":0,"_jetpack_memberships_contains_paywalled_content":false,"_jetpack_memberships_contains_paid_content":false,"footnotes":"","jetpack_publicize_message":"","jetpack_publicize_feature_enabled":true,"jetpack_social_post_already_shared":false,"jetpack_social_options":{"image_generator_settings":{"template":"highway","default_image_id":0,"font":"","enabled":false},"version":2}},"categories":[1],"tags":[],"class_list":["post-4096","post","type-post","status-publish","format-standard","hentry","category-sem-categoria"],"jetpack_publicize_connections":[],"jetpack_featured_media_url":"","jetpack_sharing_enabled":true,"jetpack_shortlink":"https:\/\/wp.me\/pblv91-144","_links":{"self":[{"href":"https:\/\/blogs.gazetaesportiva.com\/automobilismo\/wp-json\/wp\/v2\/posts\/4096","targetHints":{"allow":["GET"]}}],"collection":[{"href":"https:\/\/blogs.gazetaesportiva.com\/automobilismo\/wp-json\/wp\/v2\/posts"}],"about":[{"href":"https:\/\/blogs.gazetaesportiva.com\/automobilismo\/wp-json\/wp\/v2\/types\/post"}],"author":[{"embeddable":true,"href":"https:\/\/blogs.gazetaesportiva.com\/automobilismo\/wp-json\/wp\/v2\/users\/75"}],"replies":[{"embeddable":true,"href":"https:\/\/blogs.gazetaesportiva.com\/automobilismo\/wp-json\/wp\/v2\/comments?post=4096"}],"version-history":[{"count":0,"href":"https:\/\/blogs.gazetaesportiva.com\/automobilismo\/wp-json\/wp\/v2\/posts\/4096\/revisions"}],"wp:attachment":[{"href":"https:\/\/blogs.gazetaesportiva.com\/automobilismo\/wp-json\/wp\/v2\/media?parent=4096"}],"wp:term":[{"taxonomy":"category","embeddable":true,"href":"https:\/\/blogs.gazetaesportiva.com\/automobilismo\/wp-json\/wp\/v2\/categories?post=4096"},{"taxonomy":"post_tag","embeddable":true,"href":"https:\/\/blogs.gazetaesportiva.com\/automobilismo\/wp-json\/wp\/v2\/tags?post=4096"}],"curies":[{"name":"wp","href":"https:\/\/api.w.org\/{rel}","templated":true}]}}