{"id":4090,"date":"2026-08-17T16:31:17","date_gmt":"2026-08-17T16:31:17","guid":{"rendered":"https:\/\/blogs.gazetaesportiva.com\/automobilismo\/?p=4090"},"modified":"2026-08-17T19:31:22","modified_gmt":"2026-08-17T19:31:22","slug":"presenca-de-pilotos-da-stock-car-marca-sexta-etapa-da-copa-sao-paulo-de-kart-granja-viana-na-rotax","status":"publish","type":"post","link":"https:\/\/blogs.gazetaesportiva.com\/automobilismo\/2026\/08\/17\/presenca-de-pilotos-da-stock-car-marca-sexta-etapa-da-copa-sao-paulo-de-kart-granja-viana-na-rotax\/","title":{"rendered":"Presen\u00e7a de pilotos da Stock Car marca sexta etapa da Copa S\u00e3o Paulo de Kart Granja Viana na Rotax"},"content":{"rendered":"<p>Um dos principais campeonatos regionais do kartismo brasileiro, a Copa S\u00e3o Paulo de Kart Granja Viana contou com a presen\u00e7a de pilotos que integram o grid da Stock Car nas corridas da classe Rotax. A sexta etapa do campeonato nas categorias Rotax e Shifter foi realizada no Kart\u00f3dromo Granja Viana, em Cotia (SP) e foi marcada por corridas acirradas ao longo desse s\u00e1bado.<\/p>\n<figure id=\"attachment_107001\" aria-describedby=\"caption-attachment-107001\" style=\"width: 1024px\" class=\"wp-caption alignnone\"><img loading=\"lazy\" decoding=\"async\" src=\"https:\/\/racingonline.com.br\/wp-content\/uploads\/2026\/08\/WhatsApp-Image-2026-08-17-at-16.19.05-1024x683.jpeg\" alt=\"L\u00e9o Reis\" width=\"1024\" height=\"683\" class=\"size-large wp-image-107001\" \/><figcaption id=\"caption-attachment-107001\" class=\"wp-caption-text\">Foto: Serj\u00e3o Soares<\/figcaption><\/figure>\n<p>Na Rotax DD2, L\u00e9o Reis saiu com a vit\u00f3ria da etapa, enquanto Rafael Reis foi o segundo colocado. Os dois atualmente s\u00e3o companheiros de equipe na Stock Car. Yuri Alves completou a lista dos tr\u00eas primeiros colocados. J\u00e1 pela DD2 Masters, Jo\u00e3o Cunha foi o vencedor, sendo seguido por Lucas Souza e Michel Aboissa.<\/p>\n<p>Pela Rotax Mini Max, Lorenzo Kuhn foi o vencedor, com Pedro Zanguetin terminando em segundo, logo \u00e0 frente de In\u00e1cio Lopes. J\u00e1 pela Rotax Micro Max, Augusto Nogueira saiu com a vit\u00f3ria, com Rafael Canuto na segunda posi\u00e7\u00e3o e Igor Ohpis completando a lista dos tr\u00eas primeiros colocados.<\/p>\n<p>Enrico Vieira venceu na Rotax J\u00fanior Max, categoria que teve Thiago Baroni na segunda posi\u00e7\u00e3o, logo \u00e0 frente de Jo\u00e3o Pedro. Na Rotax Max, Nicollas Loretti venceu, sendo seguido por Gi Bonatto e Olin Galli. J\u00e1 pela Rotax Max Masters, quem comemorou a vit\u00f3ria foi Adriano Amaral, que viu Michel Aboissa terminar em segundo, logo \u00e0 frente de Gilnei Soares.<\/p>\n<p>Pela Shifter, M\u00e1ximo Toviggino foi o vencedor, com Bruno de S\u00e1 em segundo e Edu Violante na terceira posi\u00e7\u00e3o. Entre os pilotos da Shifter S\u00eanior, Bruno de S\u00e1 saiu com a vit\u00f3ria na sexta etapa do campeonato, enquanto Andr\u00e9 Sousa foi o segundo colocado, logo \u00e0 frente de Lu\u00eds Carvalho. J\u00e1 na Shifter Grand Super S\u00eanior, Edu Violante venceu, com Fernando Guzzi e Lu\u00eds Sousa no top-3.<\/p>\n<p>A Copa S\u00e3o Paulo de Kart Granja Viana ter\u00e1 sequ\u00eancia no dia 12 de setembro, quando ser\u00e1 realizada a s\u00e9tima etapa do campeonato, novamente no Kart\u00f3dromo Granja Viana.<\/p>\n","protected":false},"excerpt":{"rendered":"<p>Um dos principais campeonatos regionais do kartismo brasileiro, a Copa S\u00e3o Paulo de Kart Granja Viana contou com a presen\u00e7a de pilotos que integram o <a class=\"read-more\" href=\"https:\/\/blogs.gazetaesportiva.com\/automobilismo\/2026\/08\/17\/presenca-de-pilotos-da-stock-car-marca-sexta-etapa-da-copa-sao-paulo-de-kart-granja-viana-na-rotax\/\">leia mais<\/a><\/p>\n","protected":false},"author":75,"featured_media":0,"comment_status":"open","ping_status":"open","sticky":false,"template":"","format":"standard","meta":{"jetpack_post_was_ever_published":false,"_jetpack_newsletter_access":"","_jetpack_dont_email_post_to_subs":false,"_jetpack_newsletter_tier_id":0,"_jetpack_memberships_contains_paywalled_content":false,"_jetpack_memberships_contains_paid_content":false,"footnotes":"","jetpack_publicize_message":"","jetpack_publicize_feature_enabled":true,"jetpack_social_post_already_shared":true,"jetpack_social_options":{"image_generator_settings":{"template":"highway","default_image_id":0,"font":"","enabled":false},"version":2}},"categories":[1],"tags":[],"class_list":["post-4090","post","type-post","status-publish","format-standard","hentry","category-sem-categoria"],"jetpack_publicize_connections":[],"jetpack_featured_media_url":"","jetpack_sharing_enabled":true,"jetpack_shortlink":"https:\/\/wp.me\/pblv91-13Y","_links":{"self":[{"href":"https:\/\/blogs.gazetaesportiva.com\/automobilismo\/wp-json\/wp\/v2\/posts\/4090","targetHints":{"allow":["GET"]}}],"collection":[{"href":"https:\/\/blogs.gazetaesportiva.com\/automobilismo\/wp-json\/wp\/v2\/posts"}],"about":[{"href":"https:\/\/blogs.gazetaesportiva.com\/automobilismo\/wp-json\/wp\/v2\/types\/post"}],"author":[{"embeddable":true,"href":"https:\/\/blogs.gazetaesportiva.com\/automobilismo\/wp-json\/wp\/v2\/users\/75"}],"replies":[{"embeddable":true,"href":"https:\/\/blogs.gazetaesportiva.com\/automobilismo\/wp-json\/wp\/v2\/comments?post=4090"}],"version-history":[{"count":3,"href":"https:\/\/blogs.gazetaesportiva.com\/automobilismo\/wp-json\/wp\/v2\/posts\/4090\/revisions"}],"predecessor-version":[{"id":4093,"href":"https:\/\/blogs.gazetaesportiva.com\/automobilismo\/wp-json\/wp\/v2\/posts\/4090\/revisions\/4093"}],"wp:attachment":[{"href":"https:\/\/blogs.gazetaesportiva.com\/automobilismo\/wp-json\/wp\/v2\/media?parent=4090"}],"wp:term":[{"taxonomy":"category","embeddable":true,"href":"https:\/\/blogs.gazetaesportiva.com\/automobilismo\/wp-json\/wp\/v2\/categories?post=4090"},{"taxonomy":"post_tag","embeddable":true,"href":"https:\/\/blogs.gazetaesportiva.com\/automobilismo\/wp-json\/wp\/v2\/tags?post=4090"}],"curies":[{"name":"wp","href":"https:\/\/api.w.org\/{rel}","templated":true}]}}