{"id":4087,"date":"2026-08-17T15:46:38","date_gmt":"2026-08-17T15:46:38","guid":{"rendered":"https:\/\/blogs.gazetaesportiva.com\/automobilismo\/?p=4087"},"modified":"2026-08-17T15:46:38","modified_gmt":"2026-08-17T15:46:38","slug":"r9-competicoes-parte-para-londrina-em-busca-de-novas-vitorias-na-copa-truck","status":"publish","type":"post","link":"https:\/\/blogs.gazetaesportiva.com\/automobilismo\/2026\/08\/17\/r9-competicoes-parte-para-londrina-em-busca-de-novas-vitorias-na-copa-truck\/","title":{"rendered":"R9 Competi\u00e7\u00f5es parte para Londrina em busca de novas vit\u00f3rias na Copa Truck"},"content":{"rendered":"<p>A temporada 2026 da Copa Truck tem prosseguimento neste final de semana, quando ser\u00e1 realizada a sexta etapa do campeonato, marcada para o Aut\u00f3dromo Internacional Ayrton Senna, em Londrina (PR). \u00danica equipe com vit\u00f3rias em todas as etapas, a R9 Competi\u00e7\u00f5es vai ao norte paranaense em busca de novos triunfos tanto na categoria Pro quanto na Elite.<\/p>\n<figure id=\"attachment_106984\" aria-describedby=\"caption-attachment-106984\" style=\"width: 1024px\" class=\"wp-caption alignnone\"><img loading=\"lazy\" decoding=\"async\" class=\"size-large wp-image-106984\" src=\"https:\/\/racingonline.com.br\/wp-content\/uploads\/2026\/08\/WhatsApp-Image-2026-07-31-at-23.05.33-1024x682.jpeg\" alt=\"Nic Giaffone\" width=\"1024\" height=\"682\" \/><figcaption id=\"caption-attachment-106984\" class=\"wp-caption-text\">Foto: Vanderley Soares<\/figcaption><\/figure>\n<p>Pela Pro, a R9 tem Felipe Giaffone e Beto Monteiro no top-5 do campeonato. O atual tetracampe\u00e3o \u00e9 o terceiro colocado na tabela de pontos, com 108, enquanto o pernambucano ocupa o quarto lugar na classifica\u00e7\u00e3o, somando 101 pontos. A dupla busca se aproximar dos l\u00edderes do campeonato em uma etapa da qual Beto venceu uma corrida e Felipe obteve tr\u00eas p\u00f3dios em quatro provas.<\/p>\n<p>Na Elite, Nic Giaffone assumiu a lideran\u00e7a do campeonato ao vencer uma das provas da \u00faltima etapa, em Cuiab\u00e1 (MT). Com o quinto triunfo no ano, o piloto chegou aos 140 pontos, contra 132 do segundo colocado, Ricardo Alvarez, tamb\u00e9m piloto da R9 Competi\u00e7\u00f5es. Al\u00e9m disso, Felipe Gama, que estreou na capital de Mato Grosso, vem de um p\u00f3dio com o segundo lugar.<\/p>\n<p>\u201cA equipe parte para Londrina em boas condi\u00e7\u00f5es nos dois campeonatos. Nossos pilotos na Elite v\u00eam em um momento muito bom, acumulando vit\u00f3rias e com o Nic e o Ricardo na ponta da tabela. Na Pro, todos da equipe trabalharam duro para dar chances de nossos pilotos seguirem com chances de t\u00edtulo\u201d, disse Renato Martins, chefe da equipe R9 Competi\u00e7\u00f5es.<\/p>\n<p>A programa\u00e7\u00e3o da Copa Truck em Londrina ser\u00e1 aberta nesta sexta-feira com a realiza\u00e7\u00e3o de dois treinos livres. O s\u00e1bado contar\u00e1 com mais um ensaio e a classifica\u00e7\u00e3o, marcada para 12h20. O domingo \u00e9 reservado para as duas corridas, que ser\u00e3o disputadas a partir de 12h10. Band, N Sports e YouTube mostram as provas.<\/p>\n","protected":false},"excerpt":{"rendered":"<p>A temporada 2026 da Copa Truck tem prosseguimento neste final de semana, quando ser\u00e1 realizada a sexta etapa do campeonato, marcada para o Aut\u00f3dromo Internacional <a class=\"read-more\" href=\"https:\/\/blogs.gazetaesportiva.com\/automobilismo\/2026\/08\/17\/r9-competicoes-parte-para-londrina-em-busca-de-novas-vitorias-na-copa-truck\/\">leia mais<\/a><\/p>\n","protected":false},"author":75,"featured_media":0,"comment_status":"open","ping_status":"open","sticky":false,"template":"","format":"standard","meta":{"jetpack_post_was_ever_published":false,"_jetpack_newsletter_access":"","_jetpack_dont_email_post_to_subs":false,"_jetpack_newsletter_tier_id":0,"_jetpack_memberships_contains_paywalled_content":false,"_jetpack_memberships_contains_paid_content":false,"footnotes":"","jetpack_publicize_message":"","jetpack_publicize_feature_enabled":true,"jetpack_social_post_already_shared":false,"jetpack_social_options":{"image_generator_settings":{"template":"highway","default_image_id":0,"font":"","enabled":false},"version":2}},"categories":[1],"tags":[],"class_list":["post-4087","post","type-post","status-publish","format-standard","hentry","category-sem-categoria"],"jetpack_publicize_connections":[],"jetpack_featured_media_url":"","jetpack_sharing_enabled":true,"jetpack_shortlink":"https:\/\/wp.me\/pblv91-13V","_links":{"self":[{"href":"https:\/\/blogs.gazetaesportiva.com\/automobilismo\/wp-json\/wp\/v2\/posts\/4087","targetHints":{"allow":["GET"]}}],"collection":[{"href":"https:\/\/blogs.gazetaesportiva.com\/automobilismo\/wp-json\/wp\/v2\/posts"}],"about":[{"href":"https:\/\/blogs.gazetaesportiva.com\/automobilismo\/wp-json\/wp\/v2\/types\/post"}],"author":[{"embeddable":true,"href":"https:\/\/blogs.gazetaesportiva.com\/automobilismo\/wp-json\/wp\/v2\/users\/75"}],"replies":[{"embeddable":true,"href":"https:\/\/blogs.gazetaesportiva.com\/automobilismo\/wp-json\/wp\/v2\/comments?post=4087"}],"version-history":[{"count":0,"href":"https:\/\/blogs.gazetaesportiva.com\/automobilismo\/wp-json\/wp\/v2\/posts\/4087\/revisions"}],"wp:attachment":[{"href":"https:\/\/blogs.gazetaesportiva.com\/automobilismo\/wp-json\/wp\/v2\/media?parent=4087"}],"wp:term":[{"taxonomy":"category","embeddable":true,"href":"https:\/\/blogs.gazetaesportiva.com\/automobilismo\/wp-json\/wp\/v2\/categories?post=4087"},{"taxonomy":"post_tag","embeddable":true,"href":"https:\/\/blogs.gazetaesportiva.com\/automobilismo\/wp-json\/wp\/v2\/tags?post=4087"}],"curies":[{"name":"wp","href":"https:\/\/api.w.org\/{rel}","templated":true}]}}