{"id":4069,"date":"2026-08-09T17:26:53","date_gmt":"2026-08-09T17:26:53","guid":{"rendered":"https:\/\/blogs.gazetaesportiva.com\/automobilismo\/?p=4069"},"modified":"2026-08-09T17:26:53","modified_gmt":"2026-08-09T17:26:53","slug":"melhor-chevrolet-em-santa-cruz-do-sul-gabriel-casagrande-retoma-vice-lideranca-da-stock-car","status":"publish","type":"post","link":"https:\/\/blogs.gazetaesportiva.com\/automobilismo\/2026\/08\/09\/melhor-chevrolet-em-santa-cruz-do-sul-gabriel-casagrande-retoma-vice-lideranca-da-stock-car\/","title":{"rendered":"Melhor Chevrolet em Santa Cruz do Sul, Gabriel Casagrande retoma vice-lideran\u00e7a da Stock Car"},"content":{"rendered":"<p>A etapa de Santa Cruz do Sul (RS) recolocou Gabriel Casagrande na vice-lideran\u00e7a do campeonato da Stock Car. O piloto que defende a equipe AMattheis Vogel completou a disputa da corrida principal do final de semana no interior ga\u00facho com a sexta coloca\u00e7\u00e3o, resultado que, aliado ao d\u00e9cimo posto da Sprint de s\u00e1bado, o fez ganhar duas posi\u00e7\u00f5es na tabela de classifica\u00e7\u00e3o.<\/p>\n<figure id=\"attachment_106884\" aria-describedby=\"caption-attachment-106884\" style=\"width: 1024px\" class=\"wp-caption alignnone\"><img loading=\"lazy\" decoding=\"async\" src=\"https:\/\/racingonline.com.br\/wp-content\/uploads\/2026\/08\/RHD12325-1024x683.jpg\" alt=\"Gabriel Casagrande\" width=\"1024\" height=\"683\" class=\"size-large wp-image-106884\" \/><figcaption id=\"caption-attachment-106884\" class=\"wp-caption-text\">Foto: Rodrigo Guimar\u00e3es<\/figcaption><\/figure>\n<p>Casagrande largou da quinta posi\u00e7\u00e3o e se manteve no grupo dos l\u00edderes na maior parte do tempo. Primeiro entre os ponteiros a fazer a parada obrigat\u00f3ria nos boxes, o piloto do carro n\u00famero 83 ganhou posi\u00e7\u00f5es, e fechou a corrida em quinto. Um acr\u00e9scimo de cinco segundos o fez terminar em sexto no resultado final da prova.<\/p>\n<p>\u201cA gente fez o que pode na corrida. Com uma sequ\u00eancia de voltas, nossos pneus acabam mais cedo. Tentamos uma estrat\u00e9gia diferente hoje e at\u00e9 ganhamos uma posi\u00e7\u00e3o nos boxes, e fiquei pr\u00f3ximo de ganhar outra. Mas os concorrentes de Mitsubishi e Toyota estavam muito r\u00e1pidos\u201d, disse Casagrande, logo ap\u00f3s o encerramento da corrida.<\/p>\n<p>\u201cFomos o melhor Chevrolet da pista e estou satisfeito com isso. Tive uma puni\u00e7\u00e3o que, eu n\u00e3o concordo, mas j\u00e1 conversei com o (Arthur) Leist. Mas seguimos em frente e vamos sempre tentar fazer o nosso melhor\u201d, completou Gabriel Casagrande, que tem os patroc\u00ednios de Baterias J\u00fapiter, Axalta, Cresol, OnPetro, STP, RP Info, UFI Filters e Aeropark Cambori\u00fa.<\/p>\n<p>A pr\u00f3xima etapa da Stock Car est\u00e1 marcada para os dias 4, 5 e 6 de setembro, no Circuito dos Cristais, em Curvelo (MG).<\/p>\n","protected":false},"excerpt":{"rendered":"<p>A etapa de Santa Cruz do Sul (RS) recolocou Gabriel Casagrande na vice-lideran\u00e7a do campeonato da Stock Car. O piloto que defende a equipe AMattheis <a class=\"read-more\" href=\"https:\/\/blogs.gazetaesportiva.com\/automobilismo\/2026\/08\/09\/melhor-chevrolet-em-santa-cruz-do-sul-gabriel-casagrande-retoma-vice-lideranca-da-stock-car\/\">leia mais<\/a><\/p>\n","protected":false},"author":75,"featured_media":0,"comment_status":"open","ping_status":"open","sticky":false,"template":"","format":"standard","meta":{"jetpack_post_was_ever_published":false,"_jetpack_newsletter_access":"","_jetpack_dont_email_post_to_subs":false,"_jetpack_newsletter_tier_id":0,"_jetpack_memberships_contains_paywalled_content":false,"_jetpack_memberships_contains_paid_content":false,"footnotes":"","jetpack_publicize_message":"","jetpack_publicize_feature_enabled":true,"jetpack_social_post_already_shared":false,"jetpack_social_options":{"image_generator_settings":{"template":"highway","default_image_id":0,"font":"","enabled":false},"version":2}},"categories":[1],"tags":[],"class_list":["post-4069","post","type-post","status-publish","format-standard","hentry","category-sem-categoria"],"jetpack_publicize_connections":[],"jetpack_featured_media_url":"","jetpack_sharing_enabled":true,"jetpack_shortlink":"https:\/\/wp.me\/pblv91-13D","_links":{"self":[{"href":"https:\/\/blogs.gazetaesportiva.com\/automobilismo\/wp-json\/wp\/v2\/posts\/4069","targetHints":{"allow":["GET"]}}],"collection":[{"href":"https:\/\/blogs.gazetaesportiva.com\/automobilismo\/wp-json\/wp\/v2\/posts"}],"about":[{"href":"https:\/\/blogs.gazetaesportiva.com\/automobilismo\/wp-json\/wp\/v2\/types\/post"}],"author":[{"embeddable":true,"href":"https:\/\/blogs.gazetaesportiva.com\/automobilismo\/wp-json\/wp\/v2\/users\/75"}],"replies":[{"embeddable":true,"href":"https:\/\/blogs.gazetaesportiva.com\/automobilismo\/wp-json\/wp\/v2\/comments?post=4069"}],"version-history":[{"count":0,"href":"https:\/\/blogs.gazetaesportiva.com\/automobilismo\/wp-json\/wp\/v2\/posts\/4069\/revisions"}],"wp:attachment":[{"href":"https:\/\/blogs.gazetaesportiva.com\/automobilismo\/wp-json\/wp\/v2\/media?parent=4069"}],"wp:term":[{"taxonomy":"category","embeddable":true,"href":"https:\/\/blogs.gazetaesportiva.com\/automobilismo\/wp-json\/wp\/v2\/categories?post=4069"},{"taxonomy":"post_tag","embeddable":true,"href":"https:\/\/blogs.gazetaesportiva.com\/automobilismo\/wp-json\/wp\/v2\/tags?post=4069"}],"curies":[{"name":"wp","href":"https:\/\/api.w.org\/{rel}","templated":true}]}}