{"id":4056,"date":"2026-08-07T22:08:29","date_gmt":"2026-08-07T22:08:29","guid":{"rendered":"https:\/\/blogs.gazetaesportiva.com\/automobilismo\/?p=4056"},"modified":"2026-08-07T22:08:29","modified_gmt":"2026-08-07T22:08:29","slug":"leo-reis-coloca-car-racing-no-top-10-de-treino-de-sexta-feira-da-stock-car-em-santa-cruz-do-sul","status":"publish","type":"post","link":"https:\/\/blogs.gazetaesportiva.com\/automobilismo\/2026\/08\/07\/leo-reis-coloca-car-racing-no-top-10-de-treino-de-sexta-feira-da-stock-car-em-santa-cruz-do-sul\/","title":{"rendered":"L\u00e9o Reis coloca CAR Racing no top-10 de treino de sexta-feira da Stock Car em Santa Cruz do Sul"},"content":{"rendered":"<p>A Bradesco Stock Car Pro Series iniciou nesta sexta-feira (7) as atividades para a s\u00e9tima etapa da temporada 2026, marcada para o Aut\u00f3dromo Internacional de Santa Cruz do Sul. Ap\u00f3s um ciclone passar pelo circuito ga\u00facho, o dia contou apenas com uma atividade de pista, j\u00e1 no final da tarde, e a CAR Racing viu L\u00e9o Reis ficar com a nona posi\u00e7\u00e3o do dia.<\/p>\n<figure id=\"attachment_3966\" aria-describedby=\"caption-attachment-3966\" style=\"width: 640px\" class=\"wp-caption alignnone\"><img loading=\"lazy\" decoding=\"async\" class=\"size-large wp-image-3966\" src=\"https:\/\/blogs.gazetaesportiva.com\/automobilismo\/files\/2026\/07\/20260724_0857_882_Stock6_Velocitta_RodrigoRuiz_01361_1-1024x683.jpg\" alt=\"L\u00e9o Reis\" width=\"640\" height=\"427\" srcset=\"https:\/\/blogs.gazetaesportiva.com\/automobilismo\/files\/2026\/07\/20260724_0857_882_Stock6_Velocitta_RodrigoRuiz_01361_1-1024x683.jpg 1024w, https:\/\/blogs.gazetaesportiva.com\/automobilismo\/files\/2026\/07\/20260724_0857_882_Stock6_Velocitta_RodrigoRuiz_01361_1-300x200.jpg 300w, https:\/\/blogs.gazetaesportiva.com\/automobilismo\/files\/2026\/07\/20260724_0857_882_Stock6_Velocitta_RodrigoRuiz_01361_1-768x512.jpg 768w, https:\/\/blogs.gazetaesportiva.com\/automobilismo\/files\/2026\/07\/20260724_0857_882_Stock6_Velocitta_RodrigoRuiz_01361_1-1536x1025.jpg 1536w, https:\/\/blogs.gazetaesportiva.com\/automobilismo\/files\/2026\/07\/20260724_0857_882_Stock6_Velocitta_RodrigoRuiz_01361_1.jpg 2000w\" sizes=\"auto, (max-width: 640px) 100vw, 640px\" \/><figcaption id=\"caption-attachment-3966\" class=\"wp-caption-text\">Foto: Rodrigo Aguiar Ruiz\/RR Media<\/figcaption><\/figure>\n<p>A programa\u00e7\u00e3o do dia, inicialmente, contaria com um shakedown e dois treinos livres, mas um ciclone atingiu o interior ga\u00facho no final da tarde de quinta-feira, danificando estruturas do aut\u00f3dromo. Ap\u00f3s reparos feitos ao longo desta sexta-feira, os carros puderam ir para a pista para o primeiro contato com o circuito. L\u00e9o garantiu um top-10, enquanto Rafael Reis busca evolu\u00e7\u00e3o.<\/p>\n<p>\u201cPrimeiramente gostaria de parabenizar a categoria por ter feito um grande esfor\u00e7o para n\u00f3s termos esse shakedown ainda hoje. O L\u00e9o come\u00e7ou no top-10, j\u00e1 iniciou de maneira positiva e estamos buscando encontrar tamb\u00e9m um bom setup para o Rafa. A atividade amanh\u00e3 antes da classifica\u00e7\u00e3o ser\u00e1 importante para buscarmos o melhor acerto para os carros\u201d, disse Leandro Reis, chefe da CAR Racing.<\/p>\n<p>A nova programa\u00e7\u00e3o da Stock Car para a s\u00e9tima etapa do campeonato prev\u00ea a realiza\u00e7\u00e3o de um \u00fanico treino livre \u00e0s 8h, enquanto a classifica\u00e7\u00e3o est\u00e1 marcada para 11h30. A Sprint tem largada \u00e0s 15h10. A corrida principal do final de semana est\u00e1 marcada para 12h10 deste domingo. Band, BandSports e YouTube transmitem as corridas.<\/p>\n","protected":false},"excerpt":{"rendered":"<p>A Bradesco Stock Car Pro Series iniciou nesta sexta-feira (7) as atividades para a s\u00e9tima etapa da temporada 2026, marcada para o Aut\u00f3dromo Internacional de <a class=\"read-more\" href=\"https:\/\/blogs.gazetaesportiva.com\/automobilismo\/2026\/08\/07\/leo-reis-coloca-car-racing-no-top-10-de-treino-de-sexta-feira-da-stock-car-em-santa-cruz-do-sul\/\">leia mais<\/a><\/p>\n","protected":false},"author":75,"featured_media":3966,"comment_status":"open","ping_status":"open","sticky":false,"template":"","format":"standard","meta":{"jetpack_post_was_ever_published":false,"_jetpack_newsletter_access":"","_jetpack_dont_email_post_to_subs":false,"_jetpack_newsletter_tier_id":0,"_jetpack_memberships_contains_paywalled_content":false,"_jetpack_memberships_contains_paid_content":false,"footnotes":"","jetpack_publicize_message":"","jetpack_publicize_feature_enabled":true,"jetpack_social_post_already_shared":false,"jetpack_social_options":{"image_generator_settings":{"template":"highway","default_image_id":0,"font":"","enabled":false},"version":2}},"categories":[1],"tags":[],"class_list":["post-4056","post","type-post","status-publish","format-standard","has-post-thumbnail","hentry","category-sem-categoria"],"jetpack_publicize_connections":[],"jetpack_featured_media_url":"https:\/\/blogs.gazetaesportiva.com\/automobilismo\/files\/2026\/07\/20260724_0857_882_Stock6_Velocitta_RodrigoRuiz_01361_1.jpg","jetpack_sharing_enabled":true,"jetpack_shortlink":"https:\/\/wp.me\/pblv91-13q","_links":{"self":[{"href":"https:\/\/blogs.gazetaesportiva.com\/automobilismo\/wp-json\/wp\/v2\/posts\/4056","targetHints":{"allow":["GET"]}}],"collection":[{"href":"https:\/\/blogs.gazetaesportiva.com\/automobilismo\/wp-json\/wp\/v2\/posts"}],"about":[{"href":"https:\/\/blogs.gazetaesportiva.com\/automobilismo\/wp-json\/wp\/v2\/types\/post"}],"author":[{"embeddable":true,"href":"https:\/\/blogs.gazetaesportiva.com\/automobilismo\/wp-json\/wp\/v2\/users\/75"}],"replies":[{"embeddable":true,"href":"https:\/\/blogs.gazetaesportiva.com\/automobilismo\/wp-json\/wp\/v2\/comments?post=4056"}],"version-history":[{"count":0,"href":"https:\/\/blogs.gazetaesportiva.com\/automobilismo\/wp-json\/wp\/v2\/posts\/4056\/revisions"}],"wp:featuredmedia":[{"embeddable":true,"href":"https:\/\/blogs.gazetaesportiva.com\/automobilismo\/wp-json\/wp\/v2\/media\/3966"}],"wp:attachment":[{"href":"https:\/\/blogs.gazetaesportiva.com\/automobilismo\/wp-json\/wp\/v2\/media?parent=4056"}],"wp:term":[{"taxonomy":"category","embeddable":true,"href":"https:\/\/blogs.gazetaesportiva.com\/automobilismo\/wp-json\/wp\/v2\/categories?post=4056"},{"taxonomy":"post_tag","embeddable":true,"href":"https:\/\/blogs.gazetaesportiva.com\/automobilismo\/wp-json\/wp\/v2\/tags?post=4056"}],"curies":[{"name":"wp","href":"https:\/\/api.w.org\/{rel}","templated":true}]}}