{"id":4041,"date":"2026-08-02T14:55:12","date_gmt":"2026-08-02T14:55:12","guid":{"rendered":"https:\/\/blogs.gazetaesportiva.com\/automobilismo\/?p=4041"},"modified":"2026-08-02T14:55:12","modified_gmt":"2026-08-02T14:55:12","slug":"nascar-brasil-tito-giaffone-destaca-aprendizado-apos-correr-pela-primeira-vez-em-cuiaba","status":"publish","type":"post","link":"https:\/\/blogs.gazetaesportiva.com\/automobilismo\/2026\/08\/02\/nascar-brasil-tito-giaffone-destaca-aprendizado-apos-correr-pela-primeira-vez-em-cuiaba\/","title":{"rendered":"NASCAR Brasil: Tito Giaffone destaca aprendizado ap\u00f3s correr pela primeira vez em Cuiab\u00e1"},"content":{"rendered":"<p>Piloto da Full Time Sports na NASCAR Brasil, Tito Giaffone teve uma quinta etapa de campeonato desafiadora em Cuiab\u00e1 (MT). O dono do carro n\u00famero 15 conquistou uma sexta posi\u00e7\u00e3o entre os competidores da categoria Challenge no est\u00e1gio final da prova realizada na noite de s\u00e1bado (1) no anel externo do Aut\u00f3dromo Internacional de Mato Grosso, depois de se recuperar de um incidente na primeira fase da disputa.<\/p>\n<figure id=\"attachment_4025\" aria-describedby=\"caption-attachment-4025\" style=\"width: 640px\" class=\"wp-caption alignnone\"><img loading=\"lazy\" decoding=\"async\" src=\"https:\/\/blogs.gazetaesportiva.com\/automobilismo\/files\/2026\/07\/467168_1208511_466213_1205129_whatsapp_image_2026_05_31_at_16.04.47-1024x682.jpeg\" alt=\"Tito Giaffone\" width=\"640\" height=\"426\" class=\"size-large wp-image-4025\" srcset=\"https:\/\/blogs.gazetaesportiva.com\/automobilismo\/files\/2026\/07\/467168_1208511_466213_1205129_whatsapp_image_2026_05_31_at_16.04.47-1024x682.jpeg 1024w, https:\/\/blogs.gazetaesportiva.com\/automobilismo\/files\/2026\/07\/467168_1208511_466213_1205129_whatsapp_image_2026_05_31_at_16.04.47-300x200.jpeg 300w, https:\/\/blogs.gazetaesportiva.com\/automobilismo\/files\/2026\/07\/467168_1208511_466213_1205129_whatsapp_image_2026_05_31_at_16.04.47-768x512.jpeg 768w, https:\/\/blogs.gazetaesportiva.com\/automobilismo\/files\/2026\/07\/467168_1208511_466213_1205129_whatsapp_image_2026_05_31_at_16.04.47.jpeg 1280w\" sizes=\"auto, (max-width: 640px) 100vw, 640px\" \/><figcaption id=\"caption-attachment-4025\" class=\"wp-caption-text\">Foto: Vanderley Soares<\/figcaption><\/figure>\n<p>Logo no in\u00edcio da prova, Tito escapou da pista e ficou na brita. Ap\u00f3s conseguir retornar ao tra\u00e7ado, o piloto conquistou o nono lugar em sua categoria no segmento inicial na capital mato-grossense. Na parte final, piloto que faz seu segundo ano na NASCAR Brasil mostrou bom ritmo e cruzou a linha de chegada na sexta posi\u00e7\u00e3o da Challenge, e em 11\u00ba lugar geral;<\/p>\n<p>\u201cNo geral, foi uma etapa boa de aprendizado. Tem muita coisa para a gente estudar para buscar evoluir para as pr\u00f3ximas etapas, come\u00e7ando por Londrina. Cuiab\u00e1 foi desafiadora para a gente. No primeiro est\u00e1gio, me envolvi em um acidente, rodei, mas consegui voltar para a corrida. Tinha muita brita no carro e, por conta disso, n\u00e3o conseguia andar em um ritmo legal. No est\u00e1gio final, sim, eu tinha um bom ritmo e terminei em sexto na Challenge\u201d, disse Tito Giaffone.<\/p>\n<p>Com os resultados em Cuiab\u00e1, Tito Giaffone aparece na quarta posi\u00e7\u00e3o do campeonato da categoria Challenge, somando 113 pontos, com uma campanha que conta com uma vit\u00f3ria, em Interlagos, tr\u00eas p\u00f3dios e cinco chegadas entre os cinco primeiros, al\u00e9m de oito top-10.<\/p>\n<p>A NASCAR Brasil d\u00e1 sequ\u00eancia \u00e0 temporada 2026 nos dias 22 e 23 de agosto, quando visita o Aut\u00f3dromo Internacional Ayrton Senna, em Londrina (PR), para a sexta etapa do ano, e a pen\u00faltima antes do in\u00edcio dos playoffs que definir\u00e3o o t\u00edtulo.<\/p>\n","protected":false},"excerpt":{"rendered":"<p>Piloto da Full Time Sports na NASCAR Brasil, Tito Giaffone teve uma quinta etapa de campeonato desafiadora em Cuiab\u00e1 (MT). O dono do carro n\u00famero <a class=\"read-more\" href=\"https:\/\/blogs.gazetaesportiva.com\/automobilismo\/2026\/08\/02\/nascar-brasil-tito-giaffone-destaca-aprendizado-apos-correr-pela-primeira-vez-em-cuiaba\/\">leia mais<\/a><\/p>\n","protected":false},"author":75,"featured_media":0,"comment_status":"open","ping_status":"open","sticky":false,"template":"","format":"standard","meta":{"jetpack_post_was_ever_published":false,"_jetpack_newsletter_access":"","_jetpack_dont_email_post_to_subs":false,"_jetpack_newsletter_tier_id":0,"_jetpack_memberships_contains_paywalled_content":false,"_jetpack_memberships_contains_paid_content":false,"footnotes":"","jetpack_publicize_message":"","jetpack_publicize_feature_enabled":true,"jetpack_social_post_already_shared":false,"jetpack_social_options":{"image_generator_settings":{"template":"highway","default_image_id":0,"font":"","enabled":false},"version":2}},"categories":[1],"tags":[],"class_list":["post-4041","post","type-post","status-publish","format-standard","hentry","category-sem-categoria"],"jetpack_publicize_connections":[],"jetpack_featured_media_url":"","jetpack_sharing_enabled":true,"jetpack_shortlink":"https:\/\/wp.me\/pblv91-13b","_links":{"self":[{"href":"https:\/\/blogs.gazetaesportiva.com\/automobilismo\/wp-json\/wp\/v2\/posts\/4041","targetHints":{"allow":["GET"]}}],"collection":[{"href":"https:\/\/blogs.gazetaesportiva.com\/automobilismo\/wp-json\/wp\/v2\/posts"}],"about":[{"href":"https:\/\/blogs.gazetaesportiva.com\/automobilismo\/wp-json\/wp\/v2\/types\/post"}],"author":[{"embeddable":true,"href":"https:\/\/blogs.gazetaesportiva.com\/automobilismo\/wp-json\/wp\/v2\/users\/75"}],"replies":[{"embeddable":true,"href":"https:\/\/blogs.gazetaesportiva.com\/automobilismo\/wp-json\/wp\/v2\/comments?post=4041"}],"version-history":[{"count":0,"href":"https:\/\/blogs.gazetaesportiva.com\/automobilismo\/wp-json\/wp\/v2\/posts\/4041\/revisions"}],"wp:attachment":[{"href":"https:\/\/blogs.gazetaesportiva.com\/automobilismo\/wp-json\/wp\/v2\/media?parent=4041"}],"wp:term":[{"taxonomy":"category","embeddable":true,"href":"https:\/\/blogs.gazetaesportiva.com\/automobilismo\/wp-json\/wp\/v2\/categories?post=4041"},{"taxonomy":"post_tag","embeddable":true,"href":"https:\/\/blogs.gazetaesportiva.com\/automobilismo\/wp-json\/wp\/v2\/tags?post=4041"}],"curies":[{"name":"wp","href":"https:\/\/api.w.org\/{rel}","templated":true}]}}