{"id":4035,"date":"2026-08-01T14:15:15","date_gmt":"2026-08-01T14:15:15","guid":{"rendered":"https:\/\/blogs.gazetaesportiva.com\/automobilismo\/?p=4035"},"modified":"2026-08-01T14:15:15","modified_gmt":"2026-08-01T14:15:15","slug":"nascar-brasil-caca-bueno-conquista-segundo-lugar-na-sprint-race-e-larga-da-primeira-fila-em-cuiaba","status":"publish","type":"post","link":"https:\/\/blogs.gazetaesportiva.com\/automobilismo\/2026\/08\/01\/nascar-brasil-caca-bueno-conquista-segundo-lugar-na-sprint-race-e-larga-da-primeira-fila-em-cuiaba\/","title":{"rendered":"NASCAR Brasil: Cac\u00e1 Bueno conquista segundo lugar na Sprint Race e larga da primeira fila em Cuiab\u00e1"},"content":{"rendered":"<p>Piloto que defende o Team RC na NASCAR Brasil, Cac\u00e1 Bueno conquistou o segundo lugar na Sprint Race que definiu o grid de largada para as corridas da quinta etapa da temporada 2026 na noite dessa sexta-feira (31). Desta forma, o dono do carro n\u00famero 0 larga da primeira fila na prova marcada para o anel externo do Aut\u00f3dromo Internacional de Mato Grosso, em Cuiab\u00e1 (MT).<\/p>\n<figure id=\"attachment_3427\" aria-describedby=\"caption-attachment-3427\" style=\"width: 640px\" class=\"wp-caption alignnone\"><img loading=\"lazy\" decoding=\"async\" src=\"https:\/\/blogs.gazetaesportiva.com\/automobilismo\/files\/2026\/04\/464248_1198062_whatsapp_image_2026_04_12_at_09.40.52-1024x701.jpeg\" alt=\"Cac\u00e1 Bueno\" width=\"640\" height=\"438\" class=\"size-large wp-image-3427\" srcset=\"https:\/\/blogs.gazetaesportiva.com\/automobilismo\/files\/2026\/04\/464248_1198062_whatsapp_image_2026_04_12_at_09.40.52-1024x701.jpeg 1024w, https:\/\/blogs.gazetaesportiva.com\/automobilismo\/files\/2026\/04\/464248_1198062_whatsapp_image_2026_04_12_at_09.40.52-300x205.jpeg 300w, https:\/\/blogs.gazetaesportiva.com\/automobilismo\/files\/2026\/04\/464248_1198062_whatsapp_image_2026_04_12_at_09.40.52-768x526.jpeg 768w, https:\/\/blogs.gazetaesportiva.com\/automobilismo\/files\/2026\/04\/464248_1198062_whatsapp_image_2026_04_12_at_09.40.52-1536x1051.jpeg 1536w, https:\/\/blogs.gazetaesportiva.com\/automobilismo\/files\/2026\/04\/464248_1198062_whatsapp_image_2026_04_12_at_09.40.52-2048x1402.jpeg 2048w\" sizes=\"auto, (max-width: 640px) 100vw, 640px\" \/><figcaption id=\"caption-attachment-3427\" class=\"wp-caption-text\">Foto: Luciano Santos<\/figcaption><\/figure>\n<p>O dono do carro n\u00famero 0 mostrou for\u00e7a na primeira fase da classifica\u00e7\u00e3o, quando anotou o segundo melhor tempo entre os 24 pilotos, se garantindo no grid da Sprint Race. Na prova, realizada pouco depois e com cinco voltas de dura\u00e7\u00e3o, Cac\u00e1 esteve pr\u00f3ximo do l\u00edder o tempo todo, e garantiu a segunda posi\u00e7\u00e3o que o coloca na primeira fila para a etapa deste s\u00e1bado.<\/p>\n<p>\u201cEstou feliz, pois o dia parecia ser mais tenso ap\u00f3s os treinos. Fui 14\u00ba no treino de ontem e oitavo no treino livre de mais cedo. O carro estava muito traseiro, e a gente conseguiu melhorar para a classifica\u00e7\u00e3o. A equipe me deu um carro melhor, tanto que, de cara para o vento, eu virei mais r\u00e1pido do que nos treinos. E estou feliz comigo mesmo, pois fiz uma volta que dei tudo o que podia e n\u00e3o sobrou nada. Foi uma volta perfeita\u201d, disse Cac\u00e1 Bueno, que tem os patroc\u00ednios de Betnacional, Capital Concreto, PicPay, ACDelco, SpeedMax Pneus, Pneu Store, Milwaukee, Turbi e Chevrolet.<\/p>\n<p>\u201cPensei que seria uma volta para a pole, e mesmo assim n\u00e3o conseguimos por estar muito traseiro. A equipe sofreu para encontrar esse equil\u00edbrio, mas fui segundo. Na corrida, em alguns momentos, eu pude tentar algo para tomar a lideran\u00e7a, mas o (Alfredinho) Ibiapina estava muito firme. E terminar em segundo um dia que parecia complicado me deixa feliz. Mas temos que melhorar a traseira do carro para a corrida\u201d, completou Cac\u00e1.<\/p>\n<p>Ap\u00f3s a Sprint Race, a NASCAR Brasil realiza a etapa de Cuiab\u00e1 neste s\u00e1bado (1), com largada a partir das 18h, pelo hor\u00e1rio de Bras\u00edlia. ESPN, Disney+ e YouTube transmitem a prova ao vivo.<\/p>\n","protected":false},"excerpt":{"rendered":"<p>Piloto que defende o Team RC na NASCAR Brasil, Cac\u00e1 Bueno conquistou o segundo lugar na Sprint Race que definiu o grid de largada para <a class=\"read-more\" href=\"https:\/\/blogs.gazetaesportiva.com\/automobilismo\/2026\/08\/01\/nascar-brasil-caca-bueno-conquista-segundo-lugar-na-sprint-race-e-larga-da-primeira-fila-em-cuiaba\/\">leia mais<\/a><\/p>\n","protected":false},"author":75,"featured_media":0,"comment_status":"open","ping_status":"open","sticky":false,"template":"","format":"standard","meta":{"jetpack_post_was_ever_published":false,"_jetpack_newsletter_access":"","_jetpack_dont_email_post_to_subs":false,"_jetpack_newsletter_tier_id":0,"_jetpack_memberships_contains_paywalled_content":false,"_jetpack_memberships_contains_paid_content":false,"footnotes":"","jetpack_publicize_message":"","jetpack_publicize_feature_enabled":true,"jetpack_social_post_already_shared":false,"jetpack_social_options":{"image_generator_settings":{"template":"highway","default_image_id":0,"font":"","enabled":false},"version":2}},"categories":[1],"tags":[],"class_list":["post-4035","post","type-post","status-publish","format-standard","hentry","category-sem-categoria"],"jetpack_publicize_connections":[],"jetpack_featured_media_url":"","jetpack_sharing_enabled":true,"jetpack_shortlink":"https:\/\/wp.me\/pblv91-135","_links":{"self":[{"href":"https:\/\/blogs.gazetaesportiva.com\/automobilismo\/wp-json\/wp\/v2\/posts\/4035","targetHints":{"allow":["GET"]}}],"collection":[{"href":"https:\/\/blogs.gazetaesportiva.com\/automobilismo\/wp-json\/wp\/v2\/posts"}],"about":[{"href":"https:\/\/blogs.gazetaesportiva.com\/automobilismo\/wp-json\/wp\/v2\/types\/post"}],"author":[{"embeddable":true,"href":"https:\/\/blogs.gazetaesportiva.com\/automobilismo\/wp-json\/wp\/v2\/users\/75"}],"replies":[{"embeddable":true,"href":"https:\/\/blogs.gazetaesportiva.com\/automobilismo\/wp-json\/wp\/v2\/comments?post=4035"}],"version-history":[{"count":0,"href":"https:\/\/blogs.gazetaesportiva.com\/automobilismo\/wp-json\/wp\/v2\/posts\/4035\/revisions"}],"wp:attachment":[{"href":"https:\/\/blogs.gazetaesportiva.com\/automobilismo\/wp-json\/wp\/v2\/media?parent=4035"}],"wp:term":[{"taxonomy":"category","embeddable":true,"href":"https:\/\/blogs.gazetaesportiva.com\/automobilismo\/wp-json\/wp\/v2\/categories?post=4035"},{"taxonomy":"post_tag","embeddable":true,"href":"https:\/\/blogs.gazetaesportiva.com\/automobilismo\/wp-json\/wp\/v2\/tags?post=4035"}],"curies":[{"name":"wp","href":"https:\/\/api.w.org\/{rel}","templated":true}]}}