{"id":4018,"date":"2026-07-28T21:37:12","date_gmt":"2026-07-28T21:37:12","guid":{"rendered":"https:\/\/blogs.gazetaesportiva.com\/automobilismo\/?p=4018"},"modified":"2026-07-28T21:37:12","modified_gmt":"2026-07-28T21:37:12","slug":"vice-lider-rookie-heitor-dallagnol-acelera-em-monza-na-eurocup-3-embalado-por-podios","status":"publish","type":"post","link":"https:\/\/blogs.gazetaesportiva.com\/automobilismo\/2026\/07\/28\/vice-lider-rookie-heitor-dallagnol-acelera-em-monza-na-eurocup-3-embalado-por-podios\/","title":{"rendered":"Vice-l\u00edder rookie, Heitor Dallagnol acelera em Monza na Eurocup-3 embalado por p\u00f3dios"},"content":{"rendered":"<figure id=\"attachment_4019\" aria-describedby=\"caption-attachment-4019\" style=\"width: 640px\" class=\"wp-caption alignnone\"><img loading=\"lazy\" decoding=\"async\" class=\"size-large wp-image-4019\" src=\"https:\/\/blogs.gazetaesportiva.com\/automobilismo\/files\/2026\/07\/Heitor-Eurocup3-1-1024x683.jpg\" alt=\"\" width=\"640\" height=\"427\" srcset=\"https:\/\/blogs.gazetaesportiva.com\/automobilismo\/files\/2026\/07\/Heitor-Eurocup3-1-1024x683.jpg 1024w, https:\/\/blogs.gazetaesportiva.com\/automobilismo\/files\/2026\/07\/Heitor-Eurocup3-1-300x200.jpg 300w, https:\/\/blogs.gazetaesportiva.com\/automobilismo\/files\/2026\/07\/Heitor-Eurocup3-1-768x512.jpg 768w, https:\/\/blogs.gazetaesportiva.com\/automobilismo\/files\/2026\/07\/Heitor-Eurocup3-1.jpg 1200w\" sizes=\"auto, (max-width: 640px) 100vw, 640px\" \/><figcaption id=\"caption-attachment-4019\" class=\"wp-caption-text\">Heitor Dallagnol &#8211; Foto: Divulga\u00e7\u00e3o<\/figcaption><\/figure>\n<p style=\"text-align: justify;\">O brasileiro Heitor Dallagnol encara mais uma rodada dupla da Eurocup-3 neste final de semana no Aut\u00f3dromo de Monza, na It\u00e1lia, palco da quarta etapa da temporada. O piloto da equipe Palou Motorsport \u00e9 o atual vice-l\u00edder entre os rookies e quarto colocado geral no campeonato com 68 pontos conquistados.<\/p>\n<p style=\"text-align: justify;\">\u201cVamos agora para o templo da velocidade. A pista mais r\u00e1pida do campeonato e muito t\u00e9cnica. Por mais que tenham poucas curvas, ela demanda muita habilidade em cada uma delas. \u00c9 um desafio grande e vamos buscar acertar uma boa posi\u00e7\u00e3o na classifica\u00e7\u00e3o. Isso faz toda diferen\u00e7a\u201d, diz Heitor, que tem apoio de Bradesco.<\/p>\n<p style=\"text-align: justify;\">Heitor acumula dois p\u00f3dios em Portim\u00e3o e chegou a vencer na pista em \u00cdmola, mas uma puni\u00e7\u00e3o aplicada ap\u00f3s a premia\u00e7\u00e3o fez com que o piloto fechasse a outra etapa italiana da temporada com um segundo lugar. O atual campe\u00e3o da F4 Brasil \u00e9 considerado uma das revela\u00e7\u00f5es do campeonato europeu.<\/p>\n<p style=\"text-align: justify;\">\u201cTem uma s\u00e9rie de fatores que vamos precisar caprichar para ter um bom resultado em Monza, mas estamos em um momento muito especial. \u00c9 mais uma pista ic\u00f4nica do automobilismo que eu vou ter o prazer de acelerar. Agora \u00e9 focar no simulador e no trabalho com a equipe para buscarmos um bom resultado\u201d, completa Heitor.<\/p>\n<p style=\"text-align: justify;\">A Eurocup-3 prev\u00ea a realiza\u00e7\u00e3o de dois treinos livres nesta sexta-feira em Monza. A classifica\u00e7\u00e3o est\u00e1 marcada para 4h da manh\u00e3 do s\u00e1bado e a primeira prova ocorre no mesmo dia, a partir de 7h35. A categoria prev\u00ea uma segunda classifica\u00e7\u00e3o no domingo \u00e0s 4h da manh\u00e3, definindo o grid para a corrida 2 \u00e0s 8h.<\/p>\n","protected":false},"excerpt":{"rendered":"<p>O brasileiro Heitor Dallagnol encara mais uma rodada dupla da Eurocup-3 neste final de semana no Aut\u00f3dromo de Monza, na It\u00e1lia, palco da quarta etapa <a class=\"read-more\" href=\"https:\/\/blogs.gazetaesportiva.com\/automobilismo\/2026\/07\/28\/vice-lider-rookie-heitor-dallagnol-acelera-em-monza-na-eurocup-3-embalado-por-podios\/\">leia mais<\/a><\/p>\n","protected":false},"author":75,"featured_media":4019,"comment_status":"open","ping_status":"open","sticky":false,"template":"","format":"standard","meta":{"jetpack_post_was_ever_published":false,"_jetpack_newsletter_access":"","_jetpack_dont_email_post_to_subs":false,"_jetpack_newsletter_tier_id":0,"_jetpack_memberships_contains_paywalled_content":false,"_jetpack_memberships_contains_paid_content":false,"footnotes":"","jetpack_publicize_message":"","jetpack_publicize_feature_enabled":true,"jetpack_social_post_already_shared":false,"jetpack_social_options":{"image_generator_settings":{"template":"highway","default_image_id":0,"font":"","enabled":false},"version":2}},"categories":[1],"tags":[],"class_list":["post-4018","post","type-post","status-publish","format-standard","has-post-thumbnail","hentry","category-sem-categoria"],"jetpack_publicize_connections":[],"jetpack_featured_media_url":"https:\/\/blogs.gazetaesportiva.com\/automobilismo\/files\/2026\/07\/Heitor-Eurocup3-1.jpg","jetpack_sharing_enabled":true,"jetpack_shortlink":"https:\/\/wp.me\/pblv91-12O","_links":{"self":[{"href":"https:\/\/blogs.gazetaesportiva.com\/automobilismo\/wp-json\/wp\/v2\/posts\/4018","targetHints":{"allow":["GET"]}}],"collection":[{"href":"https:\/\/blogs.gazetaesportiva.com\/automobilismo\/wp-json\/wp\/v2\/posts"}],"about":[{"href":"https:\/\/blogs.gazetaesportiva.com\/automobilismo\/wp-json\/wp\/v2\/types\/post"}],"author":[{"embeddable":true,"href":"https:\/\/blogs.gazetaesportiva.com\/automobilismo\/wp-json\/wp\/v2\/users\/75"}],"replies":[{"embeddable":true,"href":"https:\/\/blogs.gazetaesportiva.com\/automobilismo\/wp-json\/wp\/v2\/comments?post=4018"}],"version-history":[{"count":0,"href":"https:\/\/blogs.gazetaesportiva.com\/automobilismo\/wp-json\/wp\/v2\/posts\/4018\/revisions"}],"wp:featuredmedia":[{"embeddable":true,"href":"https:\/\/blogs.gazetaesportiva.com\/automobilismo\/wp-json\/wp\/v2\/media\/4019"}],"wp:attachment":[{"href":"https:\/\/blogs.gazetaesportiva.com\/automobilismo\/wp-json\/wp\/v2\/media?parent=4018"}],"wp:term":[{"taxonomy":"category","embeddable":true,"href":"https:\/\/blogs.gazetaesportiva.com\/automobilismo\/wp-json\/wp\/v2\/categories?post=4018"},{"taxonomy":"post_tag","embeddable":true,"href":"https:\/\/blogs.gazetaesportiva.com\/automobilismo\/wp-json\/wp\/v2\/tags?post=4018"}],"curies":[{"name":"wp","href":"https:\/\/api.w.org\/{rel}","templated":true}]}}