{"id":4004,"date":"2026-07-27T21:10:23","date_gmt":"2026-07-27T21:10:23","guid":{"rendered":"https:\/\/blogs.gazetaesportiva.com\/automobilismo\/?p=4004"},"modified":"2026-07-27T21:10:23","modified_gmt":"2026-07-27T21:10:23","slug":"wrc-toyota-gazoo-racing-world-rally-team-corre-em-casa-e-mira-nova-vitoria-na-finlandia","status":"publish","type":"post","link":"https:\/\/blogs.gazetaesportiva.com\/automobilismo\/2026\/07\/27\/wrc-toyota-gazoo-racing-world-rally-team-corre-em-casa-e-mira-nova-vitoria-na-finlandia\/","title":{"rendered":"WRC: TOYOTA GAZOO Racing World Rally Team corre em casa e mira nova vit\u00f3ria na Finl\u00e2ndia"},"content":{"rendered":"<figure id=\"attachment_4005\" aria-describedby=\"caption-attachment-4005\" style=\"width: 640px\" class=\"wp-caption alignnone\"><img loading=\"lazy\" decoding=\"async\" class=\"size-large wp-image-4005\" src=\"https:\/\/blogs.gazetaesportiva.com\/automobilismo\/files\/2026\/07\/wrc_2026-Preview-Finlandia-1024x683.jpg\" alt=\"\" width=\"640\" height=\"427\" srcset=\"https:\/\/blogs.gazetaesportiva.com\/automobilismo\/files\/2026\/07\/wrc_2026-Preview-Finlandia-1024x683.jpg 1024w, https:\/\/blogs.gazetaesportiva.com\/automobilismo\/files\/2026\/07\/wrc_2026-Preview-Finlandia-300x200.jpg 300w, https:\/\/blogs.gazetaesportiva.com\/automobilismo\/files\/2026\/07\/wrc_2026-Preview-Finlandia-768x512.jpg 768w, https:\/\/blogs.gazetaesportiva.com\/automobilismo\/files\/2026\/07\/wrc_2026-Preview-Finlandia.jpg 1500w\" sizes=\"auto, (max-width: 640px) 100vw, 640px\" \/><figcaption id=\"caption-attachment-4005\" class=\"wp-caption-text\">Foto: TGR WRT \/ McKlein<\/figcaption><\/figure>\n<p>A TOYOTA GAZOO Racing World Rally Team encara neste final de semana sua etapa de casa no WRC, que realiza o Rally da Finl\u00e2ndia, prova marcada para a os arredores da cidade de Jyv\u00e4skyl\u00e4, considerada o ber\u00e7o das competi\u00e7\u00f5es fora de estrada. A prova passar\u00e1 por estradas com cascalho liso e conta com diversos saltos, que chamam aten\u00e7\u00e3o de pilotos e f\u00e3s.<\/p>\n<p>A TGR-WRT tem sua sede em Jyv\u00e4skyl\u00e4, distante apenas tr\u00eas quil\u00f4metros do parque de apoio da etapa finlandesa do Mundial de Rally. A equipe venceu sete das oito edi\u00e7\u00f5es que disputou, incluindo a do ano passado, quando venceu com Kalle Rovanpera e dominou as cinco primeiras posi\u00e7\u00f5es, fato alcan\u00e7ado apenas uma vez anteriormente na hist\u00f3ria do WRC.<\/p>\n<p>Para este ano, a TGR-WRT chega para sua corrida de casa com um novo piloto finland\u00eas, Sami Pajari, que na \u00faltima etapa se tornou o 17\u00ba competidor de seu pa\u00eds a vencer uma etapa do WRC, quando triunfou no Rally da Est\u00f4nia, que tamb\u00e9m conta com estradas r\u00e1pidas, como as da etapa deste final de semana.<\/p>\n<p>Com o triunfo de Pajari, todos os cinco pilotos da TGR-WRT venceram pelo menos uma etapa na atual temporada. Al\u00e9m disso, o time ocupa as cinco primeiras posi\u00e7\u00f5es do Mundial de Pilotos, separados por 47 pontos restando cinco etapas para o final da temporada 2026.<\/p>\n<p>Vencedor do Rally da Finl\u00e2ndia em 2021 e 2023, Elfyn Evans lidera o campeonato com 177 pontos, 25 a mais em rela\u00e7\u00e3o a Takamoto Katsuta, que soma 152 e \u00e9 formado no TGR WRC Challenge Program em Jyv\u00e4skyl\u00e4 e que j\u00e1 subiu duas vezes ao p\u00f3dio do Rally da Finl\u00e2ndia, ficando em terceiro lugar em 2023 e em segundo no ano passado.<\/p>\n<p>Pajari avan\u00e7ou para o terceiro lugar do campeonato com a vit\u00f3ria na Est\u00f4nia, e soma 144 pontos, cinco \u00e0 frente de S\u00e9bastien Ogier, quarto na classifica\u00e7\u00e3o com 139 e dono de nove t\u00edtulos mundiais, incluindo o do ano passado, al\u00e9m de ter vencido na Finl\u00e2ndia em 2013 e 2024. Oliver Solberg, que venceu na Finl\u00e2ndia pelo WRC2, \u00e9 o quinto com 130.<\/p>\n<p>O chefe de equipe da TGR-WRT, Jari-Matti Latvala, voltar\u00e1 a disputar sua prova em casa a bordo de um GR Yaris Rally2, com o copiloto Juho H\u00e4nninen, tamb\u00e9m ex-piloto da TGR-WRT. Um total de 13 carros GR Yaris Rally2 aparecem na lista de inscritos: Roope Korhonen, o brit\u00e2nico Gus Greensmith, o australiano Taylor Gill, que mora na Finl\u00e2ndia, o jovem finland\u00eas Tuukka Kauppinen, o estoniano Joosep Ralf N\u00f5gene, o franc\u00eas Adrien Mosca e o austr\u00edaco Johannes Keferb\u00f6ck est\u00e3o na lista.<\/p>\n<p>\u201cFoi fant\u00e1stico ver Sami conquistar sua primeira vit\u00f3ria na Est\u00f4nia, e tem sido maravilhoso acompanhar seu crescimento nesta temporada. Tamb\u00e9m \u00e9 not\u00e1vel que todos os nossos cinco pilotos j\u00e1 tenham vencido ralis nesta temporada, e todos ainda t\u00eam chances no campeonato. Al\u00e9m disso, todos eles s\u00e3o capazes de vencer o Rally da Finl\u00e2ndia, a prova em casa da nossa equipe, e acho que podemos esperar uma disputa acirrada\u201d, diz Latvala.<\/p>\n<p>\u201cElfyn e Seb j\u00e1 venceram a prova v\u00e1rias vezes, enquanto Taka subiu ao p\u00f3dio em duas oportunidades. Oliver fez um \u00f3timo rali na Est\u00f4nia, recuperando sua confian\u00e7a, enquanto Sami j\u00e1 provou que pode vencer e a expectativa ser\u00e1 grande para ele na Finl\u00e2ndia. Enquanto isso, sou grato por ter a oportunidade \u2013 gra\u00e7as a Akio Toyoda \u2013 de pilotar mais uma vez no rali da minha terra natal, no que deve ser uma grande batalha na WRC2, onde o n\u00edvel tamb\u00e9m \u00e9 muito alto\u201d, completa Latvala.<\/p>\n<p>O TGR WRC Challenge Program estar\u00e1 novamente representado em Jyv\u00e4skyl\u00e4, onde muitos de seus pilotos est\u00e3o baseados. Yuki Yamamoto conquistou um excelente quinto lugar no WRC2 no ano passado, incluindo sua primeira vit\u00f3ria de etapa, dividida com Latvala.<\/p>\n<p>Os estreantes no Rally2, Takumi Matsushita e Shotaro Goto, buscam dar continuidade \u00e0s s\u00f3lidas estreias no WRC2 na Est\u00f4nia, onde Jaspar Vaher demonstrou velocidade capaz de vencer etapas nas estradas de sua terra natal. Rio Ogata e Kanta Yanaguida voltar\u00e3o a pilotar carros da categoria Rally3 na WRC3, enquanto Tomiya Maekawa ser\u00e1 o copiloto do finland\u00eas Jarkko Nikara.<\/p>\n<p>A 75\u00aa edi\u00e7\u00e3o da prova ter\u00e1 in\u00edcio na quinta-feira e segue at\u00e9 o domingo. A Rally.TV transmite o Rally da Finl\u00e2ndia para o Brasil.<\/p>\n","protected":false},"excerpt":{"rendered":"<p>A TOYOTA GAZOO Racing World Rally Team encara neste final de semana sua etapa de casa no WRC, que realiza o Rally da Finl\u00e2ndia, prova <a class=\"read-more\" href=\"https:\/\/blogs.gazetaesportiva.com\/automobilismo\/2026\/07\/27\/wrc-toyota-gazoo-racing-world-rally-team-corre-em-casa-e-mira-nova-vitoria-na-finlandia\/\">leia mais<\/a><\/p>\n","protected":false},"author":75,"featured_media":4005,"comment_status":"open","ping_status":"open","sticky":false,"template":"","format":"standard","meta":{"jetpack_post_was_ever_published":false,"_jetpack_newsletter_access":"","_jetpack_dont_email_post_to_subs":false,"_jetpack_newsletter_tier_id":0,"_jetpack_memberships_contains_paywalled_content":false,"_jetpack_memberships_contains_paid_content":false,"footnotes":"","jetpack_publicize_message":"","jetpack_publicize_feature_enabled":true,"jetpack_social_post_already_shared":false,"jetpack_social_options":{"image_generator_settings":{"template":"highway","default_image_id":0,"font":"","enabled":false},"version":2}},"categories":[1],"tags":[],"class_list":["post-4004","post","type-post","status-publish","format-standard","has-post-thumbnail","hentry","category-sem-categoria"],"jetpack_publicize_connections":[],"jetpack_featured_media_url":"https:\/\/blogs.gazetaesportiva.com\/automobilismo\/files\/2026\/07\/wrc_2026-Preview-Finlandia.jpg","jetpack_sharing_enabled":true,"jetpack_shortlink":"https:\/\/wp.me\/pblv91-12A","_links":{"self":[{"href":"https:\/\/blogs.gazetaesportiva.com\/automobilismo\/wp-json\/wp\/v2\/posts\/4004","targetHints":{"allow":["GET"]}}],"collection":[{"href":"https:\/\/blogs.gazetaesportiva.com\/automobilismo\/wp-json\/wp\/v2\/posts"}],"about":[{"href":"https:\/\/blogs.gazetaesportiva.com\/automobilismo\/wp-json\/wp\/v2\/types\/post"}],"author":[{"embeddable":true,"href":"https:\/\/blogs.gazetaesportiva.com\/automobilismo\/wp-json\/wp\/v2\/users\/75"}],"replies":[{"embeddable":true,"href":"https:\/\/blogs.gazetaesportiva.com\/automobilismo\/wp-json\/wp\/v2\/comments?post=4004"}],"version-history":[{"count":0,"href":"https:\/\/blogs.gazetaesportiva.com\/automobilismo\/wp-json\/wp\/v2\/posts\/4004\/revisions"}],"wp:featuredmedia":[{"embeddable":true,"href":"https:\/\/blogs.gazetaesportiva.com\/automobilismo\/wp-json\/wp\/v2\/media\/4005"}],"wp:attachment":[{"href":"https:\/\/blogs.gazetaesportiva.com\/automobilismo\/wp-json\/wp\/v2\/media?parent=4004"}],"wp:term":[{"taxonomy":"category","embeddable":true,"href":"https:\/\/blogs.gazetaesportiva.com\/automobilismo\/wp-json\/wp\/v2\/categories?post=4004"},{"taxonomy":"post_tag","embeddable":true,"href":"https:\/\/blogs.gazetaesportiva.com\/automobilismo\/wp-json\/wp\/v2\/tags?post=4004"}],"curies":[{"name":"wp","href":"https:\/\/api.w.org\/{rel}","templated":true}]}}