{"id":3997,"date":"2026-07-26T19:35:49","date_gmt":"2026-07-26T19:35:49","guid":{"rendered":"https:\/\/blogs.gazetaesportiva.com\/automobilismo\/?p=3997"},"modified":"2026-07-26T19:35:49","modified_gmt":"2026-07-26T19:35:49","slug":"stock-car-car-racing-fatura-top-10-com-leo-reis-na-corrida-principal-no-velocitta","status":"publish","type":"post","link":"https:\/\/blogs.gazetaesportiva.com\/automobilismo\/2026\/07\/26\/stock-car-car-racing-fatura-top-10-com-leo-reis-na-corrida-principal-no-velocitta\/","title":{"rendered":"Stock Car: CAR Racing fatura top-10 com L\u00e9o Reis na corrida principal no Velocitta"},"content":{"rendered":"<figure id=\"attachment_3998\" aria-describedby=\"caption-attachment-3998\" style=\"width: 640px\" class=\"wp-caption alignnone\"><img loading=\"lazy\" decoding=\"async\" class=\"size-large wp-image-3998\" src=\"https:\/\/blogs.gazetaesportiva.com\/automobilismo\/files\/2026\/07\/car-racing-bradesco-velocitta-1024x683.jpg\" alt=\"\" width=\"640\" height=\"427\" srcset=\"https:\/\/blogs.gazetaesportiva.com\/automobilismo\/files\/2026\/07\/car-racing-bradesco-velocitta-1024x683.jpg 1024w, https:\/\/blogs.gazetaesportiva.com\/automobilismo\/files\/2026\/07\/car-racing-bradesco-velocitta-300x200.jpg 300w, https:\/\/blogs.gazetaesportiva.com\/automobilismo\/files\/2026\/07\/car-racing-bradesco-velocitta-768x513.jpg 768w, https:\/\/blogs.gazetaesportiva.com\/automobilismo\/files\/2026\/07\/car-racing-bradesco-velocitta.jpg 1500w\" sizes=\"auto, (max-width: 640px) 100vw, 640px\" \/><figcaption id=\"caption-attachment-3998\" class=\"wp-caption-text\">Foto: Rodrigo Ruiz \/RF1<\/figcaption><\/figure>\n<p style=\"text-align: justify;\">Dupla que defende a CAR Racing na Bradesco Stock Car Pro Series, L\u00e9o e Rafael Reis celebraram o bom desempenho que tiveram neste domingo (26), no Velocitta, em Mogi Gua\u00e7u (SP). L\u00e9o conquistou mais um top-10 na temporada 2026 ao cruzar a linha de chegada com a oitava coloca\u00e7\u00e3o, enquanto Rafael foi um dos maiores escaladores da prova, subindo 11 posi\u00e7\u00f5es.<\/p>\n<p style=\"text-align: justify;\">Vencedor em Interlagos na atual temporada, L\u00e9o Reis cruzou a linha de chegada com a oitava posi\u00e7\u00e3o ap\u00f3s largar em nono no Velocitta. O piloto do Toyota Corolla Cross n\u00famero 293 havia sido um dos destaques da classifica\u00e7\u00e3o, mostrou boa velocidade para terminar com mais um top-10, o sexto em seu ano de estreia na categoria.<\/p>\n<p style=\"text-align: justify;\">\u201cFoi bem legal, mas uma corrida dif\u00edcil, bem de administra\u00e7\u00e3o, de consumo de pneu. Foi uma corrida estrat\u00e9gica e nos recuperamos hoje. A gente mostrou que tinha um ritmo legal mesmo sem ter andado no seco, pois todos andaram nessa condi\u00e7\u00e3o ontem e eu n\u00e3o. Ent\u00e3o, foi uma boa corrida. O balan\u00e7o do final de semana \u00e9 positivo pelo que se desenhou, e pontuamos bem no campeonato\u201d, disse L\u00e9o Reis, que tem o apoio de Bradesco.<\/p>\n<p style=\"text-align: justify;\">Rafael Reis destacou o avan\u00e7o no pelot\u00e3o que teve ao longo dos 50 minutos de corrida, terminando com a 17\u00aa posi\u00e7\u00e3o ap\u00f3s ganhar 11 posi\u00e7\u00f5es. O piloto do Corolla Cross n\u00famero 301 j\u00e1 foca sua aten\u00e7\u00e3o agora na pr\u00f3xima etapa, em Santa Cruz do Sul.<\/p>\n<p style=\"text-align: justify;\">\u201cEstou bem feliz porque a gente teve uma das maiores escaladas da corrida, e conseguimos pontos para o campeonato, mesmo com um carro n\u00e3o t\u00e3o f\u00e1cil de guiar. Agora vamos para Santa Cruz do Sul, que \u00e9 uma pista que andei pouqu\u00edssimas vezes, mas \u00e9 um tra\u00e7ado legal e vamos chegar prontos l\u00e1\u201d, disse Rafael Reis.<\/p>\n<p style=\"text-align: justify;\">A Stock Car tem prosseguimento daqui dois finais de semana com a s\u00e9tima etapa da temporada 2026, marcada para o Aut\u00f3dromo Internacional de Santa Cruz do Sul.<\/p>\n<p>&nbsp;<\/p>\n","protected":false},"excerpt":{"rendered":"<p>Dupla que defende a CAR Racing na Bradesco Stock Car Pro Series, L\u00e9o e Rafael Reis celebraram o bom desempenho que tiveram neste domingo (26), <a class=\"read-more\" href=\"https:\/\/blogs.gazetaesportiva.com\/automobilismo\/2026\/07\/26\/stock-car-car-racing-fatura-top-10-com-leo-reis-na-corrida-principal-no-velocitta\/\">leia mais<\/a><\/p>\n","protected":false},"author":75,"featured_media":3998,"comment_status":"open","ping_status":"open","sticky":false,"template":"","format":"standard","meta":{"jetpack_post_was_ever_published":false,"_jetpack_newsletter_access":"","_jetpack_dont_email_post_to_subs":false,"_jetpack_newsletter_tier_id":0,"_jetpack_memberships_contains_paywalled_content":false,"_jetpack_memberships_contains_paid_content":false,"footnotes":"","jetpack_publicize_message":"","jetpack_publicize_feature_enabled":true,"jetpack_social_post_already_shared":false,"jetpack_social_options":{"image_generator_settings":{"template":"highway","default_image_id":0,"font":"","enabled":false},"version":2}},"categories":[1],"tags":[],"class_list":["post-3997","post","type-post","status-publish","format-standard","has-post-thumbnail","hentry","category-sem-categoria"],"jetpack_publicize_connections":[],"jetpack_featured_media_url":"https:\/\/blogs.gazetaesportiva.com\/automobilismo\/files\/2026\/07\/car-racing-bradesco-velocitta.jpg","jetpack_sharing_enabled":true,"jetpack_shortlink":"https:\/\/wp.me\/pblv91-12t","_links":{"self":[{"href":"https:\/\/blogs.gazetaesportiva.com\/automobilismo\/wp-json\/wp\/v2\/posts\/3997","targetHints":{"allow":["GET"]}}],"collection":[{"href":"https:\/\/blogs.gazetaesportiva.com\/automobilismo\/wp-json\/wp\/v2\/posts"}],"about":[{"href":"https:\/\/blogs.gazetaesportiva.com\/automobilismo\/wp-json\/wp\/v2\/types\/post"}],"author":[{"embeddable":true,"href":"https:\/\/blogs.gazetaesportiva.com\/automobilismo\/wp-json\/wp\/v2\/users\/75"}],"replies":[{"embeddable":true,"href":"https:\/\/blogs.gazetaesportiva.com\/automobilismo\/wp-json\/wp\/v2\/comments?post=3997"}],"version-history":[{"count":0,"href":"https:\/\/blogs.gazetaesportiva.com\/automobilismo\/wp-json\/wp\/v2\/posts\/3997\/revisions"}],"wp:featuredmedia":[{"embeddable":true,"href":"https:\/\/blogs.gazetaesportiva.com\/automobilismo\/wp-json\/wp\/v2\/media\/3998"}],"wp:attachment":[{"href":"https:\/\/blogs.gazetaesportiva.com\/automobilismo\/wp-json\/wp\/v2\/media?parent=3997"}],"wp:term":[{"taxonomy":"category","embeddable":true,"href":"https:\/\/blogs.gazetaesportiva.com\/automobilismo\/wp-json\/wp\/v2\/categories?post=3997"},{"taxonomy":"post_tag","embeddable":true,"href":"https:\/\/blogs.gazetaesportiva.com\/automobilismo\/wp-json\/wp\/v2\/tags?post=3997"}],"curies":[{"name":"wp","href":"https:\/\/api.w.org\/{rel}","templated":true}]}}