{"id":3965,"date":"2026-07-25T13:04:45","date_gmt":"2026-07-25T13:04:45","guid":{"rendered":"https:\/\/blogs.gazetaesportiva.com\/automobilismo\/?p=3965"},"modified":"2026-07-25T13:04:45","modified_gmt":"2026-07-25T13:04:45","slug":"stock-car-leo-reis-conquista-lugar-na-segunda-fila-da-sprint-do-velocitta-com-a-car-racing","status":"publish","type":"post","link":"https:\/\/blogs.gazetaesportiva.com\/automobilismo\/2026\/07\/25\/stock-car-leo-reis-conquista-lugar-na-segunda-fila-da-sprint-do-velocitta-com-a-car-racing\/","title":{"rendered":"Stock Car: L\u00e9o Reis conquista lugar na segunda fila da Sprint do Velocitta com a CAR Racing"},"content":{"rendered":"<p>A CAR Racing vai largar da segunda fila da corrida Sprint que abre a sexta etapa da temporada 2026 da Stock Car. L\u00e9o Reis parte da quarta posi\u00e7\u00e3o na disputa marcada para a tarde deste s\u00e1bado (25) no Velocitta, em Mogi Gua\u00e7u (SP), ap\u00f3s avan\u00e7ar para o Q2 da classifica\u00e7\u00e3o realizada nesta manh\u00e3, se colocando entre os 12 melhores do grid, entrando na invers\u00e3o.<\/p>\n<figure id=\"attachment_3966\" aria-describedby=\"caption-attachment-3966\" style=\"width: 640px\" class=\"wp-caption alignnone\"><img loading=\"lazy\" decoding=\"async\" class=\"size-large wp-image-3966\" src=\"https:\/\/blogs.gazetaesportiva.com\/automobilismo\/files\/2026\/07\/20260724_0857_882_Stock6_Velocitta_RodrigoRuiz_01361_1-1024x683.jpg\" alt=\"L\u00e9o Reis\" width=\"640\" height=\"427\" srcset=\"https:\/\/blogs.gazetaesportiva.com\/automobilismo\/files\/2026\/07\/20260724_0857_882_Stock6_Velocitta_RodrigoRuiz_01361_1-1024x683.jpg 1024w, https:\/\/blogs.gazetaesportiva.com\/automobilismo\/files\/2026\/07\/20260724_0857_882_Stock6_Velocitta_RodrigoRuiz_01361_1-300x200.jpg 300w, https:\/\/blogs.gazetaesportiva.com\/automobilismo\/files\/2026\/07\/20260724_0857_882_Stock6_Velocitta_RodrigoRuiz_01361_1-768x512.jpg 768w, https:\/\/blogs.gazetaesportiva.com\/automobilismo\/files\/2026\/07\/20260724_0857_882_Stock6_Velocitta_RodrigoRuiz_01361_1-1536x1025.jpg 1536w, https:\/\/blogs.gazetaesportiva.com\/automobilismo\/files\/2026\/07\/20260724_0857_882_Stock6_Velocitta_RodrigoRuiz_01361_1.jpg 2000w\" sizes=\"auto, (max-width: 640px) 100vw, 640px\" \/><figcaption id=\"caption-attachment-3966\" class=\"wp-caption-text\">Foto: Rodrigo Aguiar Ruiz\/RR Media<\/figcaption><\/figure>\n<p>Em uma classifica\u00e7\u00e3o que come\u00e7ou com pista molhada, e que teve o tra\u00e7ado secando, L\u00e9o terminou a primeira rodada da classifica\u00e7\u00e3o com o terceiro melhor tempo. No Q2, o dono do Toyota Corolla Cross n\u00famero 293 foi o nono melhor, ficando com a quarta posi\u00e7\u00e3o no grid da Sprint e o lugar que abre a quinta fila para a disputa de domingo.<\/p>\n<p>\u201cFoi uma classifica\u00e7\u00e3o boa e chegamos muito perto do Q3. Estamos na invers\u00e3o, ent\u00e3o vamos largar da quarta posi\u00e7\u00e3o hoje e em nono amanh\u00e3. Tem um gostinho amargo por ver o pessoal avan\u00e7ando para o Q3, mas foi um bom quali. Estamos bem posicionados para fazer duas boas corridas para o campeonato. Demos um salto muito bom de ontem para a hoje. Arriscamos um pouco no acerto, e funcionou, mas vamos mudar tudo para as corridas\u201d, disse L\u00e9o Reis, que tem o apoio de Bradesco.<\/p>\n<p>A corrida Sprint da Stock Car est\u00e1 marcada para logo mais, a partir das 12h10, enquanto a disputa principal ocorre no domingo, tamb\u00e9m \u00e0s 12h10. Band, BandSports e YouTube transmitem a rodada dupla.<\/p>\n","protected":false},"excerpt":{"rendered":"<p>A CAR Racing vai largar da segunda fila da corrida Sprint que abre a sexta etapa da temporada 2026 da Stock Car. L\u00e9o Reis parte <a class=\"read-more\" href=\"https:\/\/blogs.gazetaesportiva.com\/automobilismo\/2026\/07\/25\/stock-car-leo-reis-conquista-lugar-na-segunda-fila-da-sprint-do-velocitta-com-a-car-racing\/\">leia mais<\/a><\/p>\n","protected":false},"author":75,"featured_media":3966,"comment_status":"open","ping_status":"open","sticky":false,"template":"","format":"standard","meta":{"jetpack_post_was_ever_published":false,"_jetpack_newsletter_access":"","_jetpack_dont_email_post_to_subs":false,"_jetpack_newsletter_tier_id":0,"_jetpack_memberships_contains_paywalled_content":false,"_jetpack_memberships_contains_paid_content":false,"footnotes":"","jetpack_publicize_message":"","jetpack_publicize_feature_enabled":true,"jetpack_social_post_already_shared":false,"jetpack_social_options":{"image_generator_settings":{"template":"highway","default_image_id":0,"font":"","enabled":false},"version":2}},"categories":[1],"tags":[],"class_list":["post-3965","post","type-post","status-publish","format-standard","has-post-thumbnail","hentry","category-sem-categoria"],"jetpack_publicize_connections":[],"jetpack_featured_media_url":"https:\/\/blogs.gazetaesportiva.com\/automobilismo\/files\/2026\/07\/20260724_0857_882_Stock6_Velocitta_RodrigoRuiz_01361_1.jpg","jetpack_sharing_enabled":true,"jetpack_shortlink":"https:\/\/wp.me\/pblv91-11X","_links":{"self":[{"href":"https:\/\/blogs.gazetaesportiva.com\/automobilismo\/wp-json\/wp\/v2\/posts\/3965","targetHints":{"allow":["GET"]}}],"collection":[{"href":"https:\/\/blogs.gazetaesportiva.com\/automobilismo\/wp-json\/wp\/v2\/posts"}],"about":[{"href":"https:\/\/blogs.gazetaesportiva.com\/automobilismo\/wp-json\/wp\/v2\/types\/post"}],"author":[{"embeddable":true,"href":"https:\/\/blogs.gazetaesportiva.com\/automobilismo\/wp-json\/wp\/v2\/users\/75"}],"replies":[{"embeddable":true,"href":"https:\/\/blogs.gazetaesportiva.com\/automobilismo\/wp-json\/wp\/v2\/comments?post=3965"}],"version-history":[{"count":0,"href":"https:\/\/blogs.gazetaesportiva.com\/automobilismo\/wp-json\/wp\/v2\/posts\/3965\/revisions"}],"wp:featuredmedia":[{"embeddable":true,"href":"https:\/\/blogs.gazetaesportiva.com\/automobilismo\/wp-json\/wp\/v2\/media\/3966"}],"wp:attachment":[{"href":"https:\/\/blogs.gazetaesportiva.com\/automobilismo\/wp-json\/wp\/v2\/media?parent=3965"}],"wp:term":[{"taxonomy":"category","embeddable":true,"href":"https:\/\/blogs.gazetaesportiva.com\/automobilismo\/wp-json\/wp\/v2\/categories?post=3965"},{"taxonomy":"post_tag","embeddable":true,"href":"https:\/\/blogs.gazetaesportiva.com\/automobilismo\/wp-json\/wp\/v2\/tags?post=3965"}],"curies":[{"name":"wp","href":"https:\/\/api.w.org\/{rel}","templated":true}]}}