{"id":3906,"date":"2026-07-17T15:32:34","date_gmt":"2026-07-17T15:32:34","guid":{"rendered":"https:\/\/blogs.gazetaesportiva.com\/automobilismo\/?p=3906"},"modified":"2026-07-17T15:48:01","modified_gmt":"2026-07-17T15:48:01","slug":"a-bordo-de-um-gr-yaris-argentino-percorre-20-000-km-da-patagonia-aos-estados-unidos-para-ver-o-mundial","status":"publish","type":"post","link":"https:\/\/blogs.gazetaesportiva.com\/automobilismo\/2026\/07\/17\/a-bordo-de-um-gr-yaris-argentino-percorre-20-000-km-da-patagonia-aos-estados-unidos-para-ver-o-mundial\/","title":{"rendered":"A bordo de um GR Yaris, argentino percorre 20.000 km da Patag\u00f4nia aos Estados Unidos para ver o Mundial"},"content":{"rendered":"<p>Uma hist\u00f3ria de resili\u00eancia viralizou na Argentina sobre um torcedor fan\u00e1tico por sua Sele\u00e7\u00e3o que decidiu ver de perto o Mundial de Sele\u00e7\u00f5es de Futebol Masculino, nos Estados Unidos. Marcos Dami\u00e1n Viesti viajou mais de 20.000 km a bordo de um GR Yaris, ap\u00f3s sair de Neuqu\u00e9n, na Patag\u00f4nia, passar por dez pa\u00edses da Am\u00e9rica, at\u00e9 chegar no Texas.<\/p>\n<figure id=\"attachment_3907\" aria-describedby=\"caption-attachment-3907\" style=\"width: 640px\" class=\"wp-caption alignnone\"><img loading=\"lazy\" decoding=\"async\" class=\"size-large wp-image-3907\" src=\"https:\/\/blogs.gazetaesportiva.com\/automobilismo\/files\/2026\/07\/GR-Yaris-na-Copa--819x1024.jpg\" alt=\"\" width=\"640\" height=\"800\" srcset=\"https:\/\/blogs.gazetaesportiva.com\/automobilismo\/files\/2026\/07\/GR-Yaris-na-Copa--819x1024.jpg 819w, https:\/\/blogs.gazetaesportiva.com\/automobilismo\/files\/2026\/07\/GR-Yaris-na-Copa--240x300.jpg 240w, https:\/\/blogs.gazetaesportiva.com\/automobilismo\/files\/2026\/07\/GR-Yaris-na-Copa--768x960.jpg 768w, https:\/\/blogs.gazetaesportiva.com\/automobilismo\/files\/2026\/07\/GR-Yaris-na-Copa--1229x1536.jpg 1229w, https:\/\/blogs.gazetaesportiva.com\/automobilismo\/files\/2026\/07\/GR-Yaris-na-Copa-.jpg 1500w\" sizes=\"auto, (max-width: 640px) 100vw, 640px\" \/><figcaption id=\"caption-attachment-3907\" class=\"wp-caption-text\">Foto: Reprodu\u00e7\u00e3o\/Instagram<\/figcaption><\/figure>\n<p>Em depoimento exibido nas <a href=\"https:\/\/www.instagram.com\/reels\/Da0mImkyAde\/\" target=\"_blank\">p\u00e1ginas oficiais da Toyota (@toyotaargentina) e GAZOO Racing Argentina (@tgr_arg)<\/a>, Marcos explicou como foi encarar esse desafio de resist\u00eancia.<\/p>\n<p>\u201cA ideia da viagem surgiu da vontade de assistir ao jogo da sele\u00e7\u00e3o nacional no dia 16 de junho. Encontrei o carro que queria, o carro ideal para uma viagem como esta. O GR Yaris se comporta como um \u2018papa-l\u00e9guas\u2019. Voc\u00ea acelera e ele responde em todas as marchas. At\u00e9 a quinta marcha, ele dispara como se voc\u00ea estivesse come\u00e7ando uma corrida. Depois, a sexta, a s\u00e9tima e a oitava s\u00e3o mudan\u00e7as lentas e o carro as completa mais r\u00e1pido\u201d, diz Marcos, lembrando que sua unidade tem c\u00e2mbio autom\u00e1tico.<\/p>\n<p>Desenvolvido como um leg\u00edtimo esportivo, o GR Yaris nasceu no Campeonato Mundial de Rali (WRC) com o DNA das competi\u00e7\u00f5es. Impulsionado pelo motor tr\u00eas cilindros 1.6l turbo de 304 cv de pot\u00eancia e 40,8 kgfm de torque, o hot hatch \u00e9 equipado com sistema de tra\u00e7\u00e3o integral GR-Four, uma tecnologia herdada do automobilismo e que garante a m\u00e1xima performance no dia a dia.<\/p>\n<p>Em abril, o novo GR Yaris chegou oficialmente ao Brasil, ap\u00f3s o sucesso do per\u00edodo de pr\u00e9-vendas, quando comercializou 100% do primeiro lote \u2013 correspondente a metade das unidades previstas para o ano de 2026. O modelo veio ao Pa\u00eds em duas vers\u00f5es \u2013 sendo 99 unidades com c\u00e2mbio manual e outras 99 com transmiss\u00e3o autom\u00e1tica.<\/p>\n<p>\u201cEle freia em uma dist\u00e2ncia muito curta. Para frear, para parar completamente, \u00e9 impressionante, de verdade. Resumindo, dirigir o GR Yaris \u00e9 como estar em um carro de corrida. J\u00e1 viajei 20.427 quil\u00f4metros\u201d, explica Marcos.<\/p>\n<p>O aventureiro ainda relembrou todos os pa\u00edses por onde passou ap\u00f3s sair da Argentina. \u201cPassei pelo Chile, depois cheguei ao Peru, Equador, Col\u00f4mbia, Panam\u00e1, Costa Rica, Guatemala, Honduras, Nicar\u00e1gua, cheguei ao M\u00e9xico e agora estou nos Estados Unidos. Em cada pa\u00eds vivi momentos inesquec\u00edveis. Pessoas que quiseram me ajudar, pessoas em postos de gasolina que abasteceram meu tanque, em concession\u00e1rias da Toyota que me deram coisas. Foi incrivelmente bom e divertido\u201d, completa Marcos.<\/p>\n<p>Argentina e Espanha se enfrentam neste domingo \u00e0s 16h na decis\u00e3o do Mundial e o tetracampeonato para os \u201chermanos\u201d pode deixar a experi\u00eancia ainda mais completa para Marcos antes dele voltar para casa.<\/p>\n","protected":false},"excerpt":{"rendered":"<p>Uma hist\u00f3ria de resili\u00eancia viralizou na Argentina sobre um torcedor fan\u00e1tico por sua Sele\u00e7\u00e3o que decidiu ver de perto o Mundial de Sele\u00e7\u00f5es de Futebol <a class=\"read-more\" href=\"https:\/\/blogs.gazetaesportiva.com\/automobilismo\/2026\/07\/17\/a-bordo-de-um-gr-yaris-argentino-percorre-20-000-km-da-patagonia-aos-estados-unidos-para-ver-o-mundial\/\">leia mais<\/a><\/p>\n","protected":false},"author":75,"featured_media":3907,"comment_status":"open","ping_status":"open","sticky":false,"template":"","format":"standard","meta":{"jetpack_post_was_ever_published":false,"_jetpack_newsletter_access":"","_jetpack_dont_email_post_to_subs":false,"_jetpack_newsletter_tier_id":0,"_jetpack_memberships_contains_paywalled_content":false,"_jetpack_memberships_contains_paid_content":false,"footnotes":"","jetpack_publicize_message":"","jetpack_publicize_feature_enabled":true,"jetpack_social_post_already_shared":false,"jetpack_social_options":{"image_generator_settings":{"template":"highway","default_image_id":0,"font":"","enabled":false},"version":2}},"categories":[1],"tags":[],"class_list":["post-3906","post","type-post","status-publish","format-standard","has-post-thumbnail","hentry","category-sem-categoria"],"jetpack_publicize_connections":[],"jetpack_featured_media_url":"https:\/\/blogs.gazetaesportiva.com\/automobilismo\/files\/2026\/07\/GR-Yaris-na-Copa-.jpg","jetpack_sharing_enabled":true,"jetpack_shortlink":"https:\/\/wp.me\/pblv91-110","_links":{"self":[{"href":"https:\/\/blogs.gazetaesportiva.com\/automobilismo\/wp-json\/wp\/v2\/posts\/3906","targetHints":{"allow":["GET"]}}],"collection":[{"href":"https:\/\/blogs.gazetaesportiva.com\/automobilismo\/wp-json\/wp\/v2\/posts"}],"about":[{"href":"https:\/\/blogs.gazetaesportiva.com\/automobilismo\/wp-json\/wp\/v2\/types\/post"}],"author":[{"embeddable":true,"href":"https:\/\/blogs.gazetaesportiva.com\/automobilismo\/wp-json\/wp\/v2\/users\/75"}],"replies":[{"embeddable":true,"href":"https:\/\/blogs.gazetaesportiva.com\/automobilismo\/wp-json\/wp\/v2\/comments?post=3906"}],"version-history":[{"count":1,"href":"https:\/\/blogs.gazetaesportiva.com\/automobilismo\/wp-json\/wp\/v2\/posts\/3906\/revisions"}],"predecessor-version":[{"id":3908,"href":"https:\/\/blogs.gazetaesportiva.com\/automobilismo\/wp-json\/wp\/v2\/posts\/3906\/revisions\/3908"}],"wp:featuredmedia":[{"embeddable":true,"href":"https:\/\/blogs.gazetaesportiva.com\/automobilismo\/wp-json\/wp\/v2\/media\/3907"}],"wp:attachment":[{"href":"https:\/\/blogs.gazetaesportiva.com\/automobilismo\/wp-json\/wp\/v2\/media?parent=3906"}],"wp:term":[{"taxonomy":"category","embeddable":true,"href":"https:\/\/blogs.gazetaesportiva.com\/automobilismo\/wp-json\/wp\/v2\/categories?post=3906"},{"taxonomy":"post_tag","embeddable":true,"href":"https:\/\/blogs.gazetaesportiva.com\/automobilismo\/wp-json\/wp\/v2\/tags?post=3906"}],"curies":[{"name":"wp","href":"https:\/\/api.w.org\/{rel}","templated":true}]}}