{"id":3426,"date":"2026-04-29T21:08:01","date_gmt":"2026-04-29T21:08:01","guid":{"rendered":"https:\/\/blogs.gazetaesportiva.com\/automobilismo\/?p=3426"},"modified":"2026-04-29T21:08:01","modified_gmt":"2026-04-29T21:08:01","slug":"caca-bueno-busca-novo-podio-na-etapa-de-cascavel-da-nascar-brasil","status":"publish","type":"post","link":"https:\/\/blogs.gazetaesportiva.com\/automobilismo\/2026\/04\/29\/caca-bueno-busca-novo-podio-na-etapa-de-cascavel-da-nascar-brasil\/","title":{"rendered":"Cac\u00e1 Bueno busca novo p\u00f3dio na etapa de Cascavel da NASCAR Brasil"},"content":{"rendered":"<p>A NASCAR Brasil ter\u00e1 sequ\u00eancia neste final de semana com a disputa da segunda etapa da temporada 2026, marcada para o Aut\u00f3dromo Zilmar Beux, em Cascavel (PR). Piloto que defende o Team RC, Cac\u00e1 Bueno \u00e9 o terceiro no campeonato e parte para a rodada dupla com expectativas em alta, tanto pelo desempenho na abertura do campeonato, em Santa Cruz do Sul (RS), quanto pelo desempenho no oeste paranaense no ano passado.<\/p>\n<figure id=\"attachment_3427\" aria-describedby=\"caption-attachment-3427\" style=\"width: 640px\" class=\"wp-caption alignnone\"><img loading=\"lazy\" decoding=\"async\" class=\"size-large wp-image-3427\" src=\"https:\/\/blogs.gazetaesportiva.com\/automobilismo\/files\/2026\/04\/464248_1198062_whatsapp_image_2026_04_12_at_09.40.52-1024x701.jpeg\" alt=\"Cac\u00e1 Bueno\" width=\"640\" height=\"438\" srcset=\"https:\/\/blogs.gazetaesportiva.com\/automobilismo\/files\/2026\/04\/464248_1198062_whatsapp_image_2026_04_12_at_09.40.52-1024x701.jpeg 1024w, https:\/\/blogs.gazetaesportiva.com\/automobilismo\/files\/2026\/04\/464248_1198062_whatsapp_image_2026_04_12_at_09.40.52-300x205.jpeg 300w, https:\/\/blogs.gazetaesportiva.com\/automobilismo\/files\/2026\/04\/464248_1198062_whatsapp_image_2026_04_12_at_09.40.52-768x526.jpeg 768w, https:\/\/blogs.gazetaesportiva.com\/automobilismo\/files\/2026\/04\/464248_1198062_whatsapp_image_2026_04_12_at_09.40.52-1536x1051.jpeg 1536w, https:\/\/blogs.gazetaesportiva.com\/automobilismo\/files\/2026\/04\/464248_1198062_whatsapp_image_2026_04_12_at_09.40.52-2048x1402.jpeg 2048w\" sizes=\"auto, (max-width: 640px) 100vw, 640px\" \/><figcaption id=\"caption-attachment-3427\" class=\"wp-caption-text\">Foto: Luciano Santos<\/figcaption><\/figure>\n<p>Em 2025, quando a prova ocorreu a noite e contou com um percurso de 100 milhas, Cac\u00e1 fechou a disputa em quarto, ap\u00f3s escalar o pelot\u00e3o depois do primeiro segmento da disputa. Com um carro novo adotado pela categoria para este ano, o piloto iniciou a temporada de 2026 com um terceiro lugar e um quinto posto no interior ga\u00facho. Tudo isso deixa o dono do carro n\u00famero 0 esperan\u00e7oso por bons resultados.<\/p>\n<p>\u201cA gente andou muito bem em Cascavel no ano passado. Mas, a partir deste ano a NASCAR Brasil adotou um novo carro, com o qual tivemos um bom desempenho em Santa Cruz, com um terceiro lugar. Precisamos mostrar velocidade desde os treinos, mas evitando desgastar muito os pneus, j\u00e1 que temos apenas um jogo para o final de semana. Se conseguirmos, temos boas chances nas corridas\u201d, disse Cac\u00e1 Bueno, que tem os patroc\u00ednios de Betnacional, Capital Concreto, PicPay, ACDelco, SpeedMax Pneus, Pneu Store, Milwaukee, Turbi e Chevrolet.<\/p>\n<p>A NASCAR Brasil prev\u00ea a disputa de um treino livre na sexta-feira, enquanto o s\u00e1bado ter\u00e1 mais uma sess\u00e3o antes da Sprint Race, \u00e0s 14h30, com apenas os seis melhores da classifica\u00e7\u00e3o. A Sunset Race ser\u00e1 realizada ainda no mesmo dia a partir de 18h05, enquanto a \u00faltima corrida est\u00e1 marcada para 8h25 da manh\u00e3, no domingo.<\/p>\n","protected":false},"excerpt":{"rendered":"<p>A NASCAR Brasil ter\u00e1 sequ\u00eancia neste final de semana com a disputa da segunda etapa da temporada 2026, marcada para o Aut\u00f3dromo Zilmar Beux, em <a class=\"read-more\" href=\"https:\/\/blogs.gazetaesportiva.com\/automobilismo\/2026\/04\/29\/caca-bueno-busca-novo-podio-na-etapa-de-cascavel-da-nascar-brasil\/\">leia mais<\/a><\/p>\n","protected":false},"author":75,"featured_media":3427,"comment_status":"open","ping_status":"open","sticky":false,"template":"","format":"standard","meta":{"jetpack_post_was_ever_published":false,"_jetpack_newsletter_access":"","_jetpack_dont_email_post_to_subs":false,"_jetpack_newsletter_tier_id":0,"_jetpack_memberships_contains_paywalled_content":false,"_jetpack_memberships_contains_paid_content":false,"footnotes":"","jetpack_publicize_message":"","jetpack_publicize_feature_enabled":true,"jetpack_social_post_already_shared":false,"jetpack_social_options":{"image_generator_settings":{"template":"highway","default_image_id":0,"font":"","enabled":false},"version":2}},"categories":[1],"tags":[],"class_list":["post-3426","post","type-post","status-publish","format-standard","has-post-thumbnail","hentry","category-sem-categoria"],"jetpack_publicize_connections":[],"jetpack_featured_media_url":"https:\/\/blogs.gazetaesportiva.com\/automobilismo\/files\/2026\/04\/464248_1198062_whatsapp_image_2026_04_12_at_09.40.52.jpeg","jetpack_sharing_enabled":true,"jetpack_shortlink":"https:\/\/wp.me\/pblv91-Tg","_links":{"self":[{"href":"https:\/\/blogs.gazetaesportiva.com\/automobilismo\/wp-json\/wp\/v2\/posts\/3426","targetHints":{"allow":["GET"]}}],"collection":[{"href":"https:\/\/blogs.gazetaesportiva.com\/automobilismo\/wp-json\/wp\/v2\/posts"}],"about":[{"href":"https:\/\/blogs.gazetaesportiva.com\/automobilismo\/wp-json\/wp\/v2\/types\/post"}],"author":[{"embeddable":true,"href":"https:\/\/blogs.gazetaesportiva.com\/automobilismo\/wp-json\/wp\/v2\/users\/75"}],"replies":[{"embeddable":true,"href":"https:\/\/blogs.gazetaesportiva.com\/automobilismo\/wp-json\/wp\/v2\/comments?post=3426"}],"version-history":[{"count":0,"href":"https:\/\/blogs.gazetaesportiva.com\/automobilismo\/wp-json\/wp\/v2\/posts\/3426\/revisions"}],"wp:featuredmedia":[{"embeddable":true,"href":"https:\/\/blogs.gazetaesportiva.com\/automobilismo\/wp-json\/wp\/v2\/media\/3427"}],"wp:attachment":[{"href":"https:\/\/blogs.gazetaesportiva.com\/automobilismo\/wp-json\/wp\/v2\/media?parent=3426"}],"wp:term":[{"taxonomy":"category","embeddable":true,"href":"https:\/\/blogs.gazetaesportiva.com\/automobilismo\/wp-json\/wp\/v2\/categories?post=3426"},{"taxonomy":"post_tag","embeddable":true,"href":"https:\/\/blogs.gazetaesportiva.com\/automobilismo\/wp-json\/wp\/v2\/tags?post=3426"}],"curies":[{"name":"wp","href":"https:\/\/api.w.org\/{rel}","templated":true}]}}