{"id":3424,"date":"2026-04-29T19:56:05","date_gmt":"2026-04-29T19:56:05","guid":{"rendered":"https:\/\/blogs.gazetaesportiva.com\/automobilismo\/?p=3424"},"modified":"2026-04-29T19:56:05","modified_gmt":"2026-04-29T19:56:05","slug":"r9-competicoes-parte-para-cascavel-e-mira-aumentar-sequencia-de-vitorias-na-copa-truck","status":"publish","type":"post","link":"https:\/\/blogs.gazetaesportiva.com\/automobilismo\/2026\/04\/29\/r9-competicoes-parte-para-cascavel-e-mira-aumentar-sequencia-de-vitorias-na-copa-truck\/","title":{"rendered":"R9 Competi\u00e7\u00f5es parte para Cascavel e mira aumentar sequ\u00eancia de vit\u00f3rias na Copa Truck"},"content":{"rendered":"<p>A Copa Truck d\u00e1 sequ\u00eancia \u00e0 temporada de 2026 neste final de semana, quando visita o Aut\u00f3dromo Zilmar Beux, em Cascavel (PR), para a disputa da terceira etapa do campeonato. \u00danica equipe a ter vencido corridas nas duas rodadas duplas anteriores, a R9 Competi\u00e7\u00f5es parte para o final de semana com o objetivo de seguir com esta marca e manter a lideran\u00e7a do campeonato.<\/p>\n<figure id=\"attachment_3425\" aria-describedby=\"caption-attachment-3425\" style=\"width: 640px\" class=\"wp-caption alignnone\"><img loading=\"lazy\" decoding=\"async\" class=\"size-large wp-image-3425\" src=\"https:\/\/blogs.gazetaesportiva.com\/automobilismo\/files\/2026\/04\/464243_1197923_464222_1197787_000a5177-1024x683.jpg\" alt=\"Beto Monteiro\" width=\"640\" height=\"427\" srcset=\"https:\/\/blogs.gazetaesportiva.com\/automobilismo\/files\/2026\/04\/464243_1197923_464222_1197787_000a5177-1024x683.jpg 1024w, https:\/\/blogs.gazetaesportiva.com\/automobilismo\/files\/2026\/04\/464243_1197923_464222_1197787_000a5177-300x200.jpg 300w, https:\/\/blogs.gazetaesportiva.com\/automobilismo\/files\/2026\/04\/464243_1197923_464222_1197787_000a5177-768x512.jpg 768w, https:\/\/blogs.gazetaesportiva.com\/automobilismo\/files\/2026\/04\/464243_1197923_464222_1197787_000a5177-1536x1024.jpg 1536w, https:\/\/blogs.gazetaesportiva.com\/automobilismo\/files\/2026\/04\/464243_1197923_464222_1197787_000a5177-2048x1365.jpg 2048w\" sizes=\"auto, (max-width: 640px) 100vw, 640px\" \/><figcaption id=\"caption-attachment-3425\" class=\"wp-caption-text\">Foto: Vanderley Soares<\/figcaption><\/figure>\n<p>Em Campo Grande (MS), o time venceu uma corrida com Felipe Giaffone, em oportunidade em que Nic Giaffone triunfou na classe Elite nas duas disputas. J\u00e1 em Santa Cruz do Sul (RS), foi a vez de Beto Monteiro sair vitorioso e tomar a lideran\u00e7a do campeonato com 59 pontos, sete a mais em rela\u00e7\u00e3o ao segundo colocado.<\/p>\n<p>Recordista de vit\u00f3rias no oeste paranaense, com quatro triunfos, incluindo em 2025, quando venceu a primeira corrida noturna da hist\u00f3ria da Copa Truck, Beto espera manter o bom momento para seguir na ponta da tabela de classifica\u00e7\u00e3o.<\/p>\n<p>\u201cA R9 fez um grande trabalho desde Campo Grande, na abertura do campeonato, e estamos competitivos. O resultado em Santa Cruz foi muito importante e a gente pensa em seguir crescendo no campeonato em Cascavel. A disputa pelo t\u00edtulo \u00e9 das mais acirradas, com grandes pilotos, pelo menos oito nomes que n\u00e3o s\u00e3o surpresa se vencerem. \u00c9 um campeonato muito disputado\u201d, disse Beto Monteiro.<\/p>\n<p>Chefe da R9 Competi\u00e7\u00f5es, Renato Martins destaca o bom momento vivido pelos pilotos da equipe e espera manter a lideran\u00e7a da categoria Pro ao final a passagem por Cascavel, al\u00e9m de retornar a disputa pela ponta da tabela de classifica\u00e7\u00e3o entre os competidores da categoria Elite.<\/p>\n<p>\u201cNossos pilotos t\u00eam demonstrado um desempenho bastante forte, e a equipe vem acumulando vit\u00f3rias. Cascavel \u00e9 uma pista r\u00e1pida e vamos em busca de manter essa performance para permitir que nossos pilotos sigam em boa posi\u00e7\u00e3o no campeonato e possam lutar pelas primeiras posi\u00e7\u00f5es no domingo\u201d, disse Renato Martins.<\/p>\n<p>A programa\u00e7\u00e3o da Copa Truck em Cascavel prev\u00ea dois treinos livres para a sexta-feira, com o s\u00e1bado contando com mais uma sess\u00e3o livre e a classifica\u00e7\u00e3o, \u00e0s 12h20. A segunda etapa da temporada 2026 ser\u00e1 disputada neste domingo, \u00e0s 12h10, com transmiss\u00e3o de Band, NSports e YouTube.<\/p>\n","protected":false},"excerpt":{"rendered":"<p>A Copa Truck d\u00e1 sequ\u00eancia \u00e0 temporada de 2026 neste final de semana, quando visita o Aut\u00f3dromo Zilmar Beux, em Cascavel (PR), para a disputa <a class=\"read-more\" href=\"https:\/\/blogs.gazetaesportiva.com\/automobilismo\/2026\/04\/29\/r9-competicoes-parte-para-cascavel-e-mira-aumentar-sequencia-de-vitorias-na-copa-truck\/\">leia mais<\/a><\/p>\n","protected":false},"author":75,"featured_media":3425,"comment_status":"open","ping_status":"open","sticky":false,"template":"","format":"standard","meta":{"jetpack_post_was_ever_published":false,"_jetpack_newsletter_access":"","_jetpack_dont_email_post_to_subs":false,"_jetpack_newsletter_tier_id":0,"_jetpack_memberships_contains_paywalled_content":false,"_jetpack_memberships_contains_paid_content":false,"footnotes":"","jetpack_publicize_message":"","jetpack_publicize_feature_enabled":true,"jetpack_social_post_already_shared":false,"jetpack_social_options":{"image_generator_settings":{"template":"highway","default_image_id":0,"font":"","enabled":false},"version":2}},"categories":[1],"tags":[],"class_list":["post-3424","post","type-post","status-publish","format-standard","has-post-thumbnail","hentry","category-sem-categoria"],"jetpack_publicize_connections":[],"jetpack_featured_media_url":"https:\/\/blogs.gazetaesportiva.com\/automobilismo\/files\/2026\/04\/464243_1197923_464222_1197787_000a5177-scaled.jpg","jetpack_sharing_enabled":true,"jetpack_shortlink":"https:\/\/wp.me\/pblv91-Te","_links":{"self":[{"href":"https:\/\/blogs.gazetaesportiva.com\/automobilismo\/wp-json\/wp\/v2\/posts\/3424","targetHints":{"allow":["GET"]}}],"collection":[{"href":"https:\/\/blogs.gazetaesportiva.com\/automobilismo\/wp-json\/wp\/v2\/posts"}],"about":[{"href":"https:\/\/blogs.gazetaesportiva.com\/automobilismo\/wp-json\/wp\/v2\/types\/post"}],"author":[{"embeddable":true,"href":"https:\/\/blogs.gazetaesportiva.com\/automobilismo\/wp-json\/wp\/v2\/users\/75"}],"replies":[{"embeddable":true,"href":"https:\/\/blogs.gazetaesportiva.com\/automobilismo\/wp-json\/wp\/v2\/comments?post=3424"}],"version-history":[{"count":0,"href":"https:\/\/blogs.gazetaesportiva.com\/automobilismo\/wp-json\/wp\/v2\/posts\/3424\/revisions"}],"wp:featuredmedia":[{"embeddable":true,"href":"https:\/\/blogs.gazetaesportiva.com\/automobilismo\/wp-json\/wp\/v2\/media\/3425"}],"wp:attachment":[{"href":"https:\/\/blogs.gazetaesportiva.com\/automobilismo\/wp-json\/wp\/v2\/media?parent=3424"}],"wp:term":[{"taxonomy":"category","embeddable":true,"href":"https:\/\/blogs.gazetaesportiva.com\/automobilismo\/wp-json\/wp\/v2\/categories?post=3424"},{"taxonomy":"post_tag","embeddable":true,"href":"https:\/\/blogs.gazetaesportiva.com\/automobilismo\/wp-json\/wp\/v2\/tags?post=3424"}],"curies":[{"name":"wp","href":"https:\/\/api.w.org\/{rel}","templated":true}]}}