{"id":3423,"date":"2026-04-29T13:11:49","date_gmt":"2026-04-29T13:11:49","guid":{"rendered":"https:\/\/blogs.gazetaesportiva.com\/automobilismo\/?p=3423"},"modified":"2026-04-29T13:11:49","modified_gmt":"2026-04-29T13:11:49","slug":"vicente-da-silva-mira-podio-em-duas-categorias-na-disputa-do-sul-brasileiro-de-kart","status":"publish","type":"post","link":"https:\/\/blogs.gazetaesportiva.com\/automobilismo\/2026\/04\/29\/vicente-da-silva-mira-podio-em-duas-categorias-na-disputa-do-sul-brasileiro-de-kart\/","title":{"rendered":"Vicente da Silva mira p\u00f3dio em duas categorias na disputa do Sul-Brasileiro de Kart"},"content":{"rendered":"<p>Um dos destaques da nova gera\u00e7\u00e3o de pilotos do kartismo brasileiro, Vicente da Silva disputa neste final de semana o Campeonato Sul-Brasileiro de Kart, um dos principais torneios regionais do Pa\u00eds e que tem sua edi\u00e7\u00e3o deste ano realizada no kart\u00f3dromo de Lages (SC). O piloto nascido em Balne\u00e1rio Cambori\u00fa correr\u00e1 em duas categorias: a F4 J\u00fanior e a OKN J\u00fanior.<\/p>\n<figure id=\"attachment_3157\" aria-describedby=\"caption-attachment-3157\" style=\"width: 640px\" class=\"wp-caption alignnone\"><img loading=\"lazy\" decoding=\"async\" src=\"https:\/\/blogs.gazetaesportiva.com\/automobilismo\/files\/2026\/03\/Vicente-da-Silva-Light-Kart-2026-682x1024.jpg\" alt=\"\" width=\"640\" height=\"961\" class=\"size-large wp-image-3157\" srcset=\"https:\/\/blogs.gazetaesportiva.com\/automobilismo\/files\/2026\/03\/Vicente-da-Silva-Light-Kart-2026-682x1024.jpg 682w, https:\/\/blogs.gazetaesportiva.com\/automobilismo\/files\/2026\/03\/Vicente-da-Silva-Light-Kart-2026-200x300.jpg 200w, https:\/\/blogs.gazetaesportiva.com\/automobilismo\/files\/2026\/03\/Vicente-da-Silva-Light-Kart-2026-768x1153.jpg 768w, https:\/\/blogs.gazetaesportiva.com\/automobilismo\/files\/2026\/03\/Vicente-da-Silva-Light-Kart-2026-1024x1536.jpg 1024w, https:\/\/blogs.gazetaesportiva.com\/automobilismo\/files\/2026\/03\/Vicente-da-Silva-Light-Kart-2026-1365x2048.jpg 1365w, https:\/\/blogs.gazetaesportiva.com\/automobilismo\/files\/2026\/03\/Vicente-da-Silva-Light-Kart-2026.jpg 1500w\" sizes=\"auto, (max-width: 640px) 100vw, 640px\" \/><figcaption id=\"caption-attachment-3157\" class=\"wp-caption-text\">Foto: Eni Alves<\/figcaption><\/figure>\n<p>O piloto, que se formou atrav\u00e9s da escola de pilotagem Fittipaldi Brothers, faz seu primeiro ano atuando na F4 J\u00fanior, mas desde a \u00faltima temporada disputa competi\u00e7\u00f5es na OKN J\u00fanior. Para o Sul-Brasileiro, Vicente espera andar entre os mais r\u00e1pidos desde o in\u00edcio dos treinos para lutar pelas primeiras posi\u00e7\u00f5es nas finais.<\/p>\n<p>\u201cO Sul-Brasileiro de Kart \u00e9 a minha segunda competi\u00e7\u00e3o neste ano, e eu estou muito animado para correr nesta semana. Estou treinando muito e com o foco total para fazer o meu melhor no kart\u00f3dromo de Lages. Vamos em busca das primeiras posi\u00e7\u00f5es\u201d, disse Vicente da Silva.<\/p>\n<p>O catarinense tem um curr\u00edculo dos mais vitoriosos. Em 2023 e 2024 conquistou o bicampeonato da Copa Beto Carrero, al\u00e9m do t\u00edtulo estadual. Vicente tamb\u00e9m possui p\u00f3dios em campeonatos nacionais, como na Copa Brasil. Al\u00e9m disso, o piloto tamb\u00e9m tem forte atua\u00e7\u00e3o nas redes sociais, onde possui mais de 240 mil seguidores.<\/p>\n<p>O Sul-Brasileiro de Kart inicia suas atividades nesta quinta-feira e segue at\u00e9 o s\u00e1bado, quando ser\u00e3o realizadas as finais.<\/p>\n","protected":false},"excerpt":{"rendered":"<p>Um dos destaques da nova gera\u00e7\u00e3o de pilotos do kartismo brasileiro, Vicente da Silva disputa neste final de semana o Campeonato Sul-Brasileiro de Kart, um <a class=\"read-more\" href=\"https:\/\/blogs.gazetaesportiva.com\/automobilismo\/2026\/04\/29\/vicente-da-silva-mira-podio-em-duas-categorias-na-disputa-do-sul-brasileiro-de-kart\/\">leia mais<\/a><\/p>\n","protected":false},"author":75,"featured_media":3157,"comment_status":"open","ping_status":"open","sticky":false,"template":"","format":"standard","meta":{"jetpack_post_was_ever_published":false,"_jetpack_newsletter_access":"","_jetpack_dont_email_post_to_subs":false,"_jetpack_newsletter_tier_id":0,"_jetpack_memberships_contains_paywalled_content":false,"_jetpack_memberships_contains_paid_content":false,"footnotes":"","jetpack_publicize_message":"","jetpack_publicize_feature_enabled":true,"jetpack_social_post_already_shared":false,"jetpack_social_options":{"image_generator_settings":{"template":"highway","default_image_id":0,"font":"","enabled":false},"version":2}},"categories":[1],"tags":[],"class_list":["post-3423","post","type-post","status-publish","format-standard","has-post-thumbnail","hentry","category-sem-categoria"],"jetpack_publicize_connections":[],"jetpack_featured_media_url":"https:\/\/blogs.gazetaesportiva.com\/automobilismo\/files\/2026\/03\/Vicente-da-Silva-Light-Kart-2026.jpg","jetpack_sharing_enabled":true,"jetpack_shortlink":"https:\/\/wp.me\/pblv91-Td","_links":{"self":[{"href":"https:\/\/blogs.gazetaesportiva.com\/automobilismo\/wp-json\/wp\/v2\/posts\/3423","targetHints":{"allow":["GET"]}}],"collection":[{"href":"https:\/\/blogs.gazetaesportiva.com\/automobilismo\/wp-json\/wp\/v2\/posts"}],"about":[{"href":"https:\/\/blogs.gazetaesportiva.com\/automobilismo\/wp-json\/wp\/v2\/types\/post"}],"author":[{"embeddable":true,"href":"https:\/\/blogs.gazetaesportiva.com\/automobilismo\/wp-json\/wp\/v2\/users\/75"}],"replies":[{"embeddable":true,"href":"https:\/\/blogs.gazetaesportiva.com\/automobilismo\/wp-json\/wp\/v2\/comments?post=3423"}],"version-history":[{"count":0,"href":"https:\/\/blogs.gazetaesportiva.com\/automobilismo\/wp-json\/wp\/v2\/posts\/3423\/revisions"}],"wp:featuredmedia":[{"embeddable":true,"href":"https:\/\/blogs.gazetaesportiva.com\/automobilismo\/wp-json\/wp\/v2\/media\/3157"}],"wp:attachment":[{"href":"https:\/\/blogs.gazetaesportiva.com\/automobilismo\/wp-json\/wp\/v2\/media?parent=3423"}],"wp:term":[{"taxonomy":"category","embeddable":true,"href":"https:\/\/blogs.gazetaesportiva.com\/automobilismo\/wp-json\/wp\/v2\/categories?post=3423"},{"taxonomy":"post_tag","embeddable":true,"href":"https:\/\/blogs.gazetaesportiva.com\/automobilismo\/wp-json\/wp\/v2\/tags?post=3423"}],"curies":[{"name":"wp","href":"https:\/\/api.w.org\/{rel}","templated":true}]}}