{"id":3418,"date":"2026-04-28T21:24:37","date_gmt":"2026-04-28T21:24:37","guid":{"rendered":"https:\/\/blogs.gazetaesportiva.com\/automobilismo\/?p=3418"},"modified":"2026-04-28T21:24:37","modified_gmt":"2026-04-28T21:24:37","slug":"matheus-ferreira-garante-top-5-na-austria-e-celebra-desempenho-na-porsche-cup-alema","status":"publish","type":"post","link":"https:\/\/blogs.gazetaesportiva.com\/automobilismo\/2026\/04\/28\/matheus-ferreira-garante-top-5-na-austria-e-celebra-desempenho-na-porsche-cup-alema\/","title":{"rendered":"Matheus Ferreira garante top-5 na \u00c1ustria e celebra desempenho na Porsche Cup Alem\u00e3"},"content":{"rendered":"<p style=\"text-align: justify;\">\u00danico brasileiro disputando a temporada 2026 da Porsche Cup Alem\u00e3, Matheus Ferreira conquistou um quinto lugar na segunda etapa do campeonato, disputada nesse final de semana no Red Bull Ring, na \u00c1ustria. O piloto, que defende a equipe Elite GP, largou da 16\u00aa posi\u00e7\u00e3o e subiu 11 postos para garantir o top-5.<\/p>\n<figure id=\"attachment_3420\" aria-describedby=\"caption-attachment-3420\" style=\"width: 640px\" class=\"wp-caption alignnone\"><img loading=\"lazy\" decoding=\"async\" class=\"size-large wp-image-3420\" src=\"https:\/\/blogs.gazetaesportiva.com\/automobilismo\/files\/2026\/04\/M26_0598_a3_rgb-1024x683.jpg\" alt=\"Matheus Ferreira\" width=\"640\" height=\"427\" srcset=\"https:\/\/blogs.gazetaesportiva.com\/automobilismo\/files\/2026\/04\/M26_0598_a3_rgb-1024x683.jpg 1024w, https:\/\/blogs.gazetaesportiva.com\/automobilismo\/files\/2026\/04\/M26_0598_a3_rgb-300x200.jpg 300w, https:\/\/blogs.gazetaesportiva.com\/automobilismo\/files\/2026\/04\/M26_0598_a3_rgb-768x512.jpg 768w, https:\/\/blogs.gazetaesportiva.com\/automobilismo\/files\/2026\/04\/M26_0598_a3_rgb-1536x1024.jpg 1536w, https:\/\/blogs.gazetaesportiva.com\/automobilismo\/files\/2026\/04\/M26_0598_a3_rgb-2048x1365.jpg 2048w\" sizes=\"auto, (max-width: 640px) 100vw, 640px\" \/><figcaption id=\"caption-attachment-3420\" class=\"wp-caption-text\">Foto: Porsche Carrera Cup Deutschland<\/figcaption><\/figure>\n<p style=\"text-align: justify;\">\u201cA corrida 1 foi muito forte para a gente, largando de 16\u00ba e terminando em quinto. A gente n\u00e3o tinha muito a perder e largando de tr\u00e1s eu tinha que ser agressivo. Fiz muitas ultrapassagens e a corrida teve dois Safety Cars, o que ajudou a juntar o pelot\u00e3o. Estou feliz com o resultado de manter a meta de ser constante no campeonato\u201d, disse Matheus Ferreira, logo ap\u00f3s a disputa da primeira corrida.<\/p>\n<p style=\"text-align: justify;\">A passagem do campeonato pela \u00c1ustria ainda contou com uma segunda disputa. Ferreira mais uma vez avan\u00e7ou no pelot\u00e3o, j\u00e1 que depois de largar da 11\u00aa posi\u00e7\u00e3o, cruzou a linha de chegada com o s\u00e9timo posto. O piloto destacou ainda a evolu\u00e7\u00e3o demonstrada, que ser\u00e1 importante para a pr\u00f3xima etapa da temporada.<\/p>\n<p style=\"text-align: justify;\">\u201cNa corrida 2 tivemos outra corrida forte, largando de 11\u00ba e terminando em s\u00e9timo. A largada foi ok e ganhei posi\u00e7\u00f5es na primeira volta, mas abriu-se uma vantagem entre os pilotos, ent\u00e3o n\u00e3o tivemos muitas a\u00e7\u00f5es. Ainda assim avancei e consegui pontos importantes para o campeonato. O importante \u00e9 a evolu\u00e7\u00e3o que mostramos, e vamos levar isso para Spa, na pr\u00f3xima etapa\u201d, completou.<\/p>\n<p style=\"text-align: justify;\">Com os resultados da etapa austr\u00edaca, Matheus aparece na quinta coloca\u00e7\u00e3o da Porsche Cup Alem\u00e3, somando 46 pontos. A campanha do brasileiro conta at\u00e9 o momento com tr\u00eas chegadas no top-5, com dois quartos lugares na etapa de abertura do campeonato, realizada em \u00cdmola, como melhores resultados.<\/p>\n<p style=\"text-align: justify;\">A pr\u00f3xima etapa ser\u00e1 disputada no circuito de Spa-Francorchamps, na B\u00e9lgica, entre os dias 15 e 17 de maio.<\/p>\n","protected":false},"excerpt":{"rendered":"<p>\u00danico brasileiro disputando a temporada 2026 da Porsche Cup Alem\u00e3, Matheus Ferreira conquistou um quinto lugar na segunda etapa do campeonato, disputada nesse final de <a class=\"read-more\" href=\"https:\/\/blogs.gazetaesportiva.com\/automobilismo\/2026\/04\/28\/matheus-ferreira-garante-top-5-na-austria-e-celebra-desempenho-na-porsche-cup-alema\/\">leia mais<\/a><\/p>\n","protected":false},"author":75,"featured_media":3420,"comment_status":"open","ping_status":"open","sticky":false,"template":"","format":"standard","meta":{"jetpack_post_was_ever_published":false,"_jetpack_newsletter_access":"","_jetpack_dont_email_post_to_subs":false,"_jetpack_newsletter_tier_id":0,"_jetpack_memberships_contains_paywalled_content":false,"_jetpack_memberships_contains_paid_content":false,"footnotes":"","jetpack_publicize_message":"","jetpack_publicize_feature_enabled":true,"jetpack_social_post_already_shared":false,"jetpack_social_options":{"image_generator_settings":{"template":"highway","default_image_id":0,"font":"","enabled":false},"version":2}},"categories":[1],"tags":[],"class_list":["post-3418","post","type-post","status-publish","format-standard","has-post-thumbnail","hentry","category-sem-categoria"],"jetpack_publicize_connections":[],"jetpack_featured_media_url":"https:\/\/blogs.gazetaesportiva.com\/automobilismo\/files\/2026\/04\/M26_0598_a3_rgb-scaled.jpg","jetpack_sharing_enabled":true,"jetpack_shortlink":"https:\/\/wp.me\/pblv91-T8","_links":{"self":[{"href":"https:\/\/blogs.gazetaesportiva.com\/automobilismo\/wp-json\/wp\/v2\/posts\/3418","targetHints":{"allow":["GET"]}}],"collection":[{"href":"https:\/\/blogs.gazetaesportiva.com\/automobilismo\/wp-json\/wp\/v2\/posts"}],"about":[{"href":"https:\/\/blogs.gazetaesportiva.com\/automobilismo\/wp-json\/wp\/v2\/types\/post"}],"author":[{"embeddable":true,"href":"https:\/\/blogs.gazetaesportiva.com\/automobilismo\/wp-json\/wp\/v2\/users\/75"}],"replies":[{"embeddable":true,"href":"https:\/\/blogs.gazetaesportiva.com\/automobilismo\/wp-json\/wp\/v2\/comments?post=3418"}],"version-history":[{"count":1,"href":"https:\/\/blogs.gazetaesportiva.com\/automobilismo\/wp-json\/wp\/v2\/posts\/3418\/revisions"}],"predecessor-version":[{"id":3421,"href":"https:\/\/blogs.gazetaesportiva.com\/automobilismo\/wp-json\/wp\/v2\/posts\/3418\/revisions\/3421"}],"wp:featuredmedia":[{"embeddable":true,"href":"https:\/\/blogs.gazetaesportiva.com\/automobilismo\/wp-json\/wp\/v2\/media\/3420"}],"wp:attachment":[{"href":"https:\/\/blogs.gazetaesportiva.com\/automobilismo\/wp-json\/wp\/v2\/media?parent=3418"}],"wp:term":[{"taxonomy":"category","embeddable":true,"href":"https:\/\/blogs.gazetaesportiva.com\/automobilismo\/wp-json\/wp\/v2\/categories?post=3418"},{"taxonomy":"post_tag","embeddable":true,"href":"https:\/\/blogs.gazetaesportiva.com\/automobilismo\/wp-json\/wp\/v2\/tags?post=3418"}],"curies":[{"name":"wp","href":"https:\/\/api.w.org\/{rel}","templated":true}]}}