{"id":3416,"date":"2026-04-28T19:44:21","date_gmt":"2026-04-28T19:44:21","guid":{"rendered":"https:\/\/blogs.gazetaesportiva.com\/automobilismo\/?p=3416"},"modified":"2026-04-28T19:44:21","modified_gmt":"2026-04-28T19:44:21","slug":"copa-sao-paulo-de-kart-granja-viana-conta-com-podio-feminino-na-terceira-etapa","status":"publish","type":"post","link":"https:\/\/blogs.gazetaesportiva.com\/automobilismo\/2026\/04\/28\/copa-sao-paulo-de-kart-granja-viana-conta-com-podio-feminino-na-terceira-etapa\/","title":{"rendered":"Copa S\u00e3o Paulo de Kart Granja Viana conta com p\u00f3dio feminino na terceira etapa"},"content":{"rendered":"<p>Os pilotos das categorias Mirim, Cadete, F\u00f3rmula 4, F\u00f3rmula 4 J\u00fanior e Pro500 travaram disputas emocionantes pelas vit\u00f3rias na terceira etapa da Copa S\u00e3o Paulo de Kart Granja Viana. As corridas foram realizadas na tarde desse s\u00e1bado no Kart\u00f3dromo Granja Viana, em Cotia (SP), e foram marcadas pela alta competitividade nas disputas, e um p\u00f3dio feminino.<\/p>\n<figure id=\"attachment_3417\" aria-describedby=\"caption-attachment-3417\" style=\"width: 640px\" class=\"wp-caption alignnone\"><img loading=\"lazy\" decoding=\"async\" class=\"size-large wp-image-3417\" src=\"https:\/\/blogs.gazetaesportiva.com\/automobilismo\/files\/2026\/04\/copasp_etapa2-979-1024x683.jpg\" alt=\"\" width=\"640\" height=\"427\" srcset=\"https:\/\/blogs.gazetaesportiva.com\/automobilismo\/files\/2026\/04\/copasp_etapa2-979-1024x683.jpg 1024w, https:\/\/blogs.gazetaesportiva.com\/automobilismo\/files\/2026\/04\/copasp_etapa2-979-300x200.jpg 300w, https:\/\/blogs.gazetaesportiva.com\/automobilismo\/files\/2026\/04\/copasp_etapa2-979-768x512.jpg 768w, https:\/\/blogs.gazetaesportiva.com\/automobilismo\/files\/2026\/04\/copasp_etapa2-979-1536x1024.jpg 1536w, https:\/\/blogs.gazetaesportiva.com\/automobilismo\/files\/2026\/04\/copasp_etapa2-979-2048x1365.jpg 2048w\" sizes=\"auto, (max-width: 640px) 100vw, 640px\" \/><figcaption id=\"caption-attachment-3417\" class=\"wp-caption-text\">Foto: Serj\u00e3o Soares<\/figcaption><\/figure>\n<p>Na F\u00f3rmula 4, Leonardo Canassa foi o vencedor, seguido por Lucas Viscardi e Anderson Gomez, que completaram a lista dos tr\u00eas primeiros. Este mesmo trio, nesta ordem, dominou o top-3 da F\u00f3rmula 4 Light. Pela F\u00f3rmula 4 S\u00eanior, M\u00e1rcio Gazquez venceu, sendo seguido por Cesar Gragnano e por Alexandra Amadeo, que garantiu o p\u00f3dio feminino da etapa.<\/p>\n<p>Entre os competidores da Mirim, a vit\u00f3ria ficou com Enzo Rossi, enquanto Lucca Amaral foi o segundo colocado, seguido por Arthur Novais. J\u00e1 entre os pilotos que disputaram a categoria Cadete, quem subiu no alto do p\u00f3dio foi Ben Leite, que venceu as tr\u00eas corridas do final de semana. Mateus Facco e Matheus Sanchez completaram o top-3.<\/p>\n<p>Pela F\u00f3rmula 4 J\u00fanior, quem celebrou a vit\u00f3ria foi Ant\u00f4nio Baumer, primeiro colocado nas tr\u00eas corridas desta etapa. Vitinho Mendes ficou com a segunda posi\u00e7\u00e3o, enquanto Jo\u00e3o Pedro completou a lista dos tr\u00eas primeiros colocados no KGV.<\/p>\n<p>Enzo Prando e M\u00e1rcio Gazquez venceram na Pro500, que teve a TR3 Motorsport na segunda posi\u00e7\u00e3o, com a For\u00e7a G Racing em terceiro. Pela Pro500 Light, a Car Racing, com o kart n\u00famero 157, triunfou, seguida pela equipe Esquadr\u00e3o do Kart, e pela New Era\/Car Racing. J\u00e1 na Pro500 S\u00eanior, Otto Rezende e Peterson Nakamura venceram.<\/p>\n<p>A pr\u00f3xima etapa da Copa S\u00e3o Paulo de Kart Granja Viana est\u00e1 marcada para o dia 30 de maio, mais uma vez no Kart\u00f3dromo Granja Viana.<\/p>\n","protected":false},"excerpt":{"rendered":"<p>Os pilotos das categorias Mirim, Cadete, F\u00f3rmula 4, F\u00f3rmula 4 J\u00fanior e Pro500 travaram disputas emocionantes pelas vit\u00f3rias na terceira etapa da Copa S\u00e3o Paulo <a class=\"read-more\" href=\"https:\/\/blogs.gazetaesportiva.com\/automobilismo\/2026\/04\/28\/copa-sao-paulo-de-kart-granja-viana-conta-com-podio-feminino-na-terceira-etapa\/\">leia mais<\/a><\/p>\n","protected":false},"author":75,"featured_media":3417,"comment_status":"open","ping_status":"open","sticky":false,"template":"","format":"standard","meta":{"jetpack_post_was_ever_published":false,"_jetpack_newsletter_access":"","_jetpack_dont_email_post_to_subs":false,"_jetpack_newsletter_tier_id":0,"_jetpack_memberships_contains_paywalled_content":false,"_jetpack_memberships_contains_paid_content":false,"footnotes":"","jetpack_publicize_message":"","jetpack_publicize_feature_enabled":true,"jetpack_social_post_already_shared":false,"jetpack_social_options":{"image_generator_settings":{"template":"highway","default_image_id":0,"font":"","enabled":false},"version":2}},"categories":[1],"tags":[],"class_list":["post-3416","post","type-post","status-publish","format-standard","has-post-thumbnail","hentry","category-sem-categoria"],"jetpack_publicize_connections":[],"jetpack_featured_media_url":"https:\/\/blogs.gazetaesportiva.com\/automobilismo\/files\/2026\/04\/copasp_etapa2-979-scaled.jpg","jetpack_sharing_enabled":true,"jetpack_shortlink":"https:\/\/wp.me\/pblv91-T6","_links":{"self":[{"href":"https:\/\/blogs.gazetaesportiva.com\/automobilismo\/wp-json\/wp\/v2\/posts\/3416","targetHints":{"allow":["GET"]}}],"collection":[{"href":"https:\/\/blogs.gazetaesportiva.com\/automobilismo\/wp-json\/wp\/v2\/posts"}],"about":[{"href":"https:\/\/blogs.gazetaesportiva.com\/automobilismo\/wp-json\/wp\/v2\/types\/post"}],"author":[{"embeddable":true,"href":"https:\/\/blogs.gazetaesportiva.com\/automobilismo\/wp-json\/wp\/v2\/users\/75"}],"replies":[{"embeddable":true,"href":"https:\/\/blogs.gazetaesportiva.com\/automobilismo\/wp-json\/wp\/v2\/comments?post=3416"}],"version-history":[{"count":0,"href":"https:\/\/blogs.gazetaesportiva.com\/automobilismo\/wp-json\/wp\/v2\/posts\/3416\/revisions"}],"wp:featuredmedia":[{"embeddable":true,"href":"https:\/\/blogs.gazetaesportiva.com\/automobilismo\/wp-json\/wp\/v2\/media\/3417"}],"wp:attachment":[{"href":"https:\/\/blogs.gazetaesportiva.com\/automobilismo\/wp-json\/wp\/v2\/media?parent=3416"}],"wp:term":[{"taxonomy":"category","embeddable":true,"href":"https:\/\/blogs.gazetaesportiva.com\/automobilismo\/wp-json\/wp\/v2\/categories?post=3416"},{"taxonomy":"post_tag","embeddable":true,"href":"https:\/\/blogs.gazetaesportiva.com\/automobilismo\/wp-json\/wp\/v2\/tags?post=3416"}],"curies":[{"name":"wp","href":"https:\/\/api.w.org\/{rel}","templated":true}]}}