{"id":3414,"date":"2026-04-28T19:27:38","date_gmt":"2026-04-28T19:27:38","guid":{"rendered":"https:\/\/blogs.gazetaesportiva.com\/automobilismo\/?p=3414"},"modified":"2026-04-28T19:27:38","modified_gmt":"2026-04-28T19:27:38","slug":"copa-sao-paulo-de-kart-granja-viana-consagra-vencedores-em-da-3a-etapa-na-rotax-e-shifter","status":"publish","type":"post","link":"https:\/\/blogs.gazetaesportiva.com\/automobilismo\/2026\/04\/28\/copa-sao-paulo-de-kart-granja-viana-consagra-vencedores-em-da-3a-etapa-na-rotax-e-shifter\/","title":{"rendered":"Copa S\u00e3o Paulo de Kart Granja Viana consagra vencedores em da 3\u00aa etapa na Rotax e Shifter"},"content":{"rendered":"<p>Os pilotos das categorias Rotax e Shifter protagonizaram duelos dos mais emocionantes na terceira etapa da Copa S\u00e3o Paulo de Kart Granja Viana. Alguns dos melhores pilotos do kartismo brasileiro estiveram na pista nesse s\u00e1bado no Kart\u00f3dromo Granja Viana, em Cotia (SP), para disputar as vit\u00f3rias em suas categorias.<\/p>\n<figure id=\"attachment_3415\" aria-describedby=\"caption-attachment-3415\" style=\"width: 640px\" class=\"wp-caption alignnone\"><img loading=\"lazy\" decoding=\"async\" class=\"size-large wp-image-3415\" src=\"https:\/\/blogs.gazetaesportiva.com\/automobilismo\/files\/2026\/04\/etapa3_copaspkgv-1024-1024x683.jpg\" alt=\"\" width=\"640\" height=\"427\" srcset=\"https:\/\/blogs.gazetaesportiva.com\/automobilismo\/files\/2026\/04\/etapa3_copaspkgv-1024-1024x683.jpg 1024w, https:\/\/blogs.gazetaesportiva.com\/automobilismo\/files\/2026\/04\/etapa3_copaspkgv-1024-300x200.jpg 300w, https:\/\/blogs.gazetaesportiva.com\/automobilismo\/files\/2026\/04\/etapa3_copaspkgv-1024-768x512.jpg 768w, https:\/\/blogs.gazetaesportiva.com\/automobilismo\/files\/2026\/04\/etapa3_copaspkgv-1024-1536x1024.jpg 1536w, https:\/\/blogs.gazetaesportiva.com\/automobilismo\/files\/2026\/04\/etapa3_copaspkgv-1024-2048x1365.jpg 2048w\" sizes=\"auto, (max-width: 640px) 100vw, 640px\" \/><figcaption id=\"caption-attachment-3415\" class=\"wp-caption-text\">Foto: Serj\u00e3o Soares<\/figcaption><\/figure>\n<p>Pela Rotax Micro Max, a vit\u00f3ria na terceira etapa ficou com Rafael Canuto, enquanto Benjamin Lima foi o segundo colocado, seguido por JP Sim\u00f5es. J\u00e1 na Rotax Mini Max, quem saiu vitorioso foi Lorenzo Kuhn, com Lucca Menossi na segunda posi\u00e7\u00e3o, e Pedro Zanguetin completando a lista dos tr\u00eas melhores da categoria.<\/p>\n<p>Giuliano Raucci venceu na Rotax Max, que ainda contou com Lucas Viscardi e Edward Kirst no grupo dos tr\u00eas melhores. Na Rotax Max Masters, vit\u00f3ria de Michel Aboissa, enquanto Roberto Azana ficou com a segunda coloca\u00e7\u00e3o, sendo seguido por Nelson Stanisci. Pela Rotax Max Super S\u00eanior, Rodrigo Giacomini venceu as duas corridas e a etapa, sendo seguido por Edinho Tavares.<\/p>\n<p>Na Rotax J\u00fanior Max, vit\u00f3ria de Thiago Baroni, com Th\u00e9o Morgado finalizando com a segunda coloca\u00e7\u00e3o, e C\u00e9sar Lemos em terceiro lugar. J\u00e1 na Shifter, Fernando Guzzi venceu, com Bruno Dias e Edu Violante no top-3. Guzzi triunfou tamb\u00e9m na Shifter Grand Super S\u00eanior, seguido por Violante e Lu\u00eds Sousa. Na Shifter S\u00eanior, Bruno Dias venceu, seguido por Lu\u00eds Carvalho e Alexandre Trita.<\/p>\n<p>A pr\u00f3xima etapa da Copa S\u00e3o Paulo de Kart Granja Viana est\u00e1 marcada para o dia 30 de maio, mais uma vez no Kart\u00f3dromo Granja Viana.<\/p>\n","protected":false},"excerpt":{"rendered":"<p>Os pilotos das categorias Rotax e Shifter protagonizaram duelos dos mais emocionantes na terceira etapa da Copa S\u00e3o Paulo de Kart Granja Viana. Alguns dos <a class=\"read-more\" href=\"https:\/\/blogs.gazetaesportiva.com\/automobilismo\/2026\/04\/28\/copa-sao-paulo-de-kart-granja-viana-consagra-vencedores-em-da-3a-etapa-na-rotax-e-shifter\/\">leia mais<\/a><\/p>\n","protected":false},"author":75,"featured_media":3415,"comment_status":"open","ping_status":"open","sticky":false,"template":"","format":"standard","meta":{"jetpack_post_was_ever_published":false,"_jetpack_newsletter_access":"","_jetpack_dont_email_post_to_subs":false,"_jetpack_newsletter_tier_id":0,"_jetpack_memberships_contains_paywalled_content":false,"_jetpack_memberships_contains_paid_content":false,"footnotes":"","jetpack_publicize_message":"","jetpack_publicize_feature_enabled":true,"jetpack_social_post_already_shared":false,"jetpack_social_options":{"image_generator_settings":{"template":"highway","default_image_id":0,"font":"","enabled":false},"version":2}},"categories":[1],"tags":[],"class_list":["post-3414","post","type-post","status-publish","format-standard","has-post-thumbnail","hentry","category-sem-categoria"],"jetpack_publicize_connections":[],"jetpack_featured_media_url":"https:\/\/blogs.gazetaesportiva.com\/automobilismo\/files\/2026\/04\/etapa3_copaspkgv-1024-scaled.jpg","jetpack_sharing_enabled":true,"jetpack_shortlink":"https:\/\/wp.me\/pblv91-T4","_links":{"self":[{"href":"https:\/\/blogs.gazetaesportiva.com\/automobilismo\/wp-json\/wp\/v2\/posts\/3414","targetHints":{"allow":["GET"]}}],"collection":[{"href":"https:\/\/blogs.gazetaesportiva.com\/automobilismo\/wp-json\/wp\/v2\/posts"}],"about":[{"href":"https:\/\/blogs.gazetaesportiva.com\/automobilismo\/wp-json\/wp\/v2\/types\/post"}],"author":[{"embeddable":true,"href":"https:\/\/blogs.gazetaesportiva.com\/automobilismo\/wp-json\/wp\/v2\/users\/75"}],"replies":[{"embeddable":true,"href":"https:\/\/blogs.gazetaesportiva.com\/automobilismo\/wp-json\/wp\/v2\/comments?post=3414"}],"version-history":[{"count":0,"href":"https:\/\/blogs.gazetaesportiva.com\/automobilismo\/wp-json\/wp\/v2\/posts\/3414\/revisions"}],"wp:featuredmedia":[{"embeddable":true,"href":"https:\/\/blogs.gazetaesportiva.com\/automobilismo\/wp-json\/wp\/v2\/media\/3415"}],"wp:attachment":[{"href":"https:\/\/blogs.gazetaesportiva.com\/automobilismo\/wp-json\/wp\/v2\/media?parent=3414"}],"wp:term":[{"taxonomy":"category","embeddable":true,"href":"https:\/\/blogs.gazetaesportiva.com\/automobilismo\/wp-json\/wp\/v2\/categories?post=3414"},{"taxonomy":"post_tag","embeddable":true,"href":"https:\/\/blogs.gazetaesportiva.com\/automobilismo\/wp-json\/wp\/v2\/tags?post=3414"}],"curies":[{"name":"wp","href":"https:\/\/api.w.org\/{rel}","templated":true}]}}