{"id":3412,"date":"2026-04-28T18:27:37","date_gmt":"2026-04-28T18:27:37","guid":{"rendered":"https:\/\/blogs.gazetaesportiva.com\/automobilismo\/?p=3412"},"modified":"2026-04-28T18:27:37","modified_gmt":"2026-04-28T18:27:37","slug":"nascar-brasil-gabriel-casagrande-sonha-com-vitoria-em-corrida-de-casa-em-cascavel","status":"publish","type":"post","link":"https:\/\/blogs.gazetaesportiva.com\/automobilismo\/2026\/04\/28\/nascar-brasil-gabriel-casagrande-sonha-com-vitoria-em-corrida-de-casa-em-cascavel\/","title":{"rendered":"NASCAR Brasil: Gabriel Casagrande sonha com vit\u00f3ria em corrida &#8220;de casa&#8221; em Cascavel"},"content":{"rendered":"<p>A NASCAR Brasil chega em sua segunda etapa da temporada neste final de semana com tr\u00eas corridas sendo realizadas no Aut\u00f3dromo Zilmar Beux, em Cascavel (PR), na pista considerada \u201cde casa\u201d por Gabriel Casagrande.<\/p>\n<figure id=\"attachment_3413\" aria-describedby=\"caption-attachment-3413\" style=\"width: 1500px\" class=\"wp-caption alignnone\"><img loading=\"lazy\" decoding=\"async\" class=\"wp-image-3413 size-full\" src=\"https:\/\/blogs.gazetaesportiva.com\/automobilismo\/files\/2026\/04\/Casagrande-NASCAR-2026-sta-cruz.jpg\" alt=\"\" width=\"1500\" height=\"1000\" srcset=\"https:\/\/blogs.gazetaesportiva.com\/automobilismo\/files\/2026\/04\/Casagrande-NASCAR-2026-sta-cruz.jpg 1500w, https:\/\/blogs.gazetaesportiva.com\/automobilismo\/files\/2026\/04\/Casagrande-NASCAR-2026-sta-cruz-300x200.jpg 300w, https:\/\/blogs.gazetaesportiva.com\/automobilismo\/files\/2026\/04\/Casagrande-NASCAR-2026-sta-cruz-1024x683.jpg 1024w, https:\/\/blogs.gazetaesportiva.com\/automobilismo\/files\/2026\/04\/Casagrande-NASCAR-2026-sta-cruz-768x512.jpg 768w\" sizes=\"auto, (max-width: 1500px) 100vw, 1500px\" \/><figcaption id=\"caption-attachment-3413\" class=\"wp-caption-text\">Foto: Rodrigo Guimar\u00e3es\/RF1<\/figcaption><\/figure>\n<p>Piloto nascido em Francisco Beltr\u00e3o, mas tendo vivido os primeiros anos em Dois Vizinhos e passado parte da inf\u00e2ncia tamb\u00e9m em Pato Branco, Casagrande coleciona tr\u00eas t\u00edtulos da NASCAR Special Edition e ainda conquistou o t\u00edtulo overall em 2024.<\/p>\n<p>Terceiro colocado na tabela da Stock Car em 2026, Casagrande abriu o campeonato da NASCAR Brasil deste ano vencendo a corrida do domingo em Santa Cruz do Sul (RS), mas teve seu carro desclassificado por estar 200 gramas abaixo do peso m\u00ednimo permitido (1.070 kg), ap\u00f3s a vistoria t\u00e9cnica dos comiss\u00e1rios. A equipe AMattheis Vogel entrou com recurso junto ao STJDA e o piloto acredita que o mais importante agora \u00e9 se recuperar corrida a corrida.<\/p>\n<p>\u201cO nosso carro mostrou que estava r\u00e1pido l\u00e1 em Santa Cruz do Sul e \u00e9 nisso que vamos nos basear para tentar voltar a vencer. Esse objetivo de vencer em Cascavel com certeza me motiva muito, ainda mais estando perto da fam\u00edlia e dos meus amigos, ent\u00e3o vamos trabalhar para tentar ganhar e garantir muitos pontos para o campeonato\u201d, afirma Casagrande, que tem patroc\u00ednios de Baterias J\u00fapiter, Axalta, OnPetro, STP, Cresol, RP Info, UFI Filters, Chevrolet e OMP.<\/p>\n<p>A NASCAR Brasil prev\u00ea a disputa de um treino livre na sexta-feira, enquanto o s\u00e1bado ter\u00e1 mais uma sess\u00e3o antes da Sprint Race, \u00e0s 14h30, com apenas os seis melhores da classifica\u00e7\u00e3o. A Sunset Race ser\u00e1 realizada ainda no mesmo dia a partir de 18h05, enquanto a \u00faltima corrida est\u00e1 marcada para 8h25 da manh\u00e3, no domingo.<\/p>\n","protected":false},"excerpt":{"rendered":"<p>A NASCAR Brasil chega em sua segunda etapa da temporada neste final de semana com tr\u00eas corridas sendo realizadas no Aut\u00f3dromo Zilmar Beux, em Cascavel <a class=\"read-more\" href=\"https:\/\/blogs.gazetaesportiva.com\/automobilismo\/2026\/04\/28\/nascar-brasil-gabriel-casagrande-sonha-com-vitoria-em-corrida-de-casa-em-cascavel\/\">leia mais<\/a><\/p>\n","protected":false},"author":75,"featured_media":3413,"comment_status":"open","ping_status":"open","sticky":false,"template":"","format":"standard","meta":{"jetpack_post_was_ever_published":false,"_jetpack_newsletter_access":"","_jetpack_dont_email_post_to_subs":false,"_jetpack_newsletter_tier_id":0,"_jetpack_memberships_contains_paywalled_content":false,"_jetpack_memberships_contains_paid_content":false,"footnotes":"","jetpack_publicize_message":"","jetpack_publicize_feature_enabled":true,"jetpack_social_post_already_shared":false,"jetpack_social_options":{"image_generator_settings":{"template":"highway","default_image_id":0,"font":"","enabled":false},"version":2}},"categories":[1],"tags":[],"class_list":["post-3412","post","type-post","status-publish","format-standard","has-post-thumbnail","hentry","category-sem-categoria"],"jetpack_publicize_connections":[],"jetpack_featured_media_url":"https:\/\/blogs.gazetaesportiva.com\/automobilismo\/files\/2026\/04\/Casagrande-NASCAR-2026-sta-cruz.jpg","jetpack_sharing_enabled":true,"jetpack_shortlink":"https:\/\/wp.me\/pblv91-T2","_links":{"self":[{"href":"https:\/\/blogs.gazetaesportiva.com\/automobilismo\/wp-json\/wp\/v2\/posts\/3412","targetHints":{"allow":["GET"]}}],"collection":[{"href":"https:\/\/blogs.gazetaesportiva.com\/automobilismo\/wp-json\/wp\/v2\/posts"}],"about":[{"href":"https:\/\/blogs.gazetaesportiva.com\/automobilismo\/wp-json\/wp\/v2\/types\/post"}],"author":[{"embeddable":true,"href":"https:\/\/blogs.gazetaesportiva.com\/automobilismo\/wp-json\/wp\/v2\/users\/75"}],"replies":[{"embeddable":true,"href":"https:\/\/blogs.gazetaesportiva.com\/automobilismo\/wp-json\/wp\/v2\/comments?post=3412"}],"version-history":[{"count":0,"href":"https:\/\/blogs.gazetaesportiva.com\/automobilismo\/wp-json\/wp\/v2\/posts\/3412\/revisions"}],"wp:featuredmedia":[{"embeddable":true,"href":"https:\/\/blogs.gazetaesportiva.com\/automobilismo\/wp-json\/wp\/v2\/media\/3413"}],"wp:attachment":[{"href":"https:\/\/blogs.gazetaesportiva.com\/automobilismo\/wp-json\/wp\/v2\/media?parent=3412"}],"wp:term":[{"taxonomy":"category","embeddable":true,"href":"https:\/\/blogs.gazetaesportiva.com\/automobilismo\/wp-json\/wp\/v2\/categories?post=3412"},{"taxonomy":"post_tag","embeddable":true,"href":"https:\/\/blogs.gazetaesportiva.com\/automobilismo\/wp-json\/wp\/v2\/tags?post=3412"}],"curies":[{"name":"wp","href":"https:\/\/api.w.org\/{rel}","templated":true}]}}