{"id":3409,"date":"2026-04-28T15:33:10","date_gmt":"2026-04-28T15:33:10","guid":{"rendered":"https:\/\/blogs.gazetaesportiva.com\/automobilismo\/?p=3409"},"modified":"2026-04-28T15:33:10","modified_gmt":"2026-04-28T15:33:10","slug":"equipe-giaffone-mission-zero-r9-competicoes-busca-novas-conquistas-em-cascavel","status":"publish","type":"post","link":"https:\/\/blogs.gazetaesportiva.com\/automobilismo\/2026\/04\/28\/equipe-giaffone-mission-zero-r9-competicoes-busca-novas-conquistas-em-cascavel\/","title":{"rendered":"Equipe Giaffone Mission Zero\/R9 Competi\u00e7\u00f5es busca novas conquistas em Cascavel"},"content":{"rendered":"<p>Destaque na etapa de abertura do campeonato da Copa Truck com tr\u00eas vit\u00f3rias, a equipe Giaffone Mission Zero\/R9 Competi\u00e7\u00f5es chega na terceira etapa da temporada com foco em subir na tabela. Felipe Giaffone ocupa o quinto lugar e soma 40 pontos com o caminh\u00e3o VW Meteor na Super Truck Pro. O octacampe\u00e3o brasileiro de Truck acredita que o trabalho do time na oficina ser\u00e1 fundamental para voltar a vencer em Cascavel (PR), palco da rodada dupla deste domingo.<\/p>\n<figure id=\"attachment_3410\" aria-describedby=\"caption-attachment-3410\" style=\"width: 300px\" class=\"wp-caption alignnone\"><img loading=\"lazy\" decoding=\"async\" src=\"https:\/\/blogs.gazetaesportiva.com\/automobilismo\/files\/2026\/04\/464240_1197891_whatsapp_image_2026_04_11_at_15.23.48-300x200.jpeg\" alt=\"Felipe Giaffone\" width=\"300\" height=\"200\" class=\"size-medium wp-image-3410\" srcset=\"https:\/\/blogs.gazetaesportiva.com\/automobilismo\/files\/2026\/04\/464240_1197891_whatsapp_image_2026_04_11_at_15.23.48-300x200.jpeg 300w, https:\/\/blogs.gazetaesportiva.com\/automobilismo\/files\/2026\/04\/464240_1197891_whatsapp_image_2026_04_11_at_15.23.48-1024x682.jpeg 1024w, https:\/\/blogs.gazetaesportiva.com\/automobilismo\/files\/2026\/04\/464240_1197891_whatsapp_image_2026_04_11_at_15.23.48-768x512.jpeg 768w, https:\/\/blogs.gazetaesportiva.com\/automobilismo\/files\/2026\/04\/464240_1197891_whatsapp_image_2026_04_11_at_15.23.48.jpeg 1280w\" sizes=\"auto, (max-width: 300px) 100vw, 300px\" \/><figcaption id=\"caption-attachment-3410\" class=\"wp-caption-text\">Foto: Vanderley Soares<\/figcaption><\/figure>\n<p>\u201cN\u00f3s estamos vindo de um final de semana muito duro na pista em Santa Cruz do Sul. Sabemos que precisamos melhorar bastante para voltar para a lideran\u00e7a do campeonato, mas estamos bastante motivados e a equipe trabalhou com foco total na oficina para voltarmos a disputar as vit\u00f3rias\u201d, diz Giaffone.<\/p>\n<p>Nic Giaffone, sensa\u00e7\u00e3o da Super Truck Elite neste in\u00edcio da temporada, exaltou o ritmo mostrado pelo caminh\u00e3o nas duas primeiras etapas. Quarto colocado na tabela com 46 pontos, ele coloca como meta encostar no l\u00edder ap\u00f3s a desclassifica\u00e7\u00e3o dos caminh\u00f5es 4 e 31 na \u00faltima etapa.<\/p>\n<p>\u201cO mais importante \u00e9 pensar na maneira que o caminh\u00e3o tem se comportado, sempre mostrando velocidade e ritmo para brigar pela vit\u00f3ria. Foi assim nas duas primeiras etapas e esperamos que a gente continue nesse caminho em Cascavel\u201d, afirma Nic.<\/p>\n<p>A programa\u00e7\u00e3o da Copa Truck em Cascavel prev\u00ea dois treinos livres para a sexta-feira, com o s\u00e1bado contando com mais uma sess\u00e3o livre e a classifica\u00e7\u00e3o, \u00e0s 12h20. A segunda etapa da temporada 2026 ser\u00e1 disputada neste domingo, \u00e0s 12h10, com transmiss\u00e3o de Band, NSports e YouTube.<\/p>\n","protected":false},"excerpt":{"rendered":"<p>Destaque na etapa de abertura do campeonato da Copa Truck com tr\u00eas vit\u00f3rias, a equipe Giaffone Mission Zero\/R9 Competi\u00e7\u00f5es chega na terceira etapa da temporada <a class=\"read-more\" href=\"https:\/\/blogs.gazetaesportiva.com\/automobilismo\/2026\/04\/28\/equipe-giaffone-mission-zero-r9-competicoes-busca-novas-conquistas-em-cascavel\/\">leia mais<\/a><\/p>\n","protected":false},"author":75,"featured_media":3410,"comment_status":"open","ping_status":"open","sticky":false,"template":"","format":"standard","meta":{"jetpack_post_was_ever_published":false,"_jetpack_newsletter_access":"","_jetpack_dont_email_post_to_subs":false,"_jetpack_newsletter_tier_id":0,"_jetpack_memberships_contains_paywalled_content":false,"_jetpack_memberships_contains_paid_content":false,"footnotes":"","jetpack_publicize_message":"","jetpack_publicize_feature_enabled":true,"jetpack_social_post_already_shared":false,"jetpack_social_options":{"image_generator_settings":{"template":"highway","default_image_id":0,"font":"","enabled":false},"version":2}},"categories":[1],"tags":[],"class_list":["post-3409","post","type-post","status-publish","format-standard","has-post-thumbnail","hentry","category-sem-categoria"],"jetpack_publicize_connections":[],"jetpack_featured_media_url":"https:\/\/blogs.gazetaesportiva.com\/automobilismo\/files\/2026\/04\/464240_1197891_whatsapp_image_2026_04_11_at_15.23.48.jpeg","jetpack_sharing_enabled":true,"jetpack_shortlink":"https:\/\/wp.me\/pblv91-SZ","_links":{"self":[{"href":"https:\/\/blogs.gazetaesportiva.com\/automobilismo\/wp-json\/wp\/v2\/posts\/3409","targetHints":{"allow":["GET"]}}],"collection":[{"href":"https:\/\/blogs.gazetaesportiva.com\/automobilismo\/wp-json\/wp\/v2\/posts"}],"about":[{"href":"https:\/\/blogs.gazetaesportiva.com\/automobilismo\/wp-json\/wp\/v2\/types\/post"}],"author":[{"embeddable":true,"href":"https:\/\/blogs.gazetaesportiva.com\/automobilismo\/wp-json\/wp\/v2\/users\/75"}],"replies":[{"embeddable":true,"href":"https:\/\/blogs.gazetaesportiva.com\/automobilismo\/wp-json\/wp\/v2\/comments?post=3409"}],"version-history":[{"count":0,"href":"https:\/\/blogs.gazetaesportiva.com\/automobilismo\/wp-json\/wp\/v2\/posts\/3409\/revisions"}],"wp:featuredmedia":[{"embeddable":true,"href":"https:\/\/blogs.gazetaesportiva.com\/automobilismo\/wp-json\/wp\/v2\/media\/3410"}],"wp:attachment":[{"href":"https:\/\/blogs.gazetaesportiva.com\/automobilismo\/wp-json\/wp\/v2\/media?parent=3409"}],"wp:term":[{"taxonomy":"category","embeddable":true,"href":"https:\/\/blogs.gazetaesportiva.com\/automobilismo\/wp-json\/wp\/v2\/categories?post=3409"},{"taxonomy":"post_tag","embeddable":true,"href":"https:\/\/blogs.gazetaesportiva.com\/automobilismo\/wp-json\/wp\/v2\/tags?post=3409"}],"curies":[{"name":"wp","href":"https:\/\/api.w.org\/{rel}","templated":true}]}}