{"id":3408,"date":"2026-04-28T13:23:55","date_gmt":"2026-04-28T13:23:55","guid":{"rendered":"https:\/\/blogs.gazetaesportiva.com\/automobilismo\/?p=3408"},"modified":"2026-04-28T13:24:53","modified_gmt":"2026-04-28T13:24:53","slug":"momento-velocidade-conversa-com-heitor-dallagnol-francisco-rocha-e-ricardo-zonta","status":"publish","type":"post","link":"https:\/\/blogs.gazetaesportiva.com\/automobilismo\/2026\/04\/28\/momento-velocidade-conversa-com-heitor-dallagnol-francisco-rocha-e-ricardo-zonta\/","title":{"rendered":"Momento Velocidade fala com Heitor Dallagnol, Francisco Rocha e Ricardo Zonta"},"content":{"rendered":"<p>Na semana em que a F\u00f3rmula 1 est\u00e1 de volta com a disputa do GP de Miami, o Momento Velocidade dentro do Gazeta Esportiva traz uma conversa com Heitor Dallagnol, piloto que venceu a F4 Brasil, principal categoria de monopostos do Pa\u00eds, e que neste ano disputa a Eurocup3 na Europa visando alcan\u00e7ar a categoria m\u00e1xima do esporte a motor mundial no futuro.<\/p>\n<figure id=\"attachment_2990\" aria-describedby=\"caption-attachment-2990\" style=\"width: 300px\" class=\"wp-caption alignnone\"><img loading=\"lazy\" decoding=\"async\" src=\"https:\/\/blogs.gazetaesportiva.com\/automobilismo\/files\/2026\/01\/Heitor-Dallagnol-MMM-Bradesco-300x200.jpg\" alt=\"\" width=\"300\" height=\"200\" class=\"size-medium wp-image-2990\" srcset=\"https:\/\/blogs.gazetaesportiva.com\/automobilismo\/files\/2026\/01\/Heitor-Dallagnol-MMM-Bradesco-300x200.jpg 300w, https:\/\/blogs.gazetaesportiva.com\/automobilismo\/files\/2026\/01\/Heitor-Dallagnol-MMM-Bradesco-1024x683.jpg 1024w, https:\/\/blogs.gazetaesportiva.com\/automobilismo\/files\/2026\/01\/Heitor-Dallagnol-MMM-Bradesco-768x513.jpg 768w, https:\/\/blogs.gazetaesportiva.com\/automobilismo\/files\/2026\/01\/Heitor-Dallagnol-MMM-Bradesco.jpg 1500w\" sizes=\"auto, (max-width: 300px) 100vw, 300px\" \/><figcaption id=\"caption-attachment-2990\" class=\"wp-caption-text\">Foto: Marcelo Machado de Melo \/Vicar<\/figcaption><\/figure>\n<p>Ainda sobre pilotos que buscam chegar na F1 na carreira, o programa conversou com outra jovem revela\u00e7\u00e3o do esporte a motor, Francisco Rocha, que neste ano passa a disputar competi\u00e7\u00f5es no concorrido kartismo europeu. O piloto de 14 anos atua no Champions of the Future e no Campeonato Europeu da modalidade.<\/p>\n<figure id=\"attachment_3336\" aria-describedby=\"caption-attachment-3336\" style=\"width: 300px\" class=\"wp-caption alignnone\"><img loading=\"lazy\" decoding=\"async\" src=\"https:\/\/blogs.gazetaesportiva.com\/automobilismo\/files\/2026\/04\/464561_1199119_wsl_lonato_260416_092012_al1_2737-300x200.jpg\" alt=\"Francisco Rocha\" width=\"300\" height=\"200\" class=\"size-medium wp-image-3336\" srcset=\"https:\/\/blogs.gazetaesportiva.com\/automobilismo\/files\/2026\/04\/464561_1199119_wsl_lonato_260416_092012_al1_2737-300x200.jpg 300w, https:\/\/blogs.gazetaesportiva.com\/automobilismo\/files\/2026\/04\/464561_1199119_wsl_lonato_260416_092012_al1_2737-1024x683.jpg 1024w, https:\/\/blogs.gazetaesportiva.com\/automobilismo\/files\/2026\/04\/464561_1199119_wsl_lonato_260416_092012_al1_2737-768x512.jpg 768w, https:\/\/blogs.gazetaesportiva.com\/automobilismo\/files\/2026\/04\/464561_1199119_wsl_lonato_260416_092012_al1_2737-1536x1024.jpg 1536w, https:\/\/blogs.gazetaesportiva.com\/automobilismo\/files\/2026\/04\/464561_1199119_wsl_lonato_260416_092012_al1_2737-2048x1366.jpg 2048w\" sizes=\"auto, (max-width: 300px) 100vw, 300px\" \/><figcaption id=\"caption-attachment-3336\" class=\"wp-caption-text\">Foto: Matteo Segato<\/figcaption><\/figure>\n<p>O programa tamb\u00e9m tem uma conversa exclusiva com Ricardo Zonta, piloto que representa a TOYOTA GAZOO Racing na Stock Car, e que disputou no \u00faltimo domingo a etapa de Interlagos, a primeira na capital paulista desde a volta dos motores V8 \u00e0 categoria. Vale lembrar que Zonta defendeu a Toyota h\u00e1 30 anos na F1.<\/p>\n<figure id=\"attachment_3203\" aria-describedby=\"caption-attachment-3203\" style=\"width: 300px\" class=\"wp-caption alignnone\"><img loading=\"lazy\" decoding=\"async\" src=\"https:\/\/blogs.gazetaesportiva.com\/automobilismo\/files\/2026\/03\/463081_1194079_whatsapp_image_2026_03_08_at_17.31.43__1_-300x200.jpeg\" alt=\"Ricardo Zonta\" width=\"300\" height=\"200\" class=\"size-medium wp-image-3203\" srcset=\"https:\/\/blogs.gazetaesportiva.com\/automobilismo\/files\/2026\/03\/463081_1194079_whatsapp_image_2026_03_08_at_17.31.43__1_-300x200.jpeg 300w, https:\/\/blogs.gazetaesportiva.com\/automobilismo\/files\/2026\/03\/463081_1194079_whatsapp_image_2026_03_08_at_17.31.43__1_-1024x682.jpeg 1024w, https:\/\/blogs.gazetaesportiva.com\/automobilismo\/files\/2026\/03\/463081_1194079_whatsapp_image_2026_03_08_at_17.31.43__1_-768x512.jpeg 768w, https:\/\/blogs.gazetaesportiva.com\/automobilismo\/files\/2026\/03\/463081_1194079_whatsapp_image_2026_03_08_at_17.31.43__1_.jpeg 1280w\" sizes=\"auto, (max-width: 300px) 100vw, 300px\" \/><figcaption id=\"caption-attachment-3203\" class=\"wp-caption-text\">Foto: Carsten Horst<\/figcaption><\/figure>\n<p>A cobertura da F1 e da Stock voc\u00ea confere no Momento Velocidade.<\/p>\n<p><iframe loading=\"lazy\" title=\"Momento Velocidade fala com Ricardo Zonta na Stock Car e traz revela\u00e7\u00f5es do automobilismo brasileiro\" width=\"640\" height=\"360\" src=\"https:\/\/www.youtube.com\/embed\/xjB-b00yw4w?feature=oembed\" frameborder=\"0\" allow=\"accelerometer; autoplay; clipboard-write; encrypted-media; gyroscope; picture-in-picture; web-share\" referrerpolicy=\"strict-origin-when-cross-origin\" allowfullscreen><\/iframe><\/p>\n","protected":false},"excerpt":{"rendered":"<p>Na semana em que a F\u00f3rmula 1 est\u00e1 de volta com a disputa do GP de Miami, o Momento Velocidade dentro do Gazeta Esportiva traz <a class=\"read-more\" href=\"https:\/\/blogs.gazetaesportiva.com\/automobilismo\/2026\/04\/28\/momento-velocidade-conversa-com-heitor-dallagnol-francisco-rocha-e-ricardo-zonta\/\">leia mais<\/a><\/p>\n","protected":false},"author":75,"featured_media":2990,"comment_status":"open","ping_status":"open","sticky":false,"template":"","format":"standard","meta":{"jetpack_post_was_ever_published":false,"_jetpack_newsletter_access":"","_jetpack_dont_email_post_to_subs":false,"_jetpack_newsletter_tier_id":0,"_jetpack_memberships_contains_paywalled_content":false,"_jetpack_memberships_contains_paid_content":false,"footnotes":"","jetpack_publicize_message":"","jetpack_publicize_feature_enabled":true,"jetpack_social_post_already_shared":false,"jetpack_social_options":{"image_generator_settings":{"template":"highway","default_image_id":0,"font":"","enabled":false},"version":2}},"categories":[1],"tags":[],"class_list":["post-3408","post","type-post","status-publish","format-standard","has-post-thumbnail","hentry","category-sem-categoria"],"jetpack_publicize_connections":[],"jetpack_featured_media_url":"https:\/\/blogs.gazetaesportiva.com\/automobilismo\/files\/2026\/01\/Heitor-Dallagnol-MMM-Bradesco.jpg","jetpack_sharing_enabled":true,"jetpack_shortlink":"https:\/\/wp.me\/pblv91-SY","_links":{"self":[{"href":"https:\/\/blogs.gazetaesportiva.com\/automobilismo\/wp-json\/wp\/v2\/posts\/3408","targetHints":{"allow":["GET"]}}],"collection":[{"href":"https:\/\/blogs.gazetaesportiva.com\/automobilismo\/wp-json\/wp\/v2\/posts"}],"about":[{"href":"https:\/\/blogs.gazetaesportiva.com\/automobilismo\/wp-json\/wp\/v2\/types\/post"}],"author":[{"embeddable":true,"href":"https:\/\/blogs.gazetaesportiva.com\/automobilismo\/wp-json\/wp\/v2\/users\/75"}],"replies":[{"embeddable":true,"href":"https:\/\/blogs.gazetaesportiva.com\/automobilismo\/wp-json\/wp\/v2\/comments?post=3408"}],"version-history":[{"count":0,"href":"https:\/\/blogs.gazetaesportiva.com\/automobilismo\/wp-json\/wp\/v2\/posts\/3408\/revisions"}],"wp:featuredmedia":[{"embeddable":true,"href":"https:\/\/blogs.gazetaesportiva.com\/automobilismo\/wp-json\/wp\/v2\/media\/2990"}],"wp:attachment":[{"href":"https:\/\/blogs.gazetaesportiva.com\/automobilismo\/wp-json\/wp\/v2\/media?parent=3408"}],"wp:term":[{"taxonomy":"category","embeddable":true,"href":"https:\/\/blogs.gazetaesportiva.com\/automobilismo\/wp-json\/wp\/v2\/categories?post=3408"},{"taxonomy":"post_tag","embeddable":true,"href":"https:\/\/blogs.gazetaesportiva.com\/automobilismo\/wp-json\/wp\/v2\/tags?post=3408"}],"curies":[{"name":"wp","href":"https:\/\/api.w.org\/{rel}","templated":true}]}}