{"id":3405,"date":"2026-04-28T13:06:27","date_gmt":"2026-04-28T13:06:27","guid":{"rendered":"https:\/\/blogs.gazetaesportiva.com\/automobilismo\/?p=3405"},"modified":"2026-04-28T13:06:27","modified_gmt":"2026-04-28T13:06:27","slug":"familia-giaffone-conversa-com-o-momento-velocidade-no-interior-gaucho","status":"publish","type":"post","link":"https:\/\/blogs.gazetaesportiva.com\/automobilismo\/2026\/04\/28\/familia-giaffone-conversa-com-o-momento-velocidade-no-interior-gaucho\/","title":{"rendered":"Fam\u00edlia Giaffone conversa com o Momento Velocidade no interior ga\u00facho"},"content":{"rendered":"<p>O Momento Velocidade deste domingo trouxe uma entrevista com Felipe, Nic e Tito Giaffone, pilotos que atuam na Copa Truck e na NASCAR Brasil, respectivamente. O trio esteve em Santa Cruz do Sul (RS) para as disputas da segunda etapa do campeonato dos caminh\u00f5es, para Felipe e Nic, e a primeira da competi\u00e7\u00e3o de Turismo, para Tito.<\/p>\n<figure id=\"attachment_3406\" aria-describedby=\"caption-attachment-3406\" style=\"width: 300px\" class=\"wp-caption alignnone\"><img loading=\"lazy\" decoding=\"async\" src=\"https:\/\/blogs.gazetaesportiva.com\/automobilismo\/files\/2026\/04\/464209_1197739_whatsapp_image_2026_04_10_at_14.35.10-300x200.jpeg\" alt=\"\" width=\"300\" height=\"200\" class=\"size-medium wp-image-3406\" srcset=\"https:\/\/blogs.gazetaesportiva.com\/automobilismo\/files\/2026\/04\/464209_1197739_whatsapp_image_2026_04_10_at_14.35.10-300x200.jpeg 300w, https:\/\/blogs.gazetaesportiva.com\/automobilismo\/files\/2026\/04\/464209_1197739_whatsapp_image_2026_04_10_at_14.35.10-1024x682.jpeg 1024w, https:\/\/blogs.gazetaesportiva.com\/automobilismo\/files\/2026\/04\/464209_1197739_whatsapp_image_2026_04_10_at_14.35.10-768x512.jpeg 768w, https:\/\/blogs.gazetaesportiva.com\/automobilismo\/files\/2026\/04\/464209_1197739_whatsapp_image_2026_04_10_at_14.35.10.jpeg 1280w\" sizes=\"auto, (max-width: 300px) 100vw, 300px\" \/><figcaption id=\"caption-attachment-3406\" class=\"wp-caption-text\">Foto: Vanderley Soares<\/figcaption><\/figure>\n<p>Felipe, que busca nesta temporada seu quarto t\u00edtulo consecutivo, falou sobre a curva de aprendizado de Nic, seu filho e companheiro de equipe na Giaffone Mission Zero\/R9 Competi\u00e7\u00f5es. O piloto tamb\u00e9m falou sobre como \u00e9 acompanhar Tito nas provas de NASCAR Brasil, onde o filho ainda busca adquirir experi\u00eancia.<\/p>\n<p><iframe loading=\"lazy\" title=\"Momento Velocidade | Gazeta Motors\" width=\"640\" height=\"360\" src=\"https:\/\/www.youtube.com\/embed\/xSdibHbw5ug?feature=oembed\" frameborder=\"0\" allow=\"accelerometer; autoplay; clipboard-write; encrypted-media; gyroscope; picture-in-picture; web-share\" referrerpolicy=\"strict-origin-when-cross-origin\" allowfullscreen><\/iframe><\/p>\n<p>Tito, que foi ao p\u00f3dio na etapa ga\u00facha, esteve entre os melhores da NASCAR Brasil na Sprint Race, sendo o \u00fanico de sua categoria, a Challenge, a alcan\u00e7ar a corrida que ajudou a definir o grid de largada para as provas realizadas naquele domingo.<\/p>\n<figure id=\"attachment_3407\" aria-describedby=\"caption-attachment-3407\" style=\"width: 300px\" class=\"wp-caption alignnone\"><img loading=\"lazy\" decoding=\"async\" src=\"https:\/\/blogs.gazetaesportiva.com\/automobilismo\/files\/2026\/04\/464242_1197915_whatsapp_image_2026_04_11_at_12.53.14-300x199.jpeg\" alt=\"\" width=\"300\" height=\"199\" class=\"size-medium wp-image-3407\" srcset=\"https:\/\/blogs.gazetaesportiva.com\/automobilismo\/files\/2026\/04\/464242_1197915_whatsapp_image_2026_04_11_at_12.53.14-300x199.jpeg 300w, https:\/\/blogs.gazetaesportiva.com\/automobilismo\/files\/2026\/04\/464242_1197915_whatsapp_image_2026_04_11_at_12.53.14-1024x681.jpeg 1024w, https:\/\/blogs.gazetaesportiva.com\/automobilismo\/files\/2026\/04\/464242_1197915_whatsapp_image_2026_04_11_at_12.53.14-768x511.jpeg 768w, https:\/\/blogs.gazetaesportiva.com\/automobilismo\/files\/2026\/04\/464242_1197915_whatsapp_image_2026_04_11_at_12.53.14.jpeg 1280w\" sizes=\"auto, (max-width: 300px) 100vw, 300px\" \/><figcaption id=\"caption-attachment-3407\" class=\"wp-caption-text\">Foto: Vanderley Soares<\/figcaption><\/figure>\n<p>Nic, por sua vez, destacou o caminh\u00e3o que a equipe tem entregado nas etapas deste ano. O piloto foi um dos destaques em Santa Cruz do Sul e, na abertura do campeonato da Copa Truck, em Campo Grande, venceu as duas corridas daquele final de semana.<\/p>\n<p>A cobertura do esporte a motor brasileiro voc\u00ea confere sempre no Momento Velocidade, na TV Gazeta.<\/p>\n<p>&nbsp;<\/p>\n","protected":false},"excerpt":{"rendered":"<p>O Momento Velocidade deste domingo trouxe uma entrevista com Felipe, Nic e Tito Giaffone, pilotos que atuam na Copa Truck e na NASCAR Brasil, respectivamente. <a class=\"read-more\" href=\"https:\/\/blogs.gazetaesportiva.com\/automobilismo\/2026\/04\/28\/familia-giaffone-conversa-com-o-momento-velocidade-no-interior-gaucho\/\">leia mais<\/a><\/p>\n","protected":false},"author":75,"featured_media":3406,"comment_status":"open","ping_status":"open","sticky":false,"template":"","format":"standard","meta":{"jetpack_post_was_ever_published":false,"_jetpack_newsletter_access":"","_jetpack_dont_email_post_to_subs":false,"_jetpack_newsletter_tier_id":0,"_jetpack_memberships_contains_paywalled_content":false,"_jetpack_memberships_contains_paid_content":false,"footnotes":"","jetpack_publicize_message":"","jetpack_publicize_feature_enabled":true,"jetpack_social_post_already_shared":false,"jetpack_social_options":{"image_generator_settings":{"template":"highway","default_image_id":0,"font":"","enabled":false},"version":2}},"categories":[1],"tags":[],"class_list":["post-3405","post","type-post","status-publish","format-standard","has-post-thumbnail","hentry","category-sem-categoria"],"jetpack_publicize_connections":[],"jetpack_featured_media_url":"https:\/\/blogs.gazetaesportiva.com\/automobilismo\/files\/2026\/04\/464209_1197739_whatsapp_image_2026_04_10_at_14.35.10.jpeg","jetpack_sharing_enabled":true,"jetpack_shortlink":"https:\/\/wp.me\/pblv91-SV","_links":{"self":[{"href":"https:\/\/blogs.gazetaesportiva.com\/automobilismo\/wp-json\/wp\/v2\/posts\/3405","targetHints":{"allow":["GET"]}}],"collection":[{"href":"https:\/\/blogs.gazetaesportiva.com\/automobilismo\/wp-json\/wp\/v2\/posts"}],"about":[{"href":"https:\/\/blogs.gazetaesportiva.com\/automobilismo\/wp-json\/wp\/v2\/types\/post"}],"author":[{"embeddable":true,"href":"https:\/\/blogs.gazetaesportiva.com\/automobilismo\/wp-json\/wp\/v2\/users\/75"}],"replies":[{"embeddable":true,"href":"https:\/\/blogs.gazetaesportiva.com\/automobilismo\/wp-json\/wp\/v2\/comments?post=3405"}],"version-history":[{"count":0,"href":"https:\/\/blogs.gazetaesportiva.com\/automobilismo\/wp-json\/wp\/v2\/posts\/3405\/revisions"}],"wp:featuredmedia":[{"embeddable":true,"href":"https:\/\/blogs.gazetaesportiva.com\/automobilismo\/wp-json\/wp\/v2\/media\/3406"}],"wp:attachment":[{"href":"https:\/\/blogs.gazetaesportiva.com\/automobilismo\/wp-json\/wp\/v2\/media?parent=3405"}],"wp:term":[{"taxonomy":"category","embeddable":true,"href":"https:\/\/blogs.gazetaesportiva.com\/automobilismo\/wp-json\/wp\/v2\/categories?post=3405"},{"taxonomy":"post_tag","embeddable":true,"href":"https:\/\/blogs.gazetaesportiva.com\/automobilismo\/wp-json\/wp\/v2\/tags?post=3405"}],"curies":[{"name":"wp","href":"https:\/\/api.w.org\/{rel}","templated":true}]}}