{"id":3403,"date":"2026-04-28T12:56:03","date_gmt":"2026-04-28T12:56:03","guid":{"rendered":"https:\/\/blogs.gazetaesportiva.com\/automobilismo\/?p=3403"},"modified":"2026-04-28T12:56:03","modified_gmt":"2026-04-28T12:56:03","slug":"pilotos-da-toyota-gazoo-racing-levam-convidados-para-andar-nas-pistas-da-stock-car","status":"publish","type":"post","link":"https:\/\/blogs.gazetaesportiva.com\/automobilismo\/2026\/04\/28\/pilotos-da-toyota-gazoo-racing-levam-convidados-para-andar-nas-pistas-da-stock-car\/","title":{"rendered":"Pilotos da TOYOTA GAZOO Racing levam convidados para andar nas pistas da Stock Car"},"content":{"rendered":"<p>O Momento Velocidade deste domingo trouxe os bastidores de uma a\u00e7\u00e3o das mais interessantes com clientes da Toyota durante o final de semana da segunda etapa da temporada 2026 da Stock Car, realizada no Aut\u00f3dromo Zilmar Beux, em Cascavel (PR). \u00c9 neste circuito onde est\u00e1 a curva mais veloz do campeonato, o Baci\u00e3o.<\/p>\n<figure id=\"attachment_3404\" aria-describedby=\"caption-attachment-3404\" style=\"width: 300px\" class=\"wp-caption alignnone\"><img loading=\"lazy\" decoding=\"async\" class=\"size-medium wp-image-3404\" src=\"https:\/\/blogs.gazetaesportiva.com\/automobilismo\/files\/2026\/04\/VLN_8703-300x200.jpg\" alt=\"\" width=\"300\" height=\"200\" srcset=\"https:\/\/blogs.gazetaesportiva.com\/automobilismo\/files\/2026\/04\/VLN_8703-300x200.jpg 300w, https:\/\/blogs.gazetaesportiva.com\/automobilismo\/files\/2026\/04\/VLN_8703-1024x683.jpg 1024w, https:\/\/blogs.gazetaesportiva.com\/automobilismo\/files\/2026\/04\/VLN_8703-768x512.jpg 768w, https:\/\/blogs.gazetaesportiva.com\/automobilismo\/files\/2026\/04\/VLN_8703-1536x1024.jpg 1536w, https:\/\/blogs.gazetaesportiva.com\/automobilismo\/files\/2026\/04\/VLN_8703-2048x1365.jpg 2048w\" sizes=\"auto, (max-width: 300px) 100vw, 300px\" \/><figcaption id=\"caption-attachment-3404\" class=\"wp-caption-text\">Foto: Carsten Horst<\/figcaption><\/figure>\n<p>Na ocasi\u00e3o, alguns convidados puderam andar com os ve\u00edculos no circuito mais veloz do Pa\u00eds. E isso sempre acompanhados de pilotos, como a dupla da TOYOTA GAZOO Racing, formada por Ricardo Zonta e Alfredinho Ibiapina, e por embaixadores da marca, como Cesar Ramos.<\/p>\n<p><iframe loading=\"lazy\" title=\"Momento Velocidade | Gazeta Motors\" width=\"640\" height=\"360\" src=\"https:\/\/www.youtube.com\/embed\/unQgf5jTaMc?feature=oembed\" frameborder=\"0\" allow=\"accelerometer; autoplay; clipboard-write; encrypted-media; gyroscope; picture-in-picture; web-share\" referrerpolicy=\"strict-origin-when-cross-origin\" allowfullscreen><\/iframe><\/p>\n<p>A a\u00e7\u00e3o promovida pela Toyota ocorre em todas as 12 etapas da Stock Car, sempre antes do in\u00edcio das atividades de pista do campeonato.<\/p>\n<p>A cobertura do esporte a motor brasileiro voc\u00ea confere sempre no Momento Velocidade, na TV Gazeta.<\/p>\n","protected":false},"excerpt":{"rendered":"<p>O Momento Velocidade deste domingo trouxe os bastidores de uma a\u00e7\u00e3o das mais interessantes com clientes da Toyota durante o final de semana da segunda <a class=\"read-more\" href=\"https:\/\/blogs.gazetaesportiva.com\/automobilismo\/2026\/04\/28\/pilotos-da-toyota-gazoo-racing-levam-convidados-para-andar-nas-pistas-da-stock-car\/\">leia mais<\/a><\/p>\n","protected":false},"author":75,"featured_media":3404,"comment_status":"open","ping_status":"open","sticky":false,"template":"","format":"standard","meta":{"jetpack_post_was_ever_published":false,"_jetpack_newsletter_access":"","_jetpack_dont_email_post_to_subs":false,"_jetpack_newsletter_tier_id":0,"_jetpack_memberships_contains_paywalled_content":false,"_jetpack_memberships_contains_paid_content":false,"footnotes":"","jetpack_publicize_message":"","jetpack_publicize_feature_enabled":true,"jetpack_social_post_already_shared":false,"jetpack_social_options":{"image_generator_settings":{"template":"highway","default_image_id":0,"font":"","enabled":false},"version":2}},"categories":[1],"tags":[],"class_list":["post-3403","post","type-post","status-publish","format-standard","has-post-thumbnail","hentry","category-sem-categoria"],"jetpack_publicize_connections":[],"jetpack_featured_media_url":"https:\/\/blogs.gazetaesportiva.com\/automobilismo\/files\/2026\/04\/VLN_8703-scaled.jpg","jetpack_sharing_enabled":true,"jetpack_shortlink":"https:\/\/wp.me\/pblv91-ST","_links":{"self":[{"href":"https:\/\/blogs.gazetaesportiva.com\/automobilismo\/wp-json\/wp\/v2\/posts\/3403","targetHints":{"allow":["GET"]}}],"collection":[{"href":"https:\/\/blogs.gazetaesportiva.com\/automobilismo\/wp-json\/wp\/v2\/posts"}],"about":[{"href":"https:\/\/blogs.gazetaesportiva.com\/automobilismo\/wp-json\/wp\/v2\/types\/post"}],"author":[{"embeddable":true,"href":"https:\/\/blogs.gazetaesportiva.com\/automobilismo\/wp-json\/wp\/v2\/users\/75"}],"replies":[{"embeddable":true,"href":"https:\/\/blogs.gazetaesportiva.com\/automobilismo\/wp-json\/wp\/v2\/comments?post=3403"}],"version-history":[{"count":0,"href":"https:\/\/blogs.gazetaesportiva.com\/automobilismo\/wp-json\/wp\/v2\/posts\/3403\/revisions"}],"wp:featuredmedia":[{"embeddable":true,"href":"https:\/\/blogs.gazetaesportiva.com\/automobilismo\/wp-json\/wp\/v2\/media\/3404"}],"wp:attachment":[{"href":"https:\/\/blogs.gazetaesportiva.com\/automobilismo\/wp-json\/wp\/v2\/media?parent=3403"}],"wp:term":[{"taxonomy":"category","embeddable":true,"href":"https:\/\/blogs.gazetaesportiva.com\/automobilismo\/wp-json\/wp\/v2\/categories?post=3403"},{"taxonomy":"post_tag","embeddable":true,"href":"https:\/\/blogs.gazetaesportiva.com\/automobilismo\/wp-json\/wp\/v2\/tags?post=3403"}],"curies":[{"name":"wp","href":"https:\/\/api.w.org\/{rel}","templated":true}]}}