{"id":3401,"date":"2026-04-27T21:21:11","date_gmt":"2026-04-27T21:21:11","guid":{"rendered":"https:\/\/blogs.gazetaesportiva.com\/automobilismo\/?p=3401"},"modified":"2026-04-27T21:21:11","modified_gmt":"2026-04-27T21:21:11","slug":"rafael-camara-busca-novo-podio-em-estreia-da-f2-em-miami","status":"publish","type":"post","link":"https:\/\/blogs.gazetaesportiva.com\/automobilismo\/2026\/04\/27\/rafael-camara-busca-novo-podio-em-estreia-da-f2-em-miami\/","title":{"rendered":"Rafael C\u00e2mara busca novo p\u00f3dio em estreia da F2 em Miami"},"content":{"rendered":"<figure id=\"attachment_3402\" aria-describedby=\"caption-attachment-3402\" style=\"width: 2560px\" class=\"wp-caption alignnone\"><img loading=\"lazy\" decoding=\"async\" class=\"wp-image-3402 size-full\" src=\"https:\/\/blogs.gazetaesportiva.com\/automobilismo\/files\/2026\/04\/e0d7c6b0-57be-f7ba-6e57-322c736a5d12-scaled.jpg\" alt=\"\" width=\"2560\" height=\"1707\" srcset=\"https:\/\/blogs.gazetaesportiva.com\/automobilismo\/files\/2026\/04\/e0d7c6b0-57be-f7ba-6e57-322c736a5d12-scaled.jpg 2560w, https:\/\/blogs.gazetaesportiva.com\/automobilismo\/files\/2026\/04\/e0d7c6b0-57be-f7ba-6e57-322c736a5d12-300x200.jpg 300w, https:\/\/blogs.gazetaesportiva.com\/automobilismo\/files\/2026\/04\/e0d7c6b0-57be-f7ba-6e57-322c736a5d12-1024x683.jpg 1024w, https:\/\/blogs.gazetaesportiva.com\/automobilismo\/files\/2026\/04\/e0d7c6b0-57be-f7ba-6e57-322c736a5d12-768x512.jpg 768w, https:\/\/blogs.gazetaesportiva.com\/automobilismo\/files\/2026\/04\/e0d7c6b0-57be-f7ba-6e57-322c736a5d12-1536x1024.jpg 1536w, https:\/\/blogs.gazetaesportiva.com\/automobilismo\/files\/2026\/04\/e0d7c6b0-57be-f7ba-6e57-322c736a5d12-2048x1365.jpg 2048w\" sizes=\"auto, (max-width: 2560px) 100vw, 2560px\" \/><figcaption id=\"caption-attachment-3402\" class=\"wp-caption-text\">Foto: Dutch Photo Agency<\/figcaption><\/figure>\n<p style=\"text-align: justify;\">A F\u00f3rmula 2 realiza neste final de semana a segunda etapa da temporada 2026 em um palco in\u00e9dito em sua hist\u00f3ria: o circuito de Miami, nos Estados Unidos. Atual campe\u00e3o da F\u00f3rmula 3, Rafael C\u00e2mara parte para a rodada dupla buscando manter o desempenho apresentado na abertura do campeonato, na Austr\u00e1lia, quando garantiu um segundo lugar na corrida principal com a Invicta Racing.<\/p>\n<p style=\"text-align: justify;\">O brasileiro, integrante do Ferrari Driver Academy, destacou o trabalho feito com a Invicta Racing na rodada dupla que iniciou a temporada, mas mant\u00e9m os p\u00e9s no ch\u00e3o. Para C\u00e2mara, \u00e9 importante seguir o bom desempenho na sequ\u00eancia do campeonato, j\u00e1 a partir de Miami, para chegar no final do campeonato brigando pelo t\u00edtulo da F2.<\/p>\n<p style=\"text-align: justify;\">\u201cEstou realmente feliz com o trabalho que n\u00f3s fizemos junto da equipe. Agora, n\u00f3s precisamos seguir na dire\u00e7\u00e3o certa e levar este momento para a nossa pr\u00f3xima corrida\u201d, disse Rafael C\u00e2mara, que ocupa a vice-lideran\u00e7a do campeonato da F2 ap\u00f3s a etapa da Austr\u00e1lia, somando 18 pontos, sete a menos em rela\u00e7\u00e3o ao l\u00edder.<\/p>\n<p style=\"text-align: justify;\">Miami era um circuito que, inicialmente n\u00e3o receberia a F2. A etapa foi inclu\u00edda por conta da impossibilidade da realiza\u00e7\u00e3o das rodadas duplas do Bahrein e da Ar\u00e1bia Saudita, em decorr\u00eancia dos conflitos no Oriente M\u00e9dio, que ocorrem desde o m\u00eas de mar\u00e7o.<\/p>\n<p style=\"text-align: justify;\">A programa\u00e7\u00e3o da F2 em Miami ter\u00e1 in\u00edcio nesta sexta-feira (1\u00ba), quando ocorrem o \u00fanico treino livre do final de semana e a classifica\u00e7\u00e3o que determinar\u00e1 as posi\u00e7\u00f5es de largada para as duas corridas. O s\u00e1bado \u00e9 reservado para a Sprint, que tem largada \u00e0s 11h. A disputa principal est\u00e1 marcada para 13h30 de domingo. O Sportv mostra a etapa ao vivo.<\/p>\n<p style=\"text-align: justify;\"><strong>Confira a programa\u00e7\u00e3o da etapa de Miami da F2:<\/strong><\/p>\n<p style=\"text-align: justify;\">Sexta-feira, 1\u00ba de maio<br \/>\n11h \u2013 treino livre<br \/>\n15h30 \u2013 classifica\u00e7\u00e3o<\/p>\n<p style=\"text-align: justify;\">S\u00e1bado, 2 de maio<br \/>\n11h \u2013 corrida Sprint<\/p>\n<p style=\"text-align: justify;\">Domingo, 3 de maio<br \/>\n13h30 \u2013 corrida principal<\/p>\n","protected":false},"excerpt":{"rendered":"<p>A F\u00f3rmula 2 realiza neste final de semana a segunda etapa da temporada 2026 em um palco in\u00e9dito em sua hist\u00f3ria: o circuito de Miami, <a class=\"read-more\" href=\"https:\/\/blogs.gazetaesportiva.com\/automobilismo\/2026\/04\/27\/rafael-camara-busca-novo-podio-em-estreia-da-f2-em-miami\/\">leia mais<\/a><\/p>\n","protected":false},"author":75,"featured_media":3402,"comment_status":"open","ping_status":"open","sticky":false,"template":"","format":"standard","meta":{"jetpack_post_was_ever_published":false,"_jetpack_newsletter_access":"","_jetpack_dont_email_post_to_subs":false,"_jetpack_newsletter_tier_id":0,"_jetpack_memberships_contains_paywalled_content":false,"_jetpack_memberships_contains_paid_content":false,"footnotes":"","jetpack_publicize_message":"","jetpack_publicize_feature_enabled":true,"jetpack_social_post_already_shared":false,"jetpack_social_options":{"image_generator_settings":{"template":"highway","default_image_id":0,"font":"","enabled":false},"version":2}},"categories":[1],"tags":[],"class_list":["post-3401","post","type-post","status-publish","format-standard","has-post-thumbnail","hentry","category-sem-categoria"],"jetpack_publicize_connections":[],"jetpack_featured_media_url":"https:\/\/blogs.gazetaesportiva.com\/automobilismo\/files\/2026\/04\/e0d7c6b0-57be-f7ba-6e57-322c736a5d12-scaled.jpg","jetpack_sharing_enabled":true,"jetpack_shortlink":"https:\/\/wp.me\/pblv91-SR","_links":{"self":[{"href":"https:\/\/blogs.gazetaesportiva.com\/automobilismo\/wp-json\/wp\/v2\/posts\/3401","targetHints":{"allow":["GET"]}}],"collection":[{"href":"https:\/\/blogs.gazetaesportiva.com\/automobilismo\/wp-json\/wp\/v2\/posts"}],"about":[{"href":"https:\/\/blogs.gazetaesportiva.com\/automobilismo\/wp-json\/wp\/v2\/types\/post"}],"author":[{"embeddable":true,"href":"https:\/\/blogs.gazetaesportiva.com\/automobilismo\/wp-json\/wp\/v2\/users\/75"}],"replies":[{"embeddable":true,"href":"https:\/\/blogs.gazetaesportiva.com\/automobilismo\/wp-json\/wp\/v2\/comments?post=3401"}],"version-history":[{"count":0,"href":"https:\/\/blogs.gazetaesportiva.com\/automobilismo\/wp-json\/wp\/v2\/posts\/3401\/revisions"}],"wp:featuredmedia":[{"embeddable":true,"href":"https:\/\/blogs.gazetaesportiva.com\/automobilismo\/wp-json\/wp\/v2\/media\/3402"}],"wp:attachment":[{"href":"https:\/\/blogs.gazetaesportiva.com\/automobilismo\/wp-json\/wp\/v2\/media?parent=3401"}],"wp:term":[{"taxonomy":"category","embeddable":true,"href":"https:\/\/blogs.gazetaesportiva.com\/automobilismo\/wp-json\/wp\/v2\/categories?post=3401"},{"taxonomy":"post_tag","embeddable":true,"href":"https:\/\/blogs.gazetaesportiva.com\/automobilismo\/wp-json\/wp\/v2\/tags?post=3401"}],"curies":[{"name":"wp","href":"https:\/\/api.w.org\/{rel}","templated":true}]}}