{"id":3400,"date":"2026-04-27T20:10:38","date_gmt":"2026-04-27T20:10:38","guid":{"rendered":"https:\/\/blogs.gazetaesportiva.com\/automobilismo\/?p=3400"},"modified":"2026-04-27T20:10:38","modified_gmt":"2026-04-27T20:10:38","slug":"toyota-gazoo-racing-celebra-vitoria-na-stock-car-e-estreia-do-gr-yaris-como-safety-car-em-interlagos","status":"publish","type":"post","link":"https:\/\/blogs.gazetaesportiva.com\/automobilismo\/2026\/04\/27\/toyota-gazoo-racing-celebra-vitoria-na-stock-car-e-estreia-do-gr-yaris-como-safety-car-em-interlagos\/","title":{"rendered":"TOYOTA GAZOO Racing celebra vit\u00f3ria na Stock Car e estreia do GR Yaris como Safety Car em Interlagos"},"content":{"rendered":"<figure id=\"attachment_3356\" aria-describedby=\"caption-attachment-3356\" style=\"width: 2560px\" class=\"wp-caption alignnone\"><img loading=\"lazy\" decoding=\"async\" class=\"wp-image-3356 size-full\" src=\"https:\/\/blogs.gazetaesportiva.com\/automobilismo\/files\/2026\/04\/CH3_3026-scaled.jpg\" alt=\"Toyota\" width=\"2560\" height=\"1707\" srcset=\"https:\/\/blogs.gazetaesportiva.com\/automobilismo\/files\/2026\/04\/CH3_3026-scaled.jpg 2560w, https:\/\/blogs.gazetaesportiva.com\/automobilismo\/files\/2026\/04\/CH3_3026-300x200.jpg 300w, https:\/\/blogs.gazetaesportiva.com\/automobilismo\/files\/2026\/04\/CH3_3026-1024x683.jpg 1024w, https:\/\/blogs.gazetaesportiva.com\/automobilismo\/files\/2026\/04\/CH3_3026-768x512.jpg 768w, https:\/\/blogs.gazetaesportiva.com\/automobilismo\/files\/2026\/04\/CH3_3026-1536x1024.jpg 1536w, https:\/\/blogs.gazetaesportiva.com\/automobilismo\/files\/2026\/04\/CH3_3026-2048x1365.jpg 2048w\" sizes=\"auto, (max-width: 2560px) 100vw, 2560px\" \/><figcaption id=\"caption-attachment-3356\" class=\"wp-caption-text\">Foto: Carsten Horst<\/figcaption><\/figure>\n<p style=\"text-align: justify;\">O final de semana da TOYOTA GAZOO Racing no Aut\u00f3dromo de Interlagos, em S\u00e3o Paulo (SP), local que recebeu a terceira etapa da temporada 2026 da Stock Car, foi marcado por vit\u00f3rias nas pistas e a\u00e7\u00f5es importantes para a fabricante, que atua na categoria m\u00e1xima do esporte a motor brasileiro desde 2020.<\/p>\n<p style=\"text-align: justify;\">Dentro da pista, a TOYOTA GAZOO Racing celebrou, ainda no s\u00e1bado, a vit\u00f3ria de L\u00e9o Reis, piloto que faz sua temporada de estreia na Stock Car, na Sprint. A prova ainda contou com o segundo lugar de Alfredinho Ibiapina, que defende a FT GAZOO Racing e tamb\u00e9m faz seu primeiro ano no campeonato.<\/p>\n<p style=\"text-align: justify;\">Al\u00e9m disso, a etapa contou com uma novidade. O GR Yaris, modelo que chegou nas concession\u00e1rias neste m\u00eas de abril, foi o Safety Car da etapa. Assim, o ve\u00edculo esteve \u00e0 frente do pelot\u00e3o antes das largadas das duas corridas do final de semana na capital paulista.<\/p>\n<p style=\"text-align: justify;\">Como sempre ocorre na Stock Car, o final de semana contou com clientes na pista, onde puderam andar tanto com o GR Yaris quanto com modelos esportivos da Toyota, como o GR Corolla. Em Interlagos, a a\u00e7\u00e3o ocorreu na tarde da \u00faltima quinta-feira.<\/p>\n<p style=\"text-align: justify;\">J\u00e1 no domingo, quem visitou o Aut\u00f3dromo de Interlagos foi Evandro Maggio, presidente da Toyota do Brasil, que foi recepcionado pelos pilotos Ricardo Zonta e Alfredinho Ibiapina tanto nos boxes quanto nos camarotes da TOYOTA GAZOO Racing no aut\u00f3dromo paulistano.<\/p>\n<p style=\"text-align: justify;\">A Stock Car ter\u00e1 sequ\u00eancia nos dias 15, 16 e 17 de maio, em Goi\u00e2nia (GO).<\/p>\n<p style=\"text-align: justify;\">\n","protected":false},"excerpt":{"rendered":"<p>O final de semana da TOYOTA GAZOO Racing no Aut\u00f3dromo de Interlagos, em S\u00e3o Paulo (SP), local que recebeu a terceira etapa da temporada 2026 <a class=\"read-more\" href=\"https:\/\/blogs.gazetaesportiva.com\/automobilismo\/2026\/04\/27\/toyota-gazoo-racing-celebra-vitoria-na-stock-car-e-estreia-do-gr-yaris-como-safety-car-em-interlagos\/\">leia mais<\/a><\/p>\n","protected":false},"author":75,"featured_media":3356,"comment_status":"open","ping_status":"open","sticky":false,"template":"","format":"standard","meta":{"jetpack_post_was_ever_published":false,"_jetpack_newsletter_access":"","_jetpack_dont_email_post_to_subs":false,"_jetpack_newsletter_tier_id":0,"_jetpack_memberships_contains_paywalled_content":false,"_jetpack_memberships_contains_paid_content":false,"footnotes":"","jetpack_publicize_message":"","jetpack_publicize_feature_enabled":true,"jetpack_social_post_already_shared":false,"jetpack_social_options":{"image_generator_settings":{"template":"highway","default_image_id":0,"font":"","enabled":false},"version":2}},"categories":[1],"tags":[],"class_list":["post-3400","post","type-post","status-publish","format-standard","has-post-thumbnail","hentry","category-sem-categoria"],"jetpack_publicize_connections":[],"jetpack_featured_media_url":"https:\/\/blogs.gazetaesportiva.com\/automobilismo\/files\/2026\/04\/CH3_3026-scaled.jpg","jetpack_sharing_enabled":true,"jetpack_shortlink":"https:\/\/wp.me\/pblv91-SQ","_links":{"self":[{"href":"https:\/\/blogs.gazetaesportiva.com\/automobilismo\/wp-json\/wp\/v2\/posts\/3400","targetHints":{"allow":["GET"]}}],"collection":[{"href":"https:\/\/blogs.gazetaesportiva.com\/automobilismo\/wp-json\/wp\/v2\/posts"}],"about":[{"href":"https:\/\/blogs.gazetaesportiva.com\/automobilismo\/wp-json\/wp\/v2\/types\/post"}],"author":[{"embeddable":true,"href":"https:\/\/blogs.gazetaesportiva.com\/automobilismo\/wp-json\/wp\/v2\/users\/75"}],"replies":[{"embeddable":true,"href":"https:\/\/blogs.gazetaesportiva.com\/automobilismo\/wp-json\/wp\/v2\/comments?post=3400"}],"version-history":[{"count":0,"href":"https:\/\/blogs.gazetaesportiva.com\/automobilismo\/wp-json\/wp\/v2\/posts\/3400\/revisions"}],"wp:featuredmedia":[{"embeddable":true,"href":"https:\/\/blogs.gazetaesportiva.com\/automobilismo\/wp-json\/wp\/v2\/media\/3356"}],"wp:attachment":[{"href":"https:\/\/blogs.gazetaesportiva.com\/automobilismo\/wp-json\/wp\/v2\/media?parent=3400"}],"wp:term":[{"taxonomy":"category","embeddable":true,"href":"https:\/\/blogs.gazetaesportiva.com\/automobilismo\/wp-json\/wp\/v2\/categories?post=3400"},{"taxonomy":"post_tag","embeddable":true,"href":"https:\/\/blogs.gazetaesportiva.com\/automobilismo\/wp-json\/wp\/v2\/tags?post=3400"}],"curies":[{"name":"wp","href":"https:\/\/api.w.org\/{rel}","templated":true}]}}