{"id":3398,"date":"2026-04-27T20:05:38","date_gmt":"2026-04-27T20:05:38","guid":{"rendered":"https:\/\/blogs.gazetaesportiva.com\/automobilismo\/?p=3398"},"modified":"2026-04-27T20:05:38","modified_gmt":"2026-04-27T20:05:38","slug":"wrc-ogier-vence-nas-ilhas-canarias-apos-disputa-emocionante-dentro-da-toyota-gazoo-racing","status":"publish","type":"post","link":"https:\/\/blogs.gazetaesportiva.com\/automobilismo\/2026\/04\/27\/wrc-ogier-vence-nas-ilhas-canarias-apos-disputa-emocionante-dentro-da-toyota-gazoo-racing\/","title":{"rendered":"WRC: Ogier vence nas Ilhas Can\u00e1rias ap\u00f3s disputa emocionante dentro da TOYOTA GAZOO Racing"},"content":{"rendered":"<figure id=\"attachment_3399\" aria-describedby=\"caption-attachment-3399\" style=\"width: 1500px\" class=\"wp-caption alignnone\"><img loading=\"lazy\" decoding=\"async\" class=\"wp-image-3399 size-full\" src=\"https:\/\/blogs.gazetaesportiva.com\/automobilismo\/files\/2026\/04\/WRC-toyota-2026-1.jpg\" alt=\"\" width=\"1500\" height=\"1000\" srcset=\"https:\/\/blogs.gazetaesportiva.com\/automobilismo\/files\/2026\/04\/WRC-toyota-2026-1.jpg 1500w, https:\/\/blogs.gazetaesportiva.com\/automobilismo\/files\/2026\/04\/WRC-toyota-2026-1-300x200.jpg 300w, https:\/\/blogs.gazetaesportiva.com\/automobilismo\/files\/2026\/04\/WRC-toyota-2026-1-1024x683.jpg 1024w, https:\/\/blogs.gazetaesportiva.com\/automobilismo\/files\/2026\/04\/WRC-toyota-2026-1-768x512.jpg 768w\" sizes=\"auto, (max-width: 1500px) 100vw, 1500px\" \/><figcaption id=\"caption-attachment-3399\" class=\"wp-caption-text\">Foto: TGR WRT \/ McKlein<\/figcaption><\/figure>\n<p style=\"text-align: justify;\">S\u00e9bastien Ogier venceu o Rally das Ilhas Can\u00e1rias, quinta etapa do WRC, e liderou um 1-2-3-4 da TOYOTA GAZOO Racing World Rally Team depois de prevalecer em uma disputa interna da equipe. Os GR YARIS Rally1 dominaram a etapa espanhola do in\u00edcio ao fim em estradas de asfalto na ilha Grand Can\u00e1ria pelo segundo ano seguido, vencendo todas as 17 especiais. Havia pouca diferen\u00e7a entre os cinco pilotos da TGR-WRT, e eles travaram uma emocionante disputa pela vit\u00f3ria e pelos lugares do p\u00f3dio at\u00e9 o \u00faltimo dia.<\/p>\n<p style=\"text-align: justify;\">Ogier liderou o rali desde e a primeira especial em montanha, na sexta-feira pela manh\u00e3, at\u00e9 o final, mas precisou acelerar forte com seus companheiros de equipe. Sua lideran\u00e7a nunca foi maior que nove segundos ao longo dos dois primeiros dias de competi\u00e7\u00e3o. Oliver Solberg surgiu como competidor mais forte de Ogier, e cortou a diferen\u00e7a para 3,8 segundos no final do s\u00e1bado, reduzindo ainda mais, para 2,2 segundos, ao vencer as duas primeiras especiais do domingo. No pen\u00faltimo est\u00e1gio, por\u00e9m, o sueco bateu na barreira e danificou o lado esquerdo do carro, sendo obrigado a abandonar o est\u00e1gio vencido por Ogier.<\/p>\n<p style=\"text-align: justify;\">Elfyn Evans terminou em segundo lugar, tendo tamb\u00e9m sido um fator importante para a disputa pela vit\u00f3ria em grande parte do final de semana. O piloto venceu tr\u00eas etapas no s\u00e1bado, enquanto condi\u00e7\u00f5es clim\u00e1ticas inst\u00e1veis chegavam do Oceano Atl\u00e2ntico, e manteve-se pr\u00f3ximo do ritmo de Ogier e Solberg no \u00faltimo dia, em busca de pontos para o campeonato. Evans venceu o Power Stage por 2,7 segundos e a classifica\u00e7\u00e3o do Super Sunday por dois segundos, recuperando a lideran\u00e7a do Mundial de Pilotos.<\/p>\n<p style=\"text-align: justify;\">Sami Pajari manteve seu bom momento e garantiu o quarto p\u00f3dio consecutivo, terminando em terceiro lugar. Takamoto Katsuta foi o segundo colocado no Power Stage, atr\u00e1s de Evans, e quarto colocado no Super Sunday, atr\u00e1s tamb\u00e9m de Ogier e Pajari. Agora, o japon\u00eas \u00e9 o segundo colocado do campeonato, dois pontos atr\u00e1s de Evans. Pajari \u00e9 o terceiro, distante 29 pontos do l\u00edder, enquanto Solberg \u00e9 o quarto. A TGR-WRT conquistou 59 dos 60 pontos poss\u00edveis no Mundial de Construtores, ampliando a lideran\u00e7a para 98 pontos.<\/p>\n<p style=\"text-align: justify;\">\u201cFoi um rali fant\u00e1stico para n\u00f3s, com um resultado muito bom no final. No ano passado, tivemos o mesmo resultado (1\u00ba, 2\u00ba, 3\u00ba e 4\u00ba lugares) e eu sonhava em repetir isso, e conseguimos. \u00c9 uma pena o que aconteceu com o Oliver, porque ele estava fazendo um rali muito bom at\u00e9 aquele momento e havia uma disputa emocionante entre ele e o Seb, mas essas coisas podem acontecer quando se tem a chance de vencer, como ele tinha. O Seb \u00e9 muito dif\u00edcil de ser batido com a experi\u00eancia que tem, e o Elfyn e o Sami tamb\u00e9m fizeram um \u00f3timo trabalho para subirem ao p\u00f3dio. \u00c9 um grande prazer liderar esta equipe: o ambiente \u00e9 fant\u00e1stico, todos est\u00e3o dando 100%, e \u00e9 assim que alcan\u00e7amos resultados como este\u201d, disse Juha Kankkinen, chefe da TOYOTA GAZOO Racing no WRC.<\/p>\n<p style=\"text-align: justify;\">O terceiro p\u00f3dio completo da equipe em cinco etapas nesta temporada leva a Toyota a ultrapassar a marca de 300 p\u00f3dios em toda a sua participa\u00e7\u00e3o no WRC, com 302 p\u00f3dios agora. Al\u00e9m disso, a dupla espanhola Alejandro Cach\u00f3n e Borja Rosada terminou em d\u00e9cimo lugar geral e segundo na classe WRC2 com um GR Yaris Rally2 inscrito pela Toyota Espanha e administrado pela MSi Racing Team.<\/p>\n<p style=\"text-align: justify;\">Piloto do TGR WRC Challenge Program, Yuki Yamamoto ocupava a oitava posi\u00e7\u00e3o na categoria, enfrentando diversos vencedores experientes e consagrados no asfalto, at\u00e9 que bateu em uma barreira na \u00faltima especial de s\u00e1bado e teve que parar para trocar uma roda e um pneu, perdendo dois minutos. O japon\u00eas manteve um ritmo competitivo no domingo e terminou em 15\u00ba na categoria.<\/p>\n","protected":false},"excerpt":{"rendered":"<p>S\u00e9bastien Ogier venceu o Rally das Ilhas Can\u00e1rias, quinta etapa do WRC, e liderou um 1-2-3-4 da TOYOTA GAZOO Racing World Rally Team depois de <a class=\"read-more\" href=\"https:\/\/blogs.gazetaesportiva.com\/automobilismo\/2026\/04\/27\/wrc-ogier-vence-nas-ilhas-canarias-apos-disputa-emocionante-dentro-da-toyota-gazoo-racing\/\">leia mais<\/a><\/p>\n","protected":false},"author":75,"featured_media":3399,"comment_status":"open","ping_status":"open","sticky":false,"template":"","format":"standard","meta":{"jetpack_post_was_ever_published":false,"_jetpack_newsletter_access":"","_jetpack_dont_email_post_to_subs":false,"_jetpack_newsletter_tier_id":0,"_jetpack_memberships_contains_paywalled_content":false,"_jetpack_memberships_contains_paid_content":false,"footnotes":"","jetpack_publicize_message":"","jetpack_publicize_feature_enabled":true,"jetpack_social_post_already_shared":false,"jetpack_social_options":{"image_generator_settings":{"template":"highway","default_image_id":0,"font":"","enabled":false},"version":2}},"categories":[1],"tags":[],"class_list":["post-3398","post","type-post","status-publish","format-standard","has-post-thumbnail","hentry","category-sem-categoria"],"jetpack_publicize_connections":[],"jetpack_featured_media_url":"https:\/\/blogs.gazetaesportiva.com\/automobilismo\/files\/2026\/04\/WRC-toyota-2026-1.jpg","jetpack_sharing_enabled":true,"jetpack_shortlink":"https:\/\/wp.me\/pblv91-SO","_links":{"self":[{"href":"https:\/\/blogs.gazetaesportiva.com\/automobilismo\/wp-json\/wp\/v2\/posts\/3398","targetHints":{"allow":["GET"]}}],"collection":[{"href":"https:\/\/blogs.gazetaesportiva.com\/automobilismo\/wp-json\/wp\/v2\/posts"}],"about":[{"href":"https:\/\/blogs.gazetaesportiva.com\/automobilismo\/wp-json\/wp\/v2\/types\/post"}],"author":[{"embeddable":true,"href":"https:\/\/blogs.gazetaesportiva.com\/automobilismo\/wp-json\/wp\/v2\/users\/75"}],"replies":[{"embeddable":true,"href":"https:\/\/blogs.gazetaesportiva.com\/automobilismo\/wp-json\/wp\/v2\/comments?post=3398"}],"version-history":[{"count":0,"href":"https:\/\/blogs.gazetaesportiva.com\/automobilismo\/wp-json\/wp\/v2\/posts\/3398\/revisions"}],"wp:featuredmedia":[{"embeddable":true,"href":"https:\/\/blogs.gazetaesportiva.com\/automobilismo\/wp-json\/wp\/v2\/media\/3399"}],"wp:attachment":[{"href":"https:\/\/blogs.gazetaesportiva.com\/automobilismo\/wp-json\/wp\/v2\/media?parent=3398"}],"wp:term":[{"taxonomy":"category","embeddable":true,"href":"https:\/\/blogs.gazetaesportiva.com\/automobilismo\/wp-json\/wp\/v2\/categories?post=3398"},{"taxonomy":"post_tag","embeddable":true,"href":"https:\/\/blogs.gazetaesportiva.com\/automobilismo\/wp-json\/wp\/v2\/tags?post=3398"}],"curies":[{"name":"wp","href":"https:\/\/api.w.org\/{rel}","templated":true}]}}