{"id":3394,"date":"2026-04-26T20:39:40","date_gmt":"2026-04-26T20:39:40","guid":{"rendered":"https:\/\/blogs.gazetaesportiva.com\/automobilismo\/?p=3394"},"modified":"2026-04-26T20:39:40","modified_gmt":"2026-04-26T20:39:40","slug":"stock-car-car-racing-encerra-passagem-por-interlagos-com-saldo-positivo-apos-vitoria-na-sprint","status":"publish","type":"post","link":"https:\/\/blogs.gazetaesportiva.com\/automobilismo\/2026\/04\/26\/stock-car-car-racing-encerra-passagem-por-interlagos-com-saldo-positivo-apos-vitoria-na-sprint\/","title":{"rendered":"Stock Car: CAR Racing encerra passagem por Interlagos com saldo positivo ap\u00f3s vit\u00f3ria na Sprint"},"content":{"rendered":"<p>A terceira etapa da temporada 2026 da Stock Car terminou com um saldo positivo para a CAR Racing. O time viu L\u00e9o Reis vencer a Sprint, enquanto Rafael Reis obteve a maior escalada da disputa mais curta do final de semana no Aut\u00f3dromo de Interlagos, em S\u00e3o Paulo (SP). Neste domingo (26), a dupla enfrentou uma corrida principal das mais desafiadoras.<\/p>\n<figure id=\"attachment_3395\" aria-describedby=\"caption-attachment-3395\" style=\"width: 640px\" class=\"wp-caption alignnone\"><img loading=\"lazy\" decoding=\"async\" class=\"size-large wp-image-3395\" src=\"https:\/\/blogs.gazetaesportiva.com\/automobilismo\/files\/2026\/04\/20260426_1259_871_Stock3_Interlagos_RodrigoRuiz_11869-1024x683.jpg\" alt=\"Rafael Reis\" width=\"640\" height=\"427\" srcset=\"https:\/\/blogs.gazetaesportiva.com\/automobilismo\/files\/2026\/04\/20260426_1259_871_Stock3_Interlagos_RodrigoRuiz_11869-1024x683.jpg 1024w, https:\/\/blogs.gazetaesportiva.com\/automobilismo\/files\/2026\/04\/20260426_1259_871_Stock3_Interlagos_RodrigoRuiz_11869-300x200.jpg 300w, https:\/\/blogs.gazetaesportiva.com\/automobilismo\/files\/2026\/04\/20260426_1259_871_Stock3_Interlagos_RodrigoRuiz_11869-768x512.jpg 768w, https:\/\/blogs.gazetaesportiva.com\/automobilismo\/files\/2026\/04\/20260426_1259_871_Stock3_Interlagos_RodrigoRuiz_11869-1536x1025.jpg 1536w, https:\/\/blogs.gazetaesportiva.com\/automobilismo\/files\/2026\/04\/20260426_1259_871_Stock3_Interlagos_RodrigoRuiz_11869-2048x1366.jpg 2048w\" sizes=\"auto, (max-width: 640px) 100vw, 640px\" \/><figcaption id=\"caption-attachment-3395\" class=\"wp-caption-text\">Foto: Rodrigo Aguiar Ruiz\/RR Media<\/figcaption><\/figure>\n<p>L\u00e9o destacou a vit\u00f3ria obtida na corrida Sprint, que lhe faz ter um balan\u00e7o positivo do final de semana. Sobre a disputa deste domingo, quando abandonou, o piloto admite que ainda precisar\u00e1 observar o que houve, e j\u00e1 foca esfor\u00e7os na pr\u00f3xima etapa, marcada para o pr\u00f3ximo m\u00eas de maio no Aut\u00f3dromo Internacional de Goi\u00e2nia (GO).<\/p>\n<p>\u201cA gente venceu ontem e vamos descartar o resultado de hoje. O balan\u00e7o do final de semana \u00e9 positivo pela vit\u00f3ria, que foi a realiza\u00e7\u00e3o de um sonho. Sobre hoje, eu tenho que ver as imagens, mas a corrida acabou muito cedo. Tenho que entender o que houve. Mas agora vamos para a pr\u00f3xima\u201d, disse L\u00e9o Reis, que tem o apoio de Bradesco.<\/p>\n<p>Rafael Reis tamb\u00e9m teve um domingo atribulado ap\u00f3s sofrer uma quebra de motor ainda no warm up. A CAR Racing trabalhou r\u00e1pido para fazer a troca da pe\u00e7a, mas um toque ainda nos momentos iniciais da disputa impediu qualquer possibilidade de um bom resultado. O piloto destaca a escalada de posi\u00e7\u00f5es da Sprint, quando fez 12 ultrapassagens, e v\u00ea um final de semana positivo.<\/p>\n<p>\u201cFoi uma prova de supera\u00e7\u00e3o. Nosso motor teve problema no warm up e a gente teve 1h30min para fazer a troca. S\u00f3 posso agradecer e parabenizar a equipe, pois n\u00e3o \u00e9 f\u00e1cil. Mas o motor n\u00e3o rendia bem e tomei um toque. Foi uma corrida de sobreviv\u00eancia, mas a gente seguiu para fazer pelo menos alguns pontos. Mas a gente mostrou no s\u00e1bado que quando temos um carro bom, conseguimos aparecer e fazer bons resultados. Mas fiz a maior escalada da Sprint e meu irm\u00e3o venceu ontem\u201d, disse Rafael Reis, que tem o apoio de Bradesco.<\/p>\n<p>A Stock Car ter\u00e1 sequ\u00eancia nos dias 15, 16 e 17 de maio, com a disputa da etapa de Goi\u00e2nia (GO), marcada para o Aut\u00f3dromo Internacional Ayrton Senna.<\/p>\n","protected":false},"excerpt":{"rendered":"<p>A terceira etapa da temporada 2026 da Stock Car terminou com um saldo positivo para a CAR Racing. O time viu L\u00e9o Reis vencer a <a class=\"read-more\" href=\"https:\/\/blogs.gazetaesportiva.com\/automobilismo\/2026\/04\/26\/stock-car-car-racing-encerra-passagem-por-interlagos-com-saldo-positivo-apos-vitoria-na-sprint\/\">leia mais<\/a><\/p>\n","protected":false},"author":75,"featured_media":3395,"comment_status":"open","ping_status":"open","sticky":false,"template":"","format":"standard","meta":{"jetpack_post_was_ever_published":false,"_jetpack_newsletter_access":"","_jetpack_dont_email_post_to_subs":false,"_jetpack_newsletter_tier_id":0,"_jetpack_memberships_contains_paywalled_content":false,"_jetpack_memberships_contains_paid_content":false,"footnotes":"","jetpack_publicize_message":"","jetpack_publicize_feature_enabled":true,"jetpack_social_post_already_shared":false,"jetpack_social_options":{"image_generator_settings":{"template":"highway","default_image_id":0,"font":"","enabled":false},"version":2}},"categories":[1],"tags":[],"class_list":["post-3394","post","type-post","status-publish","format-standard","has-post-thumbnail","hentry","category-sem-categoria"],"jetpack_publicize_connections":[],"jetpack_featured_media_url":"https:\/\/blogs.gazetaesportiva.com\/automobilismo\/files\/2026\/04\/20260426_1259_871_Stock3_Interlagos_RodrigoRuiz_11869-scaled.jpg","jetpack_sharing_enabled":true,"jetpack_shortlink":"https:\/\/wp.me\/pblv91-SK","_links":{"self":[{"href":"https:\/\/blogs.gazetaesportiva.com\/automobilismo\/wp-json\/wp\/v2\/posts\/3394","targetHints":{"allow":["GET"]}}],"collection":[{"href":"https:\/\/blogs.gazetaesportiva.com\/automobilismo\/wp-json\/wp\/v2\/posts"}],"about":[{"href":"https:\/\/blogs.gazetaesportiva.com\/automobilismo\/wp-json\/wp\/v2\/types\/post"}],"author":[{"embeddable":true,"href":"https:\/\/blogs.gazetaesportiva.com\/automobilismo\/wp-json\/wp\/v2\/users\/75"}],"replies":[{"embeddable":true,"href":"https:\/\/blogs.gazetaesportiva.com\/automobilismo\/wp-json\/wp\/v2\/comments?post=3394"}],"version-history":[{"count":0,"href":"https:\/\/blogs.gazetaesportiva.com\/automobilismo\/wp-json\/wp\/v2\/posts\/3394\/revisions"}],"wp:featuredmedia":[{"embeddable":true,"href":"https:\/\/blogs.gazetaesportiva.com\/automobilismo\/wp-json\/wp\/v2\/media\/3395"}],"wp:attachment":[{"href":"https:\/\/blogs.gazetaesportiva.com\/automobilismo\/wp-json\/wp\/v2\/media?parent=3394"}],"wp:term":[{"taxonomy":"category","embeddable":true,"href":"https:\/\/blogs.gazetaesportiva.com\/automobilismo\/wp-json\/wp\/v2\/categories?post=3394"},{"taxonomy":"post_tag","embeddable":true,"href":"https:\/\/blogs.gazetaesportiva.com\/automobilismo\/wp-json\/wp\/v2\/tags?post=3394"}],"curies":[{"name":"wp","href":"https:\/\/api.w.org\/{rel}","templated":true}]}}