{"id":3391,"date":"2026-04-26T20:40:07","date_gmt":"2026-04-26T20:40:07","guid":{"rendered":"https:\/\/blogs.gazetaesportiva.com\/automobilismo\/?p=3391"},"modified":"2026-04-26T20:40:07","modified_gmt":"2026-04-26T20:40:07","slug":"stock-car-felipe-baptista-ganha-20-posicoes-faz-volta-mais-rapida-e-garante-top-10-em-interlagos-com-o-banco-bv","status":"publish","type":"post","link":"https:\/\/blogs.gazetaesportiva.com\/automobilismo\/2026\/04\/26\/stock-car-felipe-baptista-ganha-20-posicoes-faz-volta-mais-rapida-e-garante-top-10-em-interlagos-com-o-banco-bv\/","title":{"rendered":"Stock Car: Felipe Baptista ganha 20 posi\u00e7\u00f5es, faz volta mais r\u00e1pida e garante top-10 em Interlagos com o banco BV"},"content":{"rendered":"<p>Piloto que leva as cores do banco BV na Stock Car, Felipe Baptista fechou a terceira etapa da temporada, disputada no Aut\u00f3dromo de Interlagos, em S\u00e3o Paulo (SP), com um grande desempenho. O dono do Mitsubishi Eclipse Cross n\u00famero 121 da CAR Racing escalou 20 posi\u00e7\u00f5es para terminar com o d\u00e9cimo posto ap\u00f3s 50 minutos de disputa, e ainda cravou a volta mais r\u00e1pida.<\/p>\n<figure id=\"attachment_3392\" aria-describedby=\"caption-attachment-3392\" style=\"width: 640px\" class=\"wp-caption alignnone\"><img loading=\"lazy\" decoding=\"async\" class=\"size-large wp-image-3392\" src=\"https:\/\/blogs.gazetaesportiva.com\/automobilismo\/files\/2026\/04\/20260426_1240_871_Stock3_Interlagos_RodrigoRuiz_11634-1024x683.jpg\" alt=\"Felipe Baptista\" width=\"640\" height=\"427\" srcset=\"https:\/\/blogs.gazetaesportiva.com\/automobilismo\/files\/2026\/04\/20260426_1240_871_Stock3_Interlagos_RodrigoRuiz_11634-1024x683.jpg 1024w, https:\/\/blogs.gazetaesportiva.com\/automobilismo\/files\/2026\/04\/20260426_1240_871_Stock3_Interlagos_RodrigoRuiz_11634-300x200.jpg 300w, https:\/\/blogs.gazetaesportiva.com\/automobilismo\/files\/2026\/04\/20260426_1240_871_Stock3_Interlagos_RodrigoRuiz_11634-768x512.jpg 768w, https:\/\/blogs.gazetaesportiva.com\/automobilismo\/files\/2026\/04\/20260426_1240_871_Stock3_Interlagos_RodrigoRuiz_11634-1536x1025.jpg 1536w, https:\/\/blogs.gazetaesportiva.com\/automobilismo\/files\/2026\/04\/20260426_1240_871_Stock3_Interlagos_RodrigoRuiz_11634-2048x1366.jpg 2048w\" sizes=\"auto, (max-width: 640px) 100vw, 640px\" \/><figcaption id=\"caption-attachment-3392\" class=\"wp-caption-text\">Foto: Rodrigo Aguiar Ruiz\/RR Media<\/figcaption><\/figure>\n<p>Felipe partiu da 30\u00aa coloca\u00e7\u00e3o e logo mostrou o bom ritmo que tinha. Pouco a pouco o piloto, que tem duas vit\u00f3rias em Interlagos, avan\u00e7ou o pelot\u00e3o com um ritmo forte. Nas voltas finais, Baptista conseguiu mais uma ultrapassagem para garantir o lugar entre os dez melhores, garantindo ainda o trof\u00e9u de melhor volta do final de semana.<\/p>\n<p>\u201cHoje mostramos a velocidade que a gente tem. D\u00e9cimo lugar e melhor volta da corrida largando de 30\u00ba, com tr\u00e2nsito, e escalando o pelot\u00e3o. S\u00f3 posso agradecer o time pelo carro e pelo trabalho. Ao mesmo tempo que o domingo foi bom, a gente sabe que tinha um potencial muito forte para pontuar bem nas duas corridas, mas ontem a gente teve um problema na classifica\u00e7\u00e3o e abandonou a Sprint depois de um toque que furou o pneu\u201d, disse Felipe Baptista, que tem o patroc\u00ednio de banco BV.<\/p>\n<p>A Stock Car ter\u00e1 sequ\u00eancia nos dias 15, 16 e 17 de maio, com a disputa da etapa de Goi\u00e2nia (GO), marcada para o Aut\u00f3dromo Internacional Ayrton Senna.<\/p>\n","protected":false},"excerpt":{"rendered":"<p>Piloto que leva as cores do banco BV na Stock Car, Felipe Baptista fechou a terceira etapa da temporada, disputada no Aut\u00f3dromo de Interlagos, em <a class=\"read-more\" href=\"https:\/\/blogs.gazetaesportiva.com\/automobilismo\/2026\/04\/26\/stock-car-felipe-baptista-ganha-20-posicoes-faz-volta-mais-rapida-e-garante-top-10-em-interlagos-com-o-banco-bv\/\">leia mais<\/a><\/p>\n","protected":false},"author":75,"featured_media":3392,"comment_status":"open","ping_status":"open","sticky":false,"template":"","format":"standard","meta":{"jetpack_post_was_ever_published":false,"_jetpack_newsletter_access":"","_jetpack_dont_email_post_to_subs":false,"_jetpack_newsletter_tier_id":0,"_jetpack_memberships_contains_paywalled_content":false,"_jetpack_memberships_contains_paid_content":false,"footnotes":"","jetpack_publicize_message":"","jetpack_publicize_feature_enabled":true,"jetpack_social_post_already_shared":false,"jetpack_social_options":{"image_generator_settings":{"template":"highway","default_image_id":0,"font":"","enabled":false},"version":2}},"categories":[1],"tags":[],"class_list":["post-3391","post","type-post","status-publish","format-standard","has-post-thumbnail","hentry","category-sem-categoria"],"jetpack_publicize_connections":[],"jetpack_featured_media_url":"https:\/\/blogs.gazetaesportiva.com\/automobilismo\/files\/2026\/04\/20260426_1240_871_Stock3_Interlagos_RodrigoRuiz_11634-scaled.jpg","jetpack_sharing_enabled":true,"jetpack_shortlink":"https:\/\/wp.me\/pblv91-SH","_links":{"self":[{"href":"https:\/\/blogs.gazetaesportiva.com\/automobilismo\/wp-json\/wp\/v2\/posts\/3391","targetHints":{"allow":["GET"]}}],"collection":[{"href":"https:\/\/blogs.gazetaesportiva.com\/automobilismo\/wp-json\/wp\/v2\/posts"}],"about":[{"href":"https:\/\/blogs.gazetaesportiva.com\/automobilismo\/wp-json\/wp\/v2\/types\/post"}],"author":[{"embeddable":true,"href":"https:\/\/blogs.gazetaesportiva.com\/automobilismo\/wp-json\/wp\/v2\/users\/75"}],"replies":[{"embeddable":true,"href":"https:\/\/blogs.gazetaesportiva.com\/automobilismo\/wp-json\/wp\/v2\/comments?post=3391"}],"version-history":[{"count":1,"href":"https:\/\/blogs.gazetaesportiva.com\/automobilismo\/wp-json\/wp\/v2\/posts\/3391\/revisions"}],"predecessor-version":[{"id":3393,"href":"https:\/\/blogs.gazetaesportiva.com\/automobilismo\/wp-json\/wp\/v2\/posts\/3391\/revisions\/3393"}],"wp:featuredmedia":[{"embeddable":true,"href":"https:\/\/blogs.gazetaesportiva.com\/automobilismo\/wp-json\/wp\/v2\/media\/3392"}],"wp:attachment":[{"href":"https:\/\/blogs.gazetaesportiva.com\/automobilismo\/wp-json\/wp\/v2\/media?parent=3391"}],"wp:term":[{"taxonomy":"category","embeddable":true,"href":"https:\/\/blogs.gazetaesportiva.com\/automobilismo\/wp-json\/wp\/v2\/categories?post=3391"},{"taxonomy":"post_tag","embeddable":true,"href":"https:\/\/blogs.gazetaesportiva.com\/automobilismo\/wp-json\/wp\/v2\/tags?post=3391"}],"curies":[{"name":"wp","href":"https:\/\/api.w.org\/{rel}","templated":true}]}}