{"id":3387,"date":"2026-04-26T21:05:53","date_gmt":"2026-04-26T21:05:53","guid":{"rendered":"https:\/\/blogs.gazetaesportiva.com\/automobilismo\/?p=3387"},"modified":"2026-04-26T21:05:53","modified_gmt":"2026-04-26T21:05:53","slug":"toyota-gazoo-racing-encerra-etapa-com-top-10-de-arthur-leist-em-interlagos-na-stock-car","status":"publish","type":"post","link":"https:\/\/blogs.gazetaesportiva.com\/automobilismo\/2026\/04\/26\/toyota-gazoo-racing-encerra-etapa-com-top-10-de-arthur-leist-em-interlagos-na-stock-car\/","title":{"rendered":"TOYOTA GAZOO Racing encerra etapa com top-10 de Arthur Leist em Interlagos na Stock Car"},"content":{"rendered":"<p style=\"text-align: justify;\">A TOYOTA GAZOO Racing encerrou de forma positiva a terceira etapa da temporada 2026 da Stock Car. Neste domingo (26), Arthur Leist, que acelera o Toyota Corolla Cross da Texaco Racing, completou a disputa da corrida principal da etapa de S\u00e3o Paulo (SP), realizada no Aut\u00f3dromo de Interlagos, com a s\u00e9tima posi\u00e7\u00e3o, sendo o melhor Toyota da prova. Antes, no s\u00e1bado, a fabricante celebrou a vit\u00f3ria de L\u00e9o Reis na Sprint.<\/p>\n<figure id=\"attachment_3388\" aria-describedby=\"caption-attachment-3388\" style=\"width: 640px\" class=\"wp-caption alignnone\"><img loading=\"lazy\" decoding=\"async\" class=\"size-large wp-image-3388\" src=\"https:\/\/blogs.gazetaesportiva.com\/automobilismo\/files\/2026\/04\/DSC_1581-1024x681.jpg\" alt=\"Arthur Leist\" width=\"640\" height=\"426\" srcset=\"https:\/\/blogs.gazetaesportiva.com\/automobilismo\/files\/2026\/04\/DSC_1581-1024x681.jpg 1024w, https:\/\/blogs.gazetaesportiva.com\/automobilismo\/files\/2026\/04\/DSC_1581-300x200.jpg 300w, https:\/\/blogs.gazetaesportiva.com\/automobilismo\/files\/2026\/04\/DSC_1581-768x511.jpg 768w, https:\/\/blogs.gazetaesportiva.com\/automobilismo\/files\/2026\/04\/DSC_1581-1536x1022.jpg 1536w, https:\/\/blogs.gazetaesportiva.com\/automobilismo\/files\/2026\/04\/DSC_1581-2048x1363.jpg 2048w\" sizes=\"auto, (max-width: 640px) 100vw, 640px\" \/><figcaption id=\"caption-attachment-3388\" class=\"wp-caption-text\">Foto: Carsten Horst<\/figcaption><\/figure>\n<p style=\"text-align: justify;\">Leist largou da sexta posi\u00e7\u00e3o e lutou por um lugar no grupo dos cinco melhores ao longo dos 50 minutos de disputa no in\u00edcio da tarde deste domingo na capital paulista. Ao final da prova, a posi\u00e7\u00e3o no grupo dos dez melhores foi importante para o ga\u00facho seguir na disputa pelas primeiras coloca\u00e7\u00f5es do campeonato, onde ocupa o sexto lugar.<\/p>\n<p style=\"text-align: justify;\">\u201cFoi um final de semana bom e com bastante pontos para o campeonato. Isso \u00e9 o mais importante, tentar construir uma boa campanha como fizemos no ano passado. Eu acredito que encontramos um caminho positivo para o carro. Estou otimista para a sequ\u00eancia do campeonato. Vamos seguir trabalhando bem para Goi\u00e2nia, mas tenho certeza de que todos do time fizeram um grande trabalho e a gente est\u00e1 no caminho certo para buscar vit\u00f3rias e continuar na busca do t\u00e3o sonhado campeonato\u201d, diz Leist, logo ap\u00f3s a corrida.<\/p>\n<p style=\"text-align: justify;\">Depois de completar a Sprint com a segunda coloca\u00e7\u00e3o, Alfredinho Ibiapina destacou um final de semana positivo em Interlagos. Na corrida deste domingo, o paranaense que faz sua primeira temporada na categoria m\u00e1xima do esporte a motor brasileiro foi o 22\u00ba colocado.<\/p>\n<p style=\"text-align: justify;\">&#8220;Um final de semana muito positivo com a conquista do nosso primeiro p\u00f3dio no s\u00e1bado. Um dia muito especial na carreira conquistar o trof\u00e9u na primeira prova em Interlagos na Stock Car. Hoje a gente sofreu um pouco mais com os pneus. Teve um acidente na primeira volta que eu precisei desviar e isso me atrapalhou um pouco, mas no geral foi uma etapa muito boa com conquistas e aprendizados. N\u00f3s temos muito para seguir progredindo e melhorando, ent\u00e3o tenho certeza de que as pr\u00f3ximas etapas ser\u00e3o muito boas pra n\u00f3s&#8221;, comentou Ibiapina.<\/p>\n<p style=\"text-align: justify;\">Ricardo Zonta enfrentou um problema com um pneu furado ainda no come\u00e7o da prova deste domingo. Segundo o paranaense, n\u00e3o fosse isso, as chances para um bom resultado na corrida seriam das melhores, possibilitando inclusive um top-10.<\/p>\n<p style=\"text-align: justify;\">\u201cA gente largou e j\u00e1 na segunda volta come\u00e7ou uma vibra\u00e7\u00e3o na traseira do carro e eu n\u00e3o sabia se era o pneu. Eu at\u00e9 avisei o box que estava tendo essa vibra\u00e7\u00e3o e foi piorando, foi piorando e n\u00e3o dava para identificar se era o lado direito ou o lado esquerdo. E a\u00ed quando a gente fez o pit que a gente viu que o pneu estava totalmente furado. Era o traseiro esquerdo e a gente iria trocar o lado direito. Ent\u00e3o fez com que os mec\u00e2nicos perdessem tempo. A gente tinha um carro ali, oitavo, com muitos pushes para fazer uma boa corrida. Eu acredito que poder\u00edamos fazer uma corrida boa n\u00e3o fosse esse problema\u201d, disse Zonta.<\/p>\n<p style=\"text-align: justify;\">A Stock Car ter\u00e1 sequ\u00eancia nos dias 15, 16 e 17 de maio, com a disputa da etapa de Goi\u00e2nia (GO), marcada para o Aut\u00f3dromo Internacional Ayrton Senna.<\/p>\n","protected":false},"excerpt":{"rendered":"<p>A TOYOTA GAZOO Racing encerrou de forma positiva a terceira etapa da temporada 2026 da Stock Car. Neste domingo (26), Arthur Leist, que acelera o <a class=\"read-more\" href=\"https:\/\/blogs.gazetaesportiva.com\/automobilismo\/2026\/04\/26\/toyota-gazoo-racing-encerra-etapa-com-top-10-de-arthur-leist-em-interlagos-na-stock-car\/\">leia mais<\/a><\/p>\n","protected":false},"author":75,"featured_media":3388,"comment_status":"open","ping_status":"open","sticky":false,"template":"","format":"standard","meta":{"jetpack_post_was_ever_published":false,"_jetpack_newsletter_access":"","_jetpack_dont_email_post_to_subs":false,"_jetpack_newsletter_tier_id":0,"_jetpack_memberships_contains_paywalled_content":false,"_jetpack_memberships_contains_paid_content":false,"footnotes":"","jetpack_publicize_message":"","jetpack_publicize_feature_enabled":true,"jetpack_social_post_already_shared":false,"jetpack_social_options":{"image_generator_settings":{"template":"highway","default_image_id":0,"font":"","enabled":false},"version":2}},"categories":[1],"tags":[],"class_list":["post-3387","post","type-post","status-publish","format-standard","has-post-thumbnail","hentry","category-sem-categoria"],"jetpack_publicize_connections":[],"jetpack_featured_media_url":"https:\/\/blogs.gazetaesportiva.com\/automobilismo\/files\/2026\/04\/DSC_1581-scaled.jpg","jetpack_sharing_enabled":true,"jetpack_shortlink":"https:\/\/wp.me\/pblv91-SD","_links":{"self":[{"href":"https:\/\/blogs.gazetaesportiva.com\/automobilismo\/wp-json\/wp\/v2\/posts\/3387","targetHints":{"allow":["GET"]}}],"collection":[{"href":"https:\/\/blogs.gazetaesportiva.com\/automobilismo\/wp-json\/wp\/v2\/posts"}],"about":[{"href":"https:\/\/blogs.gazetaesportiva.com\/automobilismo\/wp-json\/wp\/v2\/types\/post"}],"author":[{"embeddable":true,"href":"https:\/\/blogs.gazetaesportiva.com\/automobilismo\/wp-json\/wp\/v2\/users\/75"}],"replies":[{"embeddable":true,"href":"https:\/\/blogs.gazetaesportiva.com\/automobilismo\/wp-json\/wp\/v2\/comments?post=3387"}],"version-history":[{"count":1,"href":"https:\/\/blogs.gazetaesportiva.com\/automobilismo\/wp-json\/wp\/v2\/posts\/3387\/revisions"}],"predecessor-version":[{"id":3389,"href":"https:\/\/blogs.gazetaesportiva.com\/automobilismo\/wp-json\/wp\/v2\/posts\/3387\/revisions\/3389"}],"wp:featuredmedia":[{"embeddable":true,"href":"https:\/\/blogs.gazetaesportiva.com\/automobilismo\/wp-json\/wp\/v2\/media\/3388"}],"wp:attachment":[{"href":"https:\/\/blogs.gazetaesportiva.com\/automobilismo\/wp-json\/wp\/v2\/media?parent=3387"}],"wp:term":[{"taxonomy":"category","embeddable":true,"href":"https:\/\/blogs.gazetaesportiva.com\/automobilismo\/wp-json\/wp\/v2\/categories?post=3387"},{"taxonomy":"post_tag","embeddable":true,"href":"https:\/\/blogs.gazetaesportiva.com\/automobilismo\/wp-json\/wp\/v2\/tags?post=3387"}],"curies":[{"name":"wp","href":"https:\/\/api.w.org\/{rel}","templated":true}]}}