{"id":3385,"date":"2026-04-26T18:14:38","date_gmt":"2026-04-26T18:14:38","guid":{"rendered":"https:\/\/blogs.gazetaesportiva.com\/automobilismo\/?p=3385"},"modified":"2026-04-26T18:14:38","modified_gmt":"2026-04-26T18:14:38","slug":"gabriel-casagrande-sai-de-interlagos-na-terceira-posicao-do-campeonato-da-stock-car","status":"publish","type":"post","link":"https:\/\/blogs.gazetaesportiva.com\/automobilismo\/2026\/04\/26\/gabriel-casagrande-sai-de-interlagos-na-terceira-posicao-do-campeonato-da-stock-car\/","title":{"rendered":"Gabriel Casagrande sai de Interlagos na terceira posi\u00e7\u00e3o do campeonato da Stock Car"},"content":{"rendered":"<p>Piloto que defende a AMattheis Vogel na Stock Car, Gabriel Casagrande completou um final de semana positivo no Aut\u00f3dromo de Interlagos, em S\u00e3o Paulo (SP), local que recebeu a terceira etapa da temporada 2026. O dono do carro n\u00famero 83 garantiu a sexta posi\u00e7\u00e3o ap\u00f3s 50 minutos de disputa, resultado que lhe garantiu pontos importantes para avan\u00e7ar ao terceiro lugar na tabela do campeonato.<\/p>\n<figure id=\"attachment_3386\" aria-describedby=\"caption-attachment-3386\" style=\"width: 640px\" class=\"wp-caption alignnone\"><img loading=\"lazy\" decoding=\"async\" class=\"size-large wp-image-3386\" src=\"https:\/\/blogs.gazetaesportiva.com\/automobilismo\/files\/2026\/04\/RHD11035-1024x683.jpg\" alt=\"Gabriel Casagrande\" width=\"640\" height=\"427\" srcset=\"https:\/\/blogs.gazetaesportiva.com\/automobilismo\/files\/2026\/04\/RHD11035-1024x683.jpg 1024w, https:\/\/blogs.gazetaesportiva.com\/automobilismo\/files\/2026\/04\/RHD11035-300x200.jpg 300w, https:\/\/blogs.gazetaesportiva.com\/automobilismo\/files\/2026\/04\/RHD11035-768x512.jpg 768w, https:\/\/blogs.gazetaesportiva.com\/automobilismo\/files\/2026\/04\/RHD11035-1536x1024.jpg 1536w, https:\/\/blogs.gazetaesportiva.com\/automobilismo\/files\/2026\/04\/RHD11035-2048x1365.jpg 2048w\" sizes=\"auto, (max-width: 640px) 100vw, 640px\" \/><figcaption id=\"caption-attachment-3386\" class=\"wp-caption-text\">Foto: Rodrigo Guimar\u00e3es<\/figcaption><\/figure>\n<p>Mesmo liderando um dos treinos livres do final de semana, Casagrande sofreu com velocidade de reta ao longo das atividades. Depois de largar da 14\u00aa coloca\u00e7\u00e3o e fechar a Sprint em sexto, o tricampe\u00e3o largou do 13\u00ba posto e avan\u00e7ou at\u00e9 o sexto lugar novamente, garantindo dois top-10 como saldo da rodada dupla.<\/p>\n<p>\u201cFoi um resultado muito positivo. Claro que a gente sempre quer mais, e sabia que tinha potencial para mais na classifica\u00e7\u00e3o, e o que vimos ontem de falta de velocidade de reta era complicado. Optamos por n\u00e3o trocar de motor e enfrentar as corridas, e foi muito bom. Largamos muito bem ontem e hoje e a equipe foi muito bem nas paradas\u201d, comentou Casagrande, logo ap\u00f3s a corrida em Interlagos.<\/p>\n<p>\u201cSeguimos vivos no campeonato em uma etapa em que poder\u00edamos ter tido um preju\u00edzo muito grande. Perdemos apenas dois pontos, ent\u00e3o foi positivo e vamos ver o que podemos melhorar de velocidade de reta para as pr\u00f3ximas etapas. O carro tem um acerto muito bom\u201d, completou Gabriel Casagrande, que tem os patroc\u00ednios de Baterias J\u00fapiter, Axalta, Cresol, OnPetro, STP, RP Info, UFI Filters e Aeroparque Cambori\u00fa.<\/p>\n<p>A Stock Car ter\u00e1 sequ\u00eancia nos dias 15, 16 e 17 de maio, com a disputa da etapa de Goi\u00e2nia (GO), marcada para o Aut\u00f3dromo Internacional Ayrton Senna.<\/p>\n","protected":false},"excerpt":{"rendered":"<p>Piloto que defende a AMattheis Vogel na Stock Car, Gabriel Casagrande completou um final de semana positivo no Aut\u00f3dromo de Interlagos, em S\u00e3o Paulo (SP), <a class=\"read-more\" href=\"https:\/\/blogs.gazetaesportiva.com\/automobilismo\/2026\/04\/26\/gabriel-casagrande-sai-de-interlagos-na-terceira-posicao-do-campeonato-da-stock-car\/\">leia mais<\/a><\/p>\n","protected":false},"author":75,"featured_media":3386,"comment_status":"open","ping_status":"open","sticky":false,"template":"","format":"standard","meta":{"jetpack_post_was_ever_published":false,"_jetpack_newsletter_access":"","_jetpack_dont_email_post_to_subs":false,"_jetpack_newsletter_tier_id":0,"_jetpack_memberships_contains_paywalled_content":false,"_jetpack_memberships_contains_paid_content":false,"footnotes":"","jetpack_publicize_message":"","jetpack_publicize_feature_enabled":true,"jetpack_social_post_already_shared":false,"jetpack_social_options":{"image_generator_settings":{"template":"highway","default_image_id":0,"font":"","enabled":false},"version":2}},"categories":[1],"tags":[],"class_list":["post-3385","post","type-post","status-publish","format-standard","has-post-thumbnail","hentry","category-sem-categoria"],"jetpack_publicize_connections":[],"jetpack_featured_media_url":"https:\/\/blogs.gazetaesportiva.com\/automobilismo\/files\/2026\/04\/RHD11035-scaled.jpg","jetpack_sharing_enabled":true,"jetpack_shortlink":"https:\/\/wp.me\/pblv91-SB","_links":{"self":[{"href":"https:\/\/blogs.gazetaesportiva.com\/automobilismo\/wp-json\/wp\/v2\/posts\/3385","targetHints":{"allow":["GET"]}}],"collection":[{"href":"https:\/\/blogs.gazetaesportiva.com\/automobilismo\/wp-json\/wp\/v2\/posts"}],"about":[{"href":"https:\/\/blogs.gazetaesportiva.com\/automobilismo\/wp-json\/wp\/v2\/types\/post"}],"author":[{"embeddable":true,"href":"https:\/\/blogs.gazetaesportiva.com\/automobilismo\/wp-json\/wp\/v2\/users\/75"}],"replies":[{"embeddable":true,"href":"https:\/\/blogs.gazetaesportiva.com\/automobilismo\/wp-json\/wp\/v2\/comments?post=3385"}],"version-history":[{"count":0,"href":"https:\/\/blogs.gazetaesportiva.com\/automobilismo\/wp-json\/wp\/v2\/posts\/3385\/revisions"}],"wp:featuredmedia":[{"embeddable":true,"href":"https:\/\/blogs.gazetaesportiva.com\/automobilismo\/wp-json\/wp\/v2\/media\/3386"}],"wp:attachment":[{"href":"https:\/\/blogs.gazetaesportiva.com\/automobilismo\/wp-json\/wp\/v2\/media?parent=3385"}],"wp:term":[{"taxonomy":"category","embeddable":true,"href":"https:\/\/blogs.gazetaesportiva.com\/automobilismo\/wp-json\/wp\/v2\/categories?post=3385"},{"taxonomy":"post_tag","embeddable":true,"href":"https:\/\/blogs.gazetaesportiva.com\/automobilismo\/wp-json\/wp\/v2\/tags?post=3385"}],"curies":[{"name":"wp","href":"https:\/\/api.w.org\/{rel}","templated":true}]}}