{"id":3383,"date":"2026-04-25T22:02:50","date_gmt":"2026-04-25T22:02:50","guid":{"rendered":"https:\/\/blogs.gazetaesportiva.com\/automobilismo\/?p=3383"},"modified":"2026-04-25T22:02:50","modified_gmt":"2026-04-25T22:02:50","slug":"stock-car-gabriel-casagrande-supera-adversidades-e-fatura-sexto-lugar-na-sprint-em-interlagos","status":"publish","type":"post","link":"https:\/\/blogs.gazetaesportiva.com\/automobilismo\/2026\/04\/25\/stock-car-gabriel-casagrande-supera-adversidades-e-fatura-sexto-lugar-na-sprint-em-interlagos\/","title":{"rendered":"Stock Car: Gabriel Casagrande supera adversidades e fatura sexto lugar na Sprint em Interlagos"},"content":{"rendered":"<p>Maior campe\u00e3o da Stock Car na d\u00e9cada, Gabriel Casagrande completou a disputa da Sprint da terceira etapa do campeonato, disputada neste s\u00e1bado (25) no Aut\u00f3dromo de Interlagos, em S\u00e3o Paulo (SP), com a sexta posi\u00e7\u00e3o. O piloto da AMattheis Vogel largou da 14\u00aa coloca\u00e7\u00e3o e, mesmo sofrendo com falta de velocidade de reta, avan\u00e7ou oito posi\u00e7\u00f5es para garantir um novo top-10.<\/p>\n<figure id=\"attachment_3384\" aria-describedby=\"caption-attachment-3384\" style=\"width: 640px\" class=\"wp-caption alignnone\"><img loading=\"lazy\" decoding=\"async\" class=\"size-large wp-image-3384\" src=\"https:\/\/blogs.gazetaesportiva.com\/automobilismo\/files\/2026\/04\/RHD17813-1024x683.jpg\" alt=\"Gabriel Casagrande\" width=\"640\" height=\"427\" srcset=\"https:\/\/blogs.gazetaesportiva.com\/automobilismo\/files\/2026\/04\/RHD17813-1024x683.jpg 1024w, https:\/\/blogs.gazetaesportiva.com\/automobilismo\/files\/2026\/04\/RHD17813-300x200.jpg 300w, https:\/\/blogs.gazetaesportiva.com\/automobilismo\/files\/2026\/04\/RHD17813-768x512.jpg 768w, https:\/\/blogs.gazetaesportiva.com\/automobilismo\/files\/2026\/04\/RHD17813-1536x1024.jpg 1536w, https:\/\/blogs.gazetaesportiva.com\/automobilismo\/files\/2026\/04\/RHD17813-2048x1365.jpg 2048w\" sizes=\"auto, (max-width: 640px) 100vw, 640px\" \/><figcaption id=\"caption-attachment-3384\" class=\"wp-caption-text\">Foto: Rodrigo Guimar\u00e3es<\/figcaption><\/figure>\n<p>\u201cConquistamos o sexto lugar na corrida Sprint de hoje em Interlagos, depois de largar da 14\u00aa coloca\u00e7\u00e3o. E, amanh\u00e3, partiremos do 13\u00ba lugar. Mas nosso motor \u00e9 6 km\/h mais lento de reta em rela\u00e7\u00e3o aos melhores da categoria. O carro \u00e9 muito bom, como sempre ocorre com a AMattheis Vogel, mas as diferen\u00e7as s\u00e3o muito grandes\u201d, disse Casagrande.<\/p>\n<p>\u201cVamos lutar para chegar nas primeiras posi\u00e7\u00f5es mesmo com o equipamento que temos em m\u00e3os. Seguirei fazendo o poss\u00edvel\u201d, completa Gabriel Casagrande, que tem os patroc\u00ednios de Baterias J\u00fapiter, Axalta, Cresol, OnPetro, STP, RP Info, UFI Filters e Aeroparque Cambori\u00fa.<\/p>\n<p>A Stock Car fecha a passagem por Interlagos neste domingo (26), com a disputa da corrida principal, marcada para meio-dia. Band, BandSports e YouTube mostram a prova.<\/p>\n","protected":false},"excerpt":{"rendered":"<p>Maior campe\u00e3o da Stock Car na d\u00e9cada, Gabriel Casagrande completou a disputa da Sprint da terceira etapa do campeonato, disputada neste s\u00e1bado (25) no Aut\u00f3dromo <a class=\"read-more\" href=\"https:\/\/blogs.gazetaesportiva.com\/automobilismo\/2026\/04\/25\/stock-car-gabriel-casagrande-supera-adversidades-e-fatura-sexto-lugar-na-sprint-em-interlagos\/\">leia mais<\/a><\/p>\n","protected":false},"author":75,"featured_media":3384,"comment_status":"open","ping_status":"open","sticky":false,"template":"","format":"standard","meta":{"jetpack_post_was_ever_published":false,"_jetpack_newsletter_access":"","_jetpack_dont_email_post_to_subs":false,"_jetpack_newsletter_tier_id":0,"_jetpack_memberships_contains_paywalled_content":false,"_jetpack_memberships_contains_paid_content":false,"footnotes":"","jetpack_publicize_message":"","jetpack_publicize_feature_enabled":true,"jetpack_social_post_already_shared":false,"jetpack_social_options":{"image_generator_settings":{"template":"highway","default_image_id":0,"font":"","enabled":false},"version":2}},"categories":[1],"tags":[],"class_list":["post-3383","post","type-post","status-publish","format-standard","has-post-thumbnail","hentry","category-sem-categoria"],"jetpack_publicize_connections":[],"jetpack_featured_media_url":"https:\/\/blogs.gazetaesportiva.com\/automobilismo\/files\/2026\/04\/RHD17813-scaled.jpg","jetpack_sharing_enabled":true,"jetpack_shortlink":"https:\/\/wp.me\/pblv91-Sz","_links":{"self":[{"href":"https:\/\/blogs.gazetaesportiva.com\/automobilismo\/wp-json\/wp\/v2\/posts\/3383","targetHints":{"allow":["GET"]}}],"collection":[{"href":"https:\/\/blogs.gazetaesportiva.com\/automobilismo\/wp-json\/wp\/v2\/posts"}],"about":[{"href":"https:\/\/blogs.gazetaesportiva.com\/automobilismo\/wp-json\/wp\/v2\/types\/post"}],"author":[{"embeddable":true,"href":"https:\/\/blogs.gazetaesportiva.com\/automobilismo\/wp-json\/wp\/v2\/users\/75"}],"replies":[{"embeddable":true,"href":"https:\/\/blogs.gazetaesportiva.com\/automobilismo\/wp-json\/wp\/v2\/comments?post=3383"}],"version-history":[{"count":0,"href":"https:\/\/blogs.gazetaesportiva.com\/automobilismo\/wp-json\/wp\/v2\/posts\/3383\/revisions"}],"wp:featuredmedia":[{"embeddable":true,"href":"https:\/\/blogs.gazetaesportiva.com\/automobilismo\/wp-json\/wp\/v2\/media\/3384"}],"wp:attachment":[{"href":"https:\/\/blogs.gazetaesportiva.com\/automobilismo\/wp-json\/wp\/v2\/media?parent=3383"}],"wp:term":[{"taxonomy":"category","embeddable":true,"href":"https:\/\/blogs.gazetaesportiva.com\/automobilismo\/wp-json\/wp\/v2\/categories?post=3383"},{"taxonomy":"post_tag","embeddable":true,"href":"https:\/\/blogs.gazetaesportiva.com\/automobilismo\/wp-json\/wp\/v2\/tags?post=3383"}],"curies":[{"name":"wp","href":"https:\/\/api.w.org\/{rel}","templated":true}]}}