{"id":3381,"date":"2026-04-25T20:24:25","date_gmt":"2026-04-25T20:24:25","guid":{"rendered":"https:\/\/blogs.gazetaesportiva.com\/automobilismo\/?p=3381"},"modified":"2026-04-25T20:24:25","modified_gmt":"2026-04-25T20:24:25","slug":"stock-car-toyota-gazoo-racing-celebra-dobradinha-na-sprint-em-interlagos-com-leo-reis-e-alfredinho-ibiapina","status":"publish","type":"post","link":"https:\/\/blogs.gazetaesportiva.com\/automobilismo\/2026\/04\/25\/stock-car-toyota-gazoo-racing-celebra-dobradinha-na-sprint-em-interlagos-com-leo-reis-e-alfredinho-ibiapina\/","title":{"rendered":"Stock Car: TOYOTA GAZOO Racing celebra dobradinha na Sprint em Interlagos com L\u00e9o Reis e Alfredinho Ibiapina"},"content":{"rendered":"<p style=\"text-align: justify;\">A TOYOTA GAZOO Racing venceu neste s\u00e1bado (25) a corrida Sprint que abriu a terceira etapa da Stock Car, disputada no Aut\u00f3dromo de Interlagos, em S\u00e3o Paulo (SP). L\u00e9o Reis fez uma corrida dominante para triunfar com o Toyota Corolla Cross da equipe CAR Racing, enquanto Alfredinho Ibiapina, que leva as cores da GAZOO Racing em seu carro, foi o segundo colocado ap\u00f3s 30 minutos de prova.<\/p>\n<figure id=\"attachment_3382\" aria-describedby=\"caption-attachment-3382\" style=\"width: 640px\" class=\"wp-caption alignnone\"><img loading=\"lazy\" decoding=\"async\" class=\"size-large wp-image-3382\" src=\"https:\/\/blogs.gazetaesportiva.com\/automobilismo\/files\/2026\/04\/DSC_3089-1024x683.jpg\" alt=\"\" width=\"640\" height=\"427\" srcset=\"https:\/\/blogs.gazetaesportiva.com\/automobilismo\/files\/2026\/04\/DSC_3089-1024x683.jpg 1024w, https:\/\/blogs.gazetaesportiva.com\/automobilismo\/files\/2026\/04\/DSC_3089-300x200.jpg 300w, https:\/\/blogs.gazetaesportiva.com\/automobilismo\/files\/2026\/04\/DSC_3089-768x512.jpg 768w, https:\/\/blogs.gazetaesportiva.com\/automobilismo\/files\/2026\/04\/DSC_3089-1536x1024.jpg 1536w, https:\/\/blogs.gazetaesportiva.com\/automobilismo\/files\/2026\/04\/DSC_3089-2048x1365.jpg 2048w\" sizes=\"auto, (max-width: 640px) 100vw, 640px\" \/><figcaption id=\"caption-attachment-3382\" class=\"wp-caption-text\">Foto: Carsten Horst<\/figcaption><\/figure>\n<p style=\"text-align: justify;\">L\u00e9o largou da pole position e se manteve na ponta da disputa at\u00e9 o momento da parada nos boxes. Depois, travou grande batalha de posi\u00e7\u00e3o com Felipe Massa, conseguindo a ultrapassagem e rumando para a primeira vit\u00f3ria logo em sua terceira etapa como piloto da mais importante categoria do esporte a motor brasileiro.<\/p>\n<p style=\"text-align: justify;\">\u201cVencer \u00e9 um sonho realizado. Eu sempre sonhei estar neste grid e n\u00e3o tem um roteiro melhor. Vencer em Interlagos na minha primeira corrida aqui. Tenho que agradecer ao Felipe (Massa), pelo respeito que teve, pois jogou duro, mas limpo. Tomara que venham mais vit\u00f3rias, mas estou vivendo um sonho\u201d, disse L\u00e9o Reis, que subiu para a sexta coloca\u00e7\u00e3o do campeonato ap\u00f3s vencer nesta tarde.<\/p>\n<p style=\"text-align: justify;\">Tamb\u00e9m estreante na temporada da Stock Car, Alfredinho Ibiapina esteve entre os primeiros ao longo de toda a disputa, e garantiu a ultrapassagem que lhe valeu o segundo lugar e o primeiro p\u00f3dio da carreira na categoria j\u00e1 no ter\u00e7o final de disputa em Interlagos. O piloto celebrou a conquista e agradeceu os esfor\u00e7os de TOYOTA GAZOO Racing e de FT GAZOO Racing pelo resultado.<\/p>\n<p style=\"text-align: justify;\">\u201cFoi uma corrida especial, largando entre os tr\u00eas, fiz um pit stop crucial que me deu uma posi\u00e7\u00e3o de pista importante. Depois consegui passar o Massa na reta e est\u00e1vamos competitivos. Tivemos performance, que \u00e9 algo que sofremos no come\u00e7o do ano. Tenho que agradecer a Full Time e a Toyota que fizeram um carro perfeito. Estou super feliz, pois mostramos resultado por todo o final de semana, e o trof\u00e9u representa o esfor\u00e7o de todos\u201d, disse Alfredinho Ibiapina.<\/p>\n<p style=\"text-align: justify;\">\u201cN\u00e3o imaginava conseguir um p\u00f3dio t\u00e3o cedo na Stock Car. Eu entrei com 17 anos e \u00e9 a minha primeira corrida com 18 anos. Sei que tenho muito a aprender porque entrei muito cedo, e conquistar esses resultados rapidamente \u00e9 muito bom. Eu sei que tenho muito a amadurecer e evoluir com a equipe, e sei que posso entregar. Agrade\u00e7o a Toyota por confiar em mim\u201d, completou Ibiapina.<\/p>\n<p style=\"text-align: justify;\">Ricardo Zonta tamb\u00e9m escalou o pelot\u00e3o durante a disputa deste s\u00e1bado na capital paulista. O piloto do Toyota Corolla Cross n\u00famero 10 largou da 17\u00aa posi\u00e7\u00e3o e cruzou a linha de chegada em 14\u00ba ao final dos 30 minutos de disputa em Interlagos.<\/p>\n<p style=\"text-align: justify;\">A Stock Car fecha a passagem por Interlagos neste domingo (26), com a disputa da corrida principal, marcada para meio-dia. Band, BandSports e YouTube mostram a prova.<\/p>\n","protected":false},"excerpt":{"rendered":"<p>A TOYOTA GAZOO Racing venceu neste s\u00e1bado (25) a corrida Sprint que abriu a terceira etapa da Stock Car, disputada no Aut\u00f3dromo de Interlagos, em <a class=\"read-more\" href=\"https:\/\/blogs.gazetaesportiva.com\/automobilismo\/2026\/04\/25\/stock-car-toyota-gazoo-racing-celebra-dobradinha-na-sprint-em-interlagos-com-leo-reis-e-alfredinho-ibiapina\/\">leia mais<\/a><\/p>\n","protected":false},"author":75,"featured_media":3382,"comment_status":"open","ping_status":"open","sticky":false,"template":"","format":"standard","meta":{"jetpack_post_was_ever_published":false,"_jetpack_newsletter_access":"","_jetpack_dont_email_post_to_subs":false,"_jetpack_newsletter_tier_id":0,"_jetpack_memberships_contains_paywalled_content":false,"_jetpack_memberships_contains_paid_content":false,"footnotes":"","jetpack_publicize_message":"","jetpack_publicize_feature_enabled":true,"jetpack_social_post_already_shared":false,"jetpack_social_options":{"image_generator_settings":{"template":"highway","default_image_id":0,"font":"","enabled":false},"version":2}},"categories":[1],"tags":[],"class_list":["post-3381","post","type-post","status-publish","format-standard","has-post-thumbnail","hentry","category-sem-categoria"],"jetpack_publicize_connections":[],"jetpack_featured_media_url":"https:\/\/blogs.gazetaesportiva.com\/automobilismo\/files\/2026\/04\/DSC_3089-scaled.jpg","jetpack_sharing_enabled":true,"jetpack_shortlink":"https:\/\/wp.me\/pblv91-Sx","_links":{"self":[{"href":"https:\/\/blogs.gazetaesportiva.com\/automobilismo\/wp-json\/wp\/v2\/posts\/3381","targetHints":{"allow":["GET"]}}],"collection":[{"href":"https:\/\/blogs.gazetaesportiva.com\/automobilismo\/wp-json\/wp\/v2\/posts"}],"about":[{"href":"https:\/\/blogs.gazetaesportiva.com\/automobilismo\/wp-json\/wp\/v2\/types\/post"}],"author":[{"embeddable":true,"href":"https:\/\/blogs.gazetaesportiva.com\/automobilismo\/wp-json\/wp\/v2\/users\/75"}],"replies":[{"embeddable":true,"href":"https:\/\/blogs.gazetaesportiva.com\/automobilismo\/wp-json\/wp\/v2\/comments?post=3381"}],"version-history":[{"count":0,"href":"https:\/\/blogs.gazetaesportiva.com\/automobilismo\/wp-json\/wp\/v2\/posts\/3381\/revisions"}],"wp:featuredmedia":[{"embeddable":true,"href":"https:\/\/blogs.gazetaesportiva.com\/automobilismo\/wp-json\/wp\/v2\/media\/3382"}],"wp:attachment":[{"href":"https:\/\/blogs.gazetaesportiva.com\/automobilismo\/wp-json\/wp\/v2\/media?parent=3381"}],"wp:term":[{"taxonomy":"category","embeddable":true,"href":"https:\/\/blogs.gazetaesportiva.com\/automobilismo\/wp-json\/wp\/v2\/categories?post=3381"},{"taxonomy":"post_tag","embeddable":true,"href":"https:\/\/blogs.gazetaesportiva.com\/automobilismo\/wp-json\/wp\/v2\/tags?post=3381"}],"curies":[{"name":"wp","href":"https:\/\/api.w.org\/{rel}","templated":true}]}}