{"id":3378,"date":"2026-04-25T18:58:44","date_gmt":"2026-04-25T18:58:44","guid":{"rendered":"https:\/\/blogs.gazetaesportiva.com\/automobilismo\/?p=3378"},"modified":"2026-04-25T19:38:09","modified_gmt":"2026-04-25T19:38:09","slug":"stock-car-leo-reis-faz-corrida-dominante-e-vence-sprint-em-interlagos-com-a-car-racing","status":"publish","type":"post","link":"https:\/\/blogs.gazetaesportiva.com\/automobilismo\/2026\/04\/25\/stock-car-leo-reis-faz-corrida-dominante-e-vence-sprint-em-interlagos-com-a-car-racing\/","title":{"rendered":"Stock Car: L\u00e9o Reis faz corrida dominante e vence Sprint em Interlagos com a CAR Racing"},"content":{"rendered":"<p style=\"text-align: justify;\">Piloto que defende a CAR Racing em sua temporada de estreia na Stock Car, L\u00e9o Reis venceu neste s\u00e1bado (25) a Sprint que abriu a terceira etapa do campeonato, disputada no Aut\u00f3dromo de Interlagos, em S\u00e3o Paulo (SP). O dono do Toyota Corolla Cross n\u00famero 293 faz apenas seu terceiro final de semana na categoria, mas largou da pole position e faturou sua primeira vit\u00f3ria em uma corrida das mais acirradas.<\/p>\n<figure id=\"attachment_3379\" aria-describedby=\"caption-attachment-3379\" style=\"width: 640px\" class=\"wp-caption alignnone\"><img loading=\"lazy\" decoding=\"async\" class=\"size-large wp-image-3379\" src=\"https:\/\/blogs.gazetaesportiva.com\/automobilismo\/files\/2026\/04\/20260424_1556_871_Stock3_Interlagos_RodrigoRuiz_03403-1024x683.jpg\" alt=\"\" width=\"640\" height=\"427\" srcset=\"https:\/\/blogs.gazetaesportiva.com\/automobilismo\/files\/2026\/04\/20260424_1556_871_Stock3_Interlagos_RodrigoRuiz_03403-1024x683.jpg 1024w, https:\/\/blogs.gazetaesportiva.com\/automobilismo\/files\/2026\/04\/20260424_1556_871_Stock3_Interlagos_RodrigoRuiz_03403-300x200.jpg 300w, https:\/\/blogs.gazetaesportiva.com\/automobilismo\/files\/2026\/04\/20260424_1556_871_Stock3_Interlagos_RodrigoRuiz_03403-768x512.jpg 768w, https:\/\/blogs.gazetaesportiva.com\/automobilismo\/files\/2026\/04\/20260424_1556_871_Stock3_Interlagos_RodrigoRuiz_03403-1536x1025.jpg 1536w, https:\/\/blogs.gazetaesportiva.com\/automobilismo\/files\/2026\/04\/20260424_1556_871_Stock3_Interlagos_RodrigoRuiz_03403-2048x1366.jpg 2048w\" sizes=\"auto, (max-width: 640px) 100vw, 640px\" \/><figcaption id=\"caption-attachment-3379\" class=\"wp-caption-text\">Foto: Rodrigo Aguiar Ruiz\/RR Media<\/figcaption><\/figure>\n<p style=\"text-align: justify;\">L\u00e9o manteve a primeira posi\u00e7\u00e3o nos metros iniciais e se manteve na ponta da disputa at\u00e9 o momento da parada obrigat\u00f3ria nos boxes. O atual campe\u00e3o Rookie da Stock Light chegou a voltar atr\u00e1s de Felipe Massa, mas mostrou for\u00e7a ao super\u00e1-lo uma volta depois. A partir da\u00ed, piloto esperou os concorrentes visitarem os boxes para tomar definitivamente a ponta e seguir para a vit\u00f3ria.<\/p>\n<p style=\"text-align: justify;\">\u201cVencer \u00e9 um sonho realizado. Eu sempre sonhei estar neste grid e n\u00e3o tem um roteiro melhor. Vencer em Interlagos na minha primeira corrida aqui. Tenho que agradecer ao Felipe (Massa), pelo respeito que teve, pois jogou duro, mas limpo. Tomara que venham mais vit\u00f3rias, mas estou vivendo um sonho\u201d, disse L\u00e9o Reis, que tem o apoio de Bradesco.<\/p>\n<p style=\"text-align: justify;\">\u201cA gente sonha em vencer sempre, e n\u00f3s trabalhamos muito. Amo fazer o esporte que eu fa\u00e7o, mas sei como \u00e9 dif\u00edcil estar aqui, vencer no ano de estreia na Stock Car, vencer na Stock Car. \u00c9 um trabalho meu e de toda a equipe que tenho comigo, patrocinadores. Um conjunto em que eu represento centenas de pessoas que est\u00e3o comigo\u201d, completou L\u00e9o.<\/p>\n<p style=\"text-align: justify;\">Rafael Reis fez uma corrida de recupera\u00e7\u00e3o ao longo dos 30 minutos de disputa no circuito de 4.309 metros. Depois de largar da 30\u00aa posi\u00e7\u00e3o, o piloto do Toyota Corolla Cross mostrou velocidade e resili\u00eancia para cruzar a linha de chegada com a 18\u00aa posi\u00e7\u00e3o. Assim, o piloto, que est\u00e1 em seu segundo ano na categoria, protagonizou a maior escalada da prova.<\/p>\n<p style=\"text-align: justify;\">\u201cN\u00e3o tem como n\u00e3o estarmos contentes com a vit\u00f3ria do L\u00e9o. E eu consegui uma \u00f3tima escalada mesmo perdendo velocidade de reta. Vamos trocar o motor amanh\u00e3, e, tomara, vamos vir bem. O carro se mostrou muito confi\u00e1vel e r\u00e1pido, e assim conseguimos ganhar posi\u00e7\u00f5es. Nos d\u00e1 uma expectativa de, com alguns ajustes, avan\u00e7ar at\u00e9, quem sabe, o top-10\u201d, disse Rafael Reis, que tem o apoio de Bradesco.<\/p>\n<p style=\"text-align: justify;\">A Stock Car fecha a passagem por Interlagos neste domingo (26), com a disputa da corrida principal, marcada para meio-dia. Band, BandSports e YouTube mostram a prova.<\/p>\n","protected":false},"excerpt":{"rendered":"<p>Piloto que defende a CAR Racing em sua temporada de estreia na Stock Car, L\u00e9o Reis venceu neste s\u00e1bado (25) a Sprint que abriu a <a class=\"read-more\" href=\"https:\/\/blogs.gazetaesportiva.com\/automobilismo\/2026\/04\/25\/stock-car-leo-reis-faz-corrida-dominante-e-vence-sprint-em-interlagos-com-a-car-racing\/\">leia mais<\/a><\/p>\n","protected":false},"author":75,"featured_media":3379,"comment_status":"open","ping_status":"open","sticky":false,"template":"","format":"standard","meta":{"jetpack_post_was_ever_published":false,"_jetpack_newsletter_access":"","_jetpack_dont_email_post_to_subs":false,"_jetpack_newsletter_tier_id":0,"_jetpack_memberships_contains_paywalled_content":false,"_jetpack_memberships_contains_paid_content":false,"footnotes":"","jetpack_publicize_message":"","jetpack_publicize_feature_enabled":true,"jetpack_social_post_already_shared":false,"jetpack_social_options":{"image_generator_settings":{"template":"highway","default_image_id":0,"font":"","enabled":false},"version":2}},"categories":[1],"tags":[],"class_list":["post-3378","post","type-post","status-publish","format-standard","has-post-thumbnail","hentry","category-sem-categoria"],"jetpack_publicize_connections":[],"jetpack_featured_media_url":"https:\/\/blogs.gazetaesportiva.com\/automobilismo\/files\/2026\/04\/20260424_1556_871_Stock3_Interlagos_RodrigoRuiz_03403-scaled.jpg","jetpack_sharing_enabled":true,"jetpack_shortlink":"https:\/\/wp.me\/pblv91-Su","_links":{"self":[{"href":"https:\/\/blogs.gazetaesportiva.com\/automobilismo\/wp-json\/wp\/v2\/posts\/3378","targetHints":{"allow":["GET"]}}],"collection":[{"href":"https:\/\/blogs.gazetaesportiva.com\/automobilismo\/wp-json\/wp\/v2\/posts"}],"about":[{"href":"https:\/\/blogs.gazetaesportiva.com\/automobilismo\/wp-json\/wp\/v2\/types\/post"}],"author":[{"embeddable":true,"href":"https:\/\/blogs.gazetaesportiva.com\/automobilismo\/wp-json\/wp\/v2\/users\/75"}],"replies":[{"embeddable":true,"href":"https:\/\/blogs.gazetaesportiva.com\/automobilismo\/wp-json\/wp\/v2\/comments?post=3378"}],"version-history":[{"count":0,"href":"https:\/\/blogs.gazetaesportiva.com\/automobilismo\/wp-json\/wp\/v2\/posts\/3378\/revisions"}],"wp:featuredmedia":[{"embeddable":true,"href":"https:\/\/blogs.gazetaesportiva.com\/automobilismo\/wp-json\/wp\/v2\/media\/3379"}],"wp:attachment":[{"href":"https:\/\/blogs.gazetaesportiva.com\/automobilismo\/wp-json\/wp\/v2\/media?parent=3378"}],"wp:term":[{"taxonomy":"category","embeddable":true,"href":"https:\/\/blogs.gazetaesportiva.com\/automobilismo\/wp-json\/wp\/v2\/categories?post=3378"},{"taxonomy":"post_tag","embeddable":true,"href":"https:\/\/blogs.gazetaesportiva.com\/automobilismo\/wp-json\/wp\/v2\/tags?post=3378"}],"curies":[{"name":"wp","href":"https:\/\/api.w.org\/{rel}","templated":true}]}}