{"id":3372,"date":"2026-04-25T14:52:55","date_gmt":"2026-04-25T14:52:55","guid":{"rendered":"https:\/\/blogs.gazetaesportiva.com\/automobilismo\/?p=3372"},"modified":"2026-04-25T14:52:55","modified_gmt":"2026-04-25T14:52:55","slug":"car-racing-larga-da-pole-position-na-sprint-da-stock-car-em-interlagos-com-leo-reis","status":"publish","type":"post","link":"https:\/\/blogs.gazetaesportiva.com\/automobilismo\/2026\/04\/25\/car-racing-larga-da-pole-position-na-sprint-da-stock-car-em-interlagos-com-leo-reis\/","title":{"rendered":"CAR Racing larga da pole position na Sprint da Stock Car em Interlagos com L\u00e9o Reis"},"content":{"rendered":"<p>Piloto que faz sua primeira temporada na Stock Car, L\u00e9o Reis vai largar da pole position na corrida Sprint da terceira etapa do campeonato, marcada para este s\u00e1bado (25) no Aut\u00f3dromo de Interlagos, em S\u00e3o Paulo (SP). O dono do Toyota Corolla Cross da equipe CAR Racing, que sempre esteve entre os mais velozes do final de semana, avan\u00e7ou na classifica\u00e7\u00e3o e vai partir da ponta do grid pela primeira vez logo em seu terceiro final de semana na categoria.<\/p>\n<figure id=\"attachment_3373\" aria-describedby=\"caption-attachment-3373\" style=\"width: 640px\" class=\"wp-caption alignnone\"><img loading=\"lazy\" decoding=\"async\" class=\"size-large wp-image-3373\" src=\"https:\/\/blogs.gazetaesportiva.com\/automobilismo\/files\/2026\/04\/20260424_1122_871_Stock3_Interlagos_RodrigoRuiz_01986-1024x683.jpg\" alt=\"L\u00e9o Reis\" width=\"640\" height=\"427\" srcset=\"https:\/\/blogs.gazetaesportiva.com\/automobilismo\/files\/2026\/04\/20260424_1122_871_Stock3_Interlagos_RodrigoRuiz_01986-1024x683.jpg 1024w, https:\/\/blogs.gazetaesportiva.com\/automobilismo\/files\/2026\/04\/20260424_1122_871_Stock3_Interlagos_RodrigoRuiz_01986-300x200.jpg 300w, https:\/\/blogs.gazetaesportiva.com\/automobilismo\/files\/2026\/04\/20260424_1122_871_Stock3_Interlagos_RodrigoRuiz_01986-768x512.jpg 768w, https:\/\/blogs.gazetaesportiva.com\/automobilismo\/files\/2026\/04\/20260424_1122_871_Stock3_Interlagos_RodrigoRuiz_01986-1536x1025.jpg 1536w, https:\/\/blogs.gazetaesportiva.com\/automobilismo\/files\/2026\/04\/20260424_1122_871_Stock3_Interlagos_RodrigoRuiz_01986-2048x1366.jpg 2048w\" sizes=\"auto, (max-width: 640px) 100vw, 640px\" \/><figcaption id=\"caption-attachment-3373\" class=\"wp-caption-text\">Foto: Rodrigo Aguiar Ruiz\/RR Media<\/figcaption><\/figure>\n<p>Depois de liderar um dos treinos livres realizados na sexta-feira, L\u00e9o foi o terceiro mais veloz do primeiro grupo de pilotos a ir para a pista na rodada inicial da classifica\u00e7\u00e3o. No Q2, o atual campe\u00e3o rookie da Stock Light foi o 12\u00ba, entrando na invers\u00e3o de grid para as corridas do final de semana e garantindo a pole position para a disputa de 30 minutos desta tarde.<\/p>\n<p>\u201cLargar da primeira posi\u00e7\u00e3o \u00e9 legal. A gente busca a pole da corrida principal, mas partir da primeira fila \u00e9 importante. Largar entre os 12 melhores nos d\u00e1 seguran\u00e7a de sempre largar mais \u00e0 frente. Vamos buscar pontos no final de semana e, quem sabe, uma vit\u00f3ria na Sprint e pontos importantes amanh\u00e3. N\u00f3s tentamos evoluir o carro para a classifica\u00e7\u00e3o, e um d\u00e9cimo melhor eu estaria no Q3. O n\u00edvel aqui \u00e9 muito alto e vamos buscar evoluir para a corrida\u201d, comentou L\u00e9o Reis que tem o apoio de Bradesco.<\/p>\n<p>Rafael Reis, companheiro de equipe de L\u00e9o, esteve muito pr\u00f3ximo de avan\u00e7ar para o Q2 da classifica\u00e7\u00e3o desta manh\u00e3. O piloto tem sofrido com velocidade de reta desde o in\u00edcio do final de semana, mas acredita que tem condi\u00e7\u00f5es, com uma estrat\u00e9gia eficiente, de avan\u00e7ar no pelot\u00e3o nas duas corridas do final de semana.<\/p>\n<p>\u201cA gente tem um carro bom e constante. Nossas voltas na classifica\u00e7\u00e3o foram parecidas. Estamos sofrendo com o motor, mas vamos com ele na corrida de hoje. Perdemos de dois a tr\u00eas d\u00e9cimos na reta, mas passamos muito perto do Q2. Vamos para a corrida com um bom carro, constante e com uma boa estrat\u00e9gia, onde a equipe vai bem\u201d, disse Rafael Reis, que tem o apoio de Bradesco.<\/p>\n<p>A Sprint que abre a rodada dupla da Stock Car ter\u00e1 in\u00edcio \u00e0s 13h30 deste s\u00e1bado, enquanto a disputa principal ocorre no domingo, \u00e0s 12h, com transmiss\u00e3o de Band, BandSports e YouTube.<\/p>\n","protected":false},"excerpt":{"rendered":"<p>Piloto que faz sua primeira temporada na Stock Car, L\u00e9o Reis vai largar da pole position na corrida Sprint da terceira etapa do campeonato, marcada <a class=\"read-more\" href=\"https:\/\/blogs.gazetaesportiva.com\/automobilismo\/2026\/04\/25\/car-racing-larga-da-pole-position-na-sprint-da-stock-car-em-interlagos-com-leo-reis\/\">leia mais<\/a><\/p>\n","protected":false},"author":75,"featured_media":3373,"comment_status":"open","ping_status":"open","sticky":false,"template":"","format":"standard","meta":{"jetpack_post_was_ever_published":false,"_jetpack_newsletter_access":"","_jetpack_dont_email_post_to_subs":false,"_jetpack_newsletter_tier_id":0,"_jetpack_memberships_contains_paywalled_content":false,"_jetpack_memberships_contains_paid_content":false,"footnotes":"","jetpack_publicize_message":"","jetpack_publicize_feature_enabled":true,"jetpack_social_post_already_shared":false,"jetpack_social_options":{"image_generator_settings":{"template":"highway","default_image_id":0,"font":"","enabled":false},"version":2}},"categories":[1],"tags":[],"class_list":["post-3372","post","type-post","status-publish","format-standard","has-post-thumbnail","hentry","category-sem-categoria"],"jetpack_publicize_connections":[],"jetpack_featured_media_url":"https:\/\/blogs.gazetaesportiva.com\/automobilismo\/files\/2026\/04\/20260424_1122_871_Stock3_Interlagos_RodrigoRuiz_01986-scaled.jpg","jetpack_sharing_enabled":true,"jetpack_shortlink":"https:\/\/wp.me\/pblv91-So","_links":{"self":[{"href":"https:\/\/blogs.gazetaesportiva.com\/automobilismo\/wp-json\/wp\/v2\/posts\/3372","targetHints":{"allow":["GET"]}}],"collection":[{"href":"https:\/\/blogs.gazetaesportiva.com\/automobilismo\/wp-json\/wp\/v2\/posts"}],"about":[{"href":"https:\/\/blogs.gazetaesportiva.com\/automobilismo\/wp-json\/wp\/v2\/types\/post"}],"author":[{"embeddable":true,"href":"https:\/\/blogs.gazetaesportiva.com\/automobilismo\/wp-json\/wp\/v2\/users\/75"}],"replies":[{"embeddable":true,"href":"https:\/\/blogs.gazetaesportiva.com\/automobilismo\/wp-json\/wp\/v2\/comments?post=3372"}],"version-history":[{"count":1,"href":"https:\/\/blogs.gazetaesportiva.com\/automobilismo\/wp-json\/wp\/v2\/posts\/3372\/revisions"}],"predecessor-version":[{"id":3374,"href":"https:\/\/blogs.gazetaesportiva.com\/automobilismo\/wp-json\/wp\/v2\/posts\/3372\/revisions\/3374"}],"wp:featuredmedia":[{"embeddable":true,"href":"https:\/\/blogs.gazetaesportiva.com\/automobilismo\/wp-json\/wp\/v2\/media\/3373"}],"wp:attachment":[{"href":"https:\/\/blogs.gazetaesportiva.com\/automobilismo\/wp-json\/wp\/v2\/media?parent=3372"}],"wp:term":[{"taxonomy":"category","embeddable":true,"href":"https:\/\/blogs.gazetaesportiva.com\/automobilismo\/wp-json\/wp\/v2\/categories?post=3372"},{"taxonomy":"post_tag","embeddable":true,"href":"https:\/\/blogs.gazetaesportiva.com\/automobilismo\/wp-json\/wp\/v2\/tags?post=3372"}],"curies":[{"name":"wp","href":"https:\/\/api.w.org\/{rel}","templated":true}]}}