{"id":3369,"date":"2026-04-25T15:18:33","date_gmt":"2026-04-25T15:18:33","guid":{"rendered":"https:\/\/blogs.gazetaesportiva.com\/automobilismo\/?p=3369"},"modified":"2026-04-25T15:18:33","modified_gmt":"2026-04-25T15:18:33","slug":"leo-reis-coloca-toyota-gazoo-racing-na-pole-para-a-sprint-da-stock-car-em-interlagos","status":"publish","type":"post","link":"https:\/\/blogs.gazetaesportiva.com\/automobilismo\/2026\/04\/25\/leo-reis-coloca-toyota-gazoo-racing-na-pole-para-a-sprint-da-stock-car-em-interlagos\/","title":{"rendered":"L\u00e9o Reis coloca TOYOTA GAZOO Racing na pole para a Sprint da Stock Car em Interlagos"},"content":{"rendered":"<p style=\"text-align: justify;\">A TOYOTA GAZOO Racing vai largar na frente na Sprint que abre a terceira etapa da Stock Car, no Aut\u00f3dromo de Interlagos, em S\u00e3o Paulo (SP). Piloto que faz sua temporada de estreia na categoria, L\u00e9o Reis avan\u00e7ou ao Q2 da classifica\u00e7\u00e3o deste s\u00e1bado (25) e ficou com a pole position da corrida mais curta do final de semana, marcada para esta tarde.<\/p>\n<figure id=\"attachment_3370\" aria-describedby=\"caption-attachment-3370\" style=\"width: 640px\" class=\"wp-caption alignnone\"><img loading=\"lazy\" decoding=\"async\" class=\"size-large wp-image-3370\" src=\"https:\/\/blogs.gazetaesportiva.com\/automobilismo\/files\/2026\/04\/CH3_0831-1024x683.jpg\" alt=\"L\u00e9o Reis\" width=\"640\" height=\"427\" srcset=\"https:\/\/blogs.gazetaesportiva.com\/automobilismo\/files\/2026\/04\/CH3_0831-1024x683.jpg 1024w, https:\/\/blogs.gazetaesportiva.com\/automobilismo\/files\/2026\/04\/CH3_0831-300x200.jpg 300w, https:\/\/blogs.gazetaesportiva.com\/automobilismo\/files\/2026\/04\/CH3_0831-768x512.jpg 768w, https:\/\/blogs.gazetaesportiva.com\/automobilismo\/files\/2026\/04\/CH3_0831-1536x1024.jpg 1536w, https:\/\/blogs.gazetaesportiva.com\/automobilismo\/files\/2026\/04\/CH3_0831-2048x1365.jpg 2048w\" sizes=\"auto, (max-width: 640px) 100vw, 640px\" \/><figcaption id=\"caption-attachment-3370\" class=\"wp-caption-text\">Foto: Carsten Horst<\/figcaption><\/figure>\n<p style=\"text-align: justify;\">Reis chegou ao Q2 depois de anotar o terceiro melhor tempo de seu grupo na rodada inicial da classifica\u00e7\u00e3o, e anotou o 12\u00ba tempo. Com a invers\u00e3o dos 12 melhores do grid para a defini\u00e7\u00e3o do grid para a Sprint, o piloto do Toyota Corolla Cross da CAR Racing ficou com a primeira posi\u00e7\u00e3o do grid, o que ocorrer\u00e1 pela primeira vez com o piloto logo em seu terceiro final de semana na Stock Car.<\/p>\n<p style=\"text-align: justify;\">\u201cLargar da primeira posi\u00e7\u00e3o \u00e9 legal. A gente busca a pole da corrida principal, mas partir da primeira fila \u00e9 importante. Largar entre os 12 melhores nos d\u00e1 seguran\u00e7a de sempre largar mais \u00e0 frente. Vamos buscar pontos no final de semana e, quem sabe, uma vit\u00f3ria na Sprint e pontos importantes amanh\u00e3. N\u00f3s tentamos evoluir o carro para a classifica\u00e7\u00e3o, e um d\u00e9cimo melhor eu estaria no Q3. O n\u00edvel aqui \u00e9 muito alto e vamos buscar evoluir para a corrida\u201d, comentou L\u00e9o Reis.<\/p>\n<p style=\"text-align: justify;\">Outro piloto que faz sua estreia na Stock Car, Alfredinho Ibiapina garantiu um lugar dentro do top-10 para as duas corridas do final de semana. Nono colocado na classifica\u00e7\u00e3o desta manh\u00e3, o piloto da FT GAZOO Racing vai largar em quarto nesta tarde, e em nono na corrida principal, marcada para o in\u00edcio da tarde de domingo.<\/p>\n<p style=\"text-align: justify;\">\u201cFoi uma classifica\u00e7\u00e3o boa, ficamos muito pr\u00f3ximos do Q3, mas o foco era estar na invers\u00e3o. Estou muito feliz, pois a equipe est\u00e1 trabalhando muito bem e estamos r\u00e1pidos durante todo o final de semana. Vamos para cima na Sprint para buscar nosso primeiro p\u00f3dio na Stock Car. Vamos trabalhar para evoluir na sequ\u00eancia da temporada\u201d, disse Alfredinho Ibiapina.<\/p>\n<p style=\"text-align: justify;\">Ricardo Zonta foi mais um piloto que avan\u00e7ou para a segunda rodada da classifica\u00e7\u00e3o deste s\u00e1bado, e largar\u00e1 da 17\u00aa coloca\u00e7\u00e3o nas duas corridas. O paranaense optou por um acerto mais conservador para a sess\u00e3o que definiu as posi\u00e7\u00f5es de largada e parte para a corrida desta tarde pensando em avan\u00e7ar no pelot\u00e3o para somar pontos.<\/p>\n<p style=\"text-align: justify;\">\u201cNo Q1 os pneus n\u00e3o chegaram a esquentar e pensei que a sa\u00edda de frente fosse por isso. A gente manteve o acerto e a press\u00e3o dos pneus, mas o balan\u00e7o do carro era dianteiro, e n\u00e3o consegui melhorar o tempo por isso. Faltou um pequeno ajuste, e a gente foi conservador acreditanto que a pista estaria mais quente do que estava. Hoje \u00e9 importante a gente avan\u00e7ar e somar pontos\u201d, disse Ricardo Zonta.<\/p>\n<p style=\"text-align: justify;\">A Sprint que abre a rodada dupla da Stock Car ter\u00e1 in\u00edcio \u00e0s 13h30 deste s\u00e1bado, enquanto a disputa principal ocorre no domingo, \u00e0s 12h, com transmiss\u00e3o de Band, BandSports e YouTube.<\/p>\n","protected":false},"excerpt":{"rendered":"<p>A TOYOTA GAZOO Racing vai largar na frente na Sprint que abre a terceira etapa da Stock Car, no Aut\u00f3dromo de Interlagos, em S\u00e3o Paulo <a class=\"read-more\" href=\"https:\/\/blogs.gazetaesportiva.com\/automobilismo\/2026\/04\/25\/leo-reis-coloca-toyota-gazoo-racing-na-pole-para-a-sprint-da-stock-car-em-interlagos\/\">leia mais<\/a><\/p>\n","protected":false},"author":75,"featured_media":3370,"comment_status":"open","ping_status":"open","sticky":false,"template":"","format":"standard","meta":{"jetpack_post_was_ever_published":false,"_jetpack_newsletter_access":"","_jetpack_dont_email_post_to_subs":false,"_jetpack_newsletter_tier_id":0,"_jetpack_memberships_contains_paywalled_content":false,"_jetpack_memberships_contains_paid_content":false,"footnotes":"","jetpack_publicize_message":"","jetpack_publicize_feature_enabled":true,"jetpack_social_post_already_shared":false,"jetpack_social_options":{"image_generator_settings":{"template":"highway","default_image_id":0,"font":"","enabled":false},"version":2}},"categories":[1],"tags":[],"class_list":["post-3369","post","type-post","status-publish","format-standard","has-post-thumbnail","hentry","category-sem-categoria"],"jetpack_publicize_connections":[],"jetpack_featured_media_url":"https:\/\/blogs.gazetaesportiva.com\/automobilismo\/files\/2026\/04\/CH3_0831-scaled.jpg","jetpack_sharing_enabled":true,"jetpack_shortlink":"https:\/\/wp.me\/pblv91-Sl","_links":{"self":[{"href":"https:\/\/blogs.gazetaesportiva.com\/automobilismo\/wp-json\/wp\/v2\/posts\/3369","targetHints":{"allow":["GET"]}}],"collection":[{"href":"https:\/\/blogs.gazetaesportiva.com\/automobilismo\/wp-json\/wp\/v2\/posts"}],"about":[{"href":"https:\/\/blogs.gazetaesportiva.com\/automobilismo\/wp-json\/wp\/v2\/types\/post"}],"author":[{"embeddable":true,"href":"https:\/\/blogs.gazetaesportiva.com\/automobilismo\/wp-json\/wp\/v2\/users\/75"}],"replies":[{"embeddable":true,"href":"https:\/\/blogs.gazetaesportiva.com\/automobilismo\/wp-json\/wp\/v2\/comments?post=3369"}],"version-history":[{"count":1,"href":"https:\/\/blogs.gazetaesportiva.com\/automobilismo\/wp-json\/wp\/v2\/posts\/3369\/revisions"}],"predecessor-version":[{"id":3371,"href":"https:\/\/blogs.gazetaesportiva.com\/automobilismo\/wp-json\/wp\/v2\/posts\/3369\/revisions\/3371"}],"wp:featuredmedia":[{"embeddable":true,"href":"https:\/\/blogs.gazetaesportiva.com\/automobilismo\/wp-json\/wp\/v2\/media\/3370"}],"wp:attachment":[{"href":"https:\/\/blogs.gazetaesportiva.com\/automobilismo\/wp-json\/wp\/v2\/media?parent=3369"}],"wp:term":[{"taxonomy":"category","embeddable":true,"href":"https:\/\/blogs.gazetaesportiva.com\/automobilismo\/wp-json\/wp\/v2\/categories?post=3369"},{"taxonomy":"post_tag","embeddable":true,"href":"https:\/\/blogs.gazetaesportiva.com\/automobilismo\/wp-json\/wp\/v2\/tags?post=3369"}],"curies":[{"name":"wp","href":"https:\/\/api.w.org\/{rel}","templated":true}]}}