{"id":3364,"date":"2026-04-24T22:29:06","date_gmt":"2026-04-24T22:29:06","guid":{"rendered":"https:\/\/blogs.gazetaesportiva.com\/automobilismo\/?p=3364"},"modified":"2026-04-24T22:29:06","modified_gmt":"2026-04-24T22:29:06","slug":"toyota-gazoo-racing-e-destaque-no-primeiro-dia-de-treinos-da-stock-car-em-interlagos","status":"publish","type":"post","link":"https:\/\/blogs.gazetaesportiva.com\/automobilismo\/2026\/04\/24\/toyota-gazoo-racing-e-destaque-no-primeiro-dia-de-treinos-da-stock-car-em-interlagos\/","title":{"rendered":"TOYOTA GAZOO Racing \u00e9 destaque no primeiro dia de treinos da Stock Car em Interlagos"},"content":{"rendered":"<p style=\"text-align: justify;\">A TOYOTA GAZOO Racing foi um dos destaques da sexta-feira (24) de treinos livres para a terceira etapa da temporada 2026, realizada no Aut\u00f3dromo de Interlagos, em S\u00e3o Paulo (SP). Em um dia em que L\u00e9o Reis, piloto da equipe CAR Racing liderou a primeira sess\u00e3o do dia, enquanto Alfredinho Ibiapina foi o mais r\u00e1pido do shakedown e andou no top-10 na atividade da tarde.<\/p>\n<figure id=\"attachment_3365\" aria-describedby=\"caption-attachment-3365\" style=\"width: 640px\" class=\"wp-caption alignnone\"><img loading=\"lazy\" decoding=\"async\" class=\"size-large wp-image-3365\" src=\"https:\/\/blogs.gazetaesportiva.com\/automobilismo\/files\/2026\/04\/CH3_1484-1024x683.jpg\" alt=\"\" width=\"640\" height=\"427\" srcset=\"https:\/\/blogs.gazetaesportiva.com\/automobilismo\/files\/2026\/04\/CH3_1484-1024x683.jpg 1024w, https:\/\/blogs.gazetaesportiva.com\/automobilismo\/files\/2026\/04\/CH3_1484-300x200.jpg 300w, https:\/\/blogs.gazetaesportiva.com\/automobilismo\/files\/2026\/04\/CH3_1484-768x512.jpg 768w, https:\/\/blogs.gazetaesportiva.com\/automobilismo\/files\/2026\/04\/CH3_1484-1536x1024.jpg 1536w, https:\/\/blogs.gazetaesportiva.com\/automobilismo\/files\/2026\/04\/CH3_1484-2048x1365.jpg 2048w\" sizes=\"auto, (max-width: 640px) 100vw, 640px\" \/><figcaption id=\"caption-attachment-3365\" class=\"wp-caption-text\">Foto: Carsten Horst<\/figcaption><\/figure>\n<p style=\"text-align: justify;\">\u201cA gente teve um dia muito positivo, liderando treino e andando muito pr\u00f3ximo dos mais r\u00e1pidos na \u00faltima sess\u00e3o do dia. A Stock Car \u00e9 muito competitiva e a gente est\u00e1 no bolo dos primeiros colocados. Vamos ajustar alguns detalhes para a classifica\u00e7\u00e3o, que \u00e9 o que vale mesmo, para tentar encaixar uma boa volta\u201d, disse L\u00e9o Reis, logo ap\u00f3s o encerramento das atividades do dia.<\/p>\n<p style=\"text-align: justify;\">Piloto que leva as cores da TOYOTA GAZOO Racing no Corolla Cross n\u00famero 80, Alfredinho Ibiapina liderou o shakedown e se colocou no top-10 na \u00faltima sess\u00e3o do dia. O paranaense, que faz sua primeira temporada na categoria m\u00e1xima do esporte a motor brasileiro, destacou ainda o pacote de atualiza\u00e7\u00f5es adotado neste final de semana para pilotos de carros Toyota, destacando a melhora nos desempenhos.<\/p>\n<p style=\"text-align: justify;\">\u201cFoi um dia muito positivo. Nosso foco para o final de semana \u00e9 estar dentro da invers\u00e3o dos 12 melhores. O BoP certamente ajudou a todos os Toyota a performar ainda melhor, e estou muito contente. Terminamos o dia entre os dez, com condi\u00e7\u00f5es de evoluir ainda mais o carro. Vamos trabalhar para ter uma boa classifica\u00e7\u00e3o para entrar na invers\u00e3o e evitar largar de tr\u00e1s\u201d, disse Alfredinho Ibiapina.<\/p>\n<p style=\"text-align: justify;\">Ricardo Zonta tamb\u00e9m tem expectativas em alta para a sequ\u00eancia do final de semana. O piloto do Toyota Corolla Cross n\u00famero 10 exaltou o desempenho do carro, especialmente na segunda sess\u00e3o, e tem como objetivo brigar pelas primeiras coloca\u00e7\u00f5es tanto na classifica\u00e7\u00e3o quanto nas duas corridas do final de semana.<\/p>\n<p style=\"text-align: justify;\">\u201cO treino foi muito positivo. A segunda sess\u00e3o permitiu fazer uma compara\u00e7\u00e3o boa para os outros carros, pois todos est\u00e1vamos com pneus novos. Na minha melhor volta, travei os pneus e perdi algum tempo. N\u00e3o fosse isso, estar\u00edamos entre os dez melhores, mas temos um potencial no carro que nos deixa bem otimistas. Vamos classificar pensando nas primeiras posi\u00e7\u00f5es\u201d, comenta Ricardo Zonta.<\/p>\n<p style=\"text-align: justify;\">A programa\u00e7\u00e3o da Stock Car em Interlagos ter\u00e1 prosseguimento neste s\u00e1bado, \u00e0s 8h45, com a classifica\u00e7\u00e3o, enquanto a Sprint est\u00e1 marcada para 13h30. A corrida principal ocorre no domingo, a partir do meio-dia. Band, BandSports e YouTube mostram as corridas.<\/p>\n","protected":false},"excerpt":{"rendered":"<p>A TOYOTA GAZOO Racing foi um dos destaques da sexta-feira (24) de treinos livres para a terceira etapa da temporada 2026, realizada no Aut\u00f3dromo de <a class=\"read-more\" href=\"https:\/\/blogs.gazetaesportiva.com\/automobilismo\/2026\/04\/24\/toyota-gazoo-racing-e-destaque-no-primeiro-dia-de-treinos-da-stock-car-em-interlagos\/\">leia mais<\/a><\/p>\n","protected":false},"author":75,"featured_media":3365,"comment_status":"open","ping_status":"open","sticky":false,"template":"","format":"standard","meta":{"jetpack_post_was_ever_published":false,"_jetpack_newsletter_access":"","_jetpack_dont_email_post_to_subs":false,"_jetpack_newsletter_tier_id":0,"_jetpack_memberships_contains_paywalled_content":false,"_jetpack_memberships_contains_paid_content":false,"footnotes":"","jetpack_publicize_message":"","jetpack_publicize_feature_enabled":true,"jetpack_social_post_already_shared":false,"jetpack_social_options":{"image_generator_settings":{"template":"highway","default_image_id":0,"font":"","enabled":false},"version":2}},"categories":[1],"tags":[],"class_list":["post-3364","post","type-post","status-publish","format-standard","has-post-thumbnail","hentry","category-sem-categoria"],"jetpack_publicize_connections":[],"jetpack_featured_media_url":"https:\/\/blogs.gazetaesportiva.com\/automobilismo\/files\/2026\/04\/CH3_1484-scaled.jpg","jetpack_sharing_enabled":true,"jetpack_shortlink":"https:\/\/wp.me\/pblv91-Sg","_links":{"self":[{"href":"https:\/\/blogs.gazetaesportiva.com\/automobilismo\/wp-json\/wp\/v2\/posts\/3364","targetHints":{"allow":["GET"]}}],"collection":[{"href":"https:\/\/blogs.gazetaesportiva.com\/automobilismo\/wp-json\/wp\/v2\/posts"}],"about":[{"href":"https:\/\/blogs.gazetaesportiva.com\/automobilismo\/wp-json\/wp\/v2\/types\/post"}],"author":[{"embeddable":true,"href":"https:\/\/blogs.gazetaesportiva.com\/automobilismo\/wp-json\/wp\/v2\/users\/75"}],"replies":[{"embeddable":true,"href":"https:\/\/blogs.gazetaesportiva.com\/automobilismo\/wp-json\/wp\/v2\/comments?post=3364"}],"version-history":[{"count":1,"href":"https:\/\/blogs.gazetaesportiva.com\/automobilismo\/wp-json\/wp\/v2\/posts\/3364\/revisions"}],"predecessor-version":[{"id":3366,"href":"https:\/\/blogs.gazetaesportiva.com\/automobilismo\/wp-json\/wp\/v2\/posts\/3364\/revisions\/3366"}],"wp:featuredmedia":[{"embeddable":true,"href":"https:\/\/blogs.gazetaesportiva.com\/automobilismo\/wp-json\/wp\/v2\/media\/3365"}],"wp:attachment":[{"href":"https:\/\/blogs.gazetaesportiva.com\/automobilismo\/wp-json\/wp\/v2\/media?parent=3364"}],"wp:term":[{"taxonomy":"category","embeddable":true,"href":"https:\/\/blogs.gazetaesportiva.com\/automobilismo\/wp-json\/wp\/v2\/categories?post=3364"},{"taxonomy":"post_tag","embeddable":true,"href":"https:\/\/blogs.gazetaesportiva.com\/automobilismo\/wp-json\/wp\/v2\/tags?post=3364"}],"curies":[{"name":"wp","href":"https:\/\/api.w.org\/{rel}","templated":true}]}}