{"id":3362,"date":"2026-04-24T21:55:42","date_gmt":"2026-04-24T21:55:42","guid":{"rendered":"https:\/\/blogs.gazetaesportiva.com\/automobilismo\/?p=3362"},"modified":"2026-04-24T21:55:42","modified_gmt":"2026-04-24T21:55:42","slug":"felipe-baptista-garante-top-5-na-sexta-feira-de-treinos-da-stock-car-em-interlagos-com-o-banco-bv","status":"publish","type":"post","link":"https:\/\/blogs.gazetaesportiva.com\/automobilismo\/2026\/04\/24\/felipe-baptista-garante-top-5-na-sexta-feira-de-treinos-da-stock-car-em-interlagos-com-o-banco-bv\/","title":{"rendered":"Felipe Baptista garante top-5 na sexta-feira de treinos da Stock Car em Interlagos com o banco BV"},"content":{"rendered":"<p>Piloto que leva as cores do banco BV na Stock Car, Felipe Baptista se mostrou otimista com a sexta-feira (24) de treinos livres para a terceira etapa do campeonato, disputada no Aut\u00f3dromo de Interlagos, em S\u00e3o Paulo (SP). O piloto da CAR Racing garantiu o quarto melhor tempo do dia em marca obtida na \u00faltima das duas sess\u00f5es realizadas ao longo do dia.<\/p>\n<figure id=\"attachment_3363\" aria-describedby=\"caption-attachment-3363\" style=\"width: 640px\" class=\"wp-caption alignnone\"><img loading=\"lazy\" decoding=\"async\" src=\"https:\/\/blogs.gazetaesportiva.com\/automobilismo\/files\/2026\/04\/20260424_0831_871_Stock3_Interlagos_RodrigoRuiz_01276-1024x683.jpg\" alt=\"Felipe Baptista\" width=\"640\" height=\"427\" class=\"size-large wp-image-3363\" srcset=\"https:\/\/blogs.gazetaesportiva.com\/automobilismo\/files\/2026\/04\/20260424_0831_871_Stock3_Interlagos_RodrigoRuiz_01276-1024x683.jpg 1024w, https:\/\/blogs.gazetaesportiva.com\/automobilismo\/files\/2026\/04\/20260424_0831_871_Stock3_Interlagos_RodrigoRuiz_01276-300x200.jpg 300w, https:\/\/blogs.gazetaesportiva.com\/automobilismo\/files\/2026\/04\/20260424_0831_871_Stock3_Interlagos_RodrigoRuiz_01276-768x512.jpg 768w, https:\/\/blogs.gazetaesportiva.com\/automobilismo\/files\/2026\/04\/20260424_0831_871_Stock3_Interlagos_RodrigoRuiz_01276-1536x1025.jpg 1536w, https:\/\/blogs.gazetaesportiva.com\/automobilismo\/files\/2026\/04\/20260424_0831_871_Stock3_Interlagos_RodrigoRuiz_01276-2048x1366.jpg 2048w\" sizes=\"auto, (max-width: 640px) 100vw, 640px\" \/><figcaption id=\"caption-attachment-3363\" class=\"wp-caption-text\">Foto: Rodrigo Aguiar Ruiz\/RR Media<\/figcaption><\/figure>\n<p>Depois de trabalhar na evolu\u00e7\u00e3o do carro na primeira sess\u00e3o, Felipe esteve entre os pilotos do primeiro grupo a visitar a pista no segundo ensaio do final de semana. O piloto do Mitsubishi Eclipse Cross n\u00famero 121 mostrou for\u00e7a ao marcar o segundo tempo de seu grupo, apenas 33 mil\u00e9simos distante do melhor tempo. Ao final do treinamento, Baptista ficou com o quarto lugar.<\/p>\n<p>\u201cN\u00f3s terminamos com o quarto tempo geral e fui o segundo do grupo, 33 mil\u00e9simos distante do mais r\u00e1pido. O carro est\u00e1 bom, estou contente com o comportamento dele. A gente perde um pouco de velocidade de reta, mas estamos fortes no segundo setor. Vamos entender o que ocorreu para amanh\u00e3 buscar essa pole. D\u00e1 para disputar, mas temos que acertar tudo\u201d, disse Felipe Baptista, que tem o patroc\u00ednio de banco BV.<\/p>\n<p>A programa\u00e7\u00e3o da Stock Car em Interlagos ter\u00e1 prosseguimento neste s\u00e1bado, \u00e0s 8h45, com a classifica\u00e7\u00e3o, enquanto a Sprint est\u00e1 marcada para 13h30. A corrida principal ocorre no domingo, a partir do meio-dia. Band, BandSports e YouTube mostram as corridas.<\/p>\n","protected":false},"excerpt":{"rendered":"<p>Piloto que leva as cores do banco BV na Stock Car, Felipe Baptista se mostrou otimista com a sexta-feira (24) de treinos livres para a <a class=\"read-more\" href=\"https:\/\/blogs.gazetaesportiva.com\/automobilismo\/2026\/04\/24\/felipe-baptista-garante-top-5-na-sexta-feira-de-treinos-da-stock-car-em-interlagos-com-o-banco-bv\/\">leia mais<\/a><\/p>\n","protected":false},"author":75,"featured_media":3363,"comment_status":"open","ping_status":"open","sticky":false,"template":"","format":"standard","meta":{"jetpack_post_was_ever_published":false,"_jetpack_newsletter_access":"","_jetpack_dont_email_post_to_subs":false,"_jetpack_newsletter_tier_id":0,"_jetpack_memberships_contains_paywalled_content":false,"_jetpack_memberships_contains_paid_content":false,"footnotes":"","jetpack_publicize_message":"","jetpack_publicize_feature_enabled":true,"jetpack_social_post_already_shared":false,"jetpack_social_options":{"image_generator_settings":{"template":"highway","default_image_id":0,"font":"","enabled":false},"version":2}},"categories":[1],"tags":[],"class_list":["post-3362","post","type-post","status-publish","format-standard","has-post-thumbnail","hentry","category-sem-categoria"],"jetpack_publicize_connections":[],"jetpack_featured_media_url":"https:\/\/blogs.gazetaesportiva.com\/automobilismo\/files\/2026\/04\/20260424_0831_871_Stock3_Interlagos_RodrigoRuiz_01276-scaled.jpg","jetpack_sharing_enabled":true,"jetpack_shortlink":"https:\/\/wp.me\/pblv91-Se","_links":{"self":[{"href":"https:\/\/blogs.gazetaesportiva.com\/automobilismo\/wp-json\/wp\/v2\/posts\/3362","targetHints":{"allow":["GET"]}}],"collection":[{"href":"https:\/\/blogs.gazetaesportiva.com\/automobilismo\/wp-json\/wp\/v2\/posts"}],"about":[{"href":"https:\/\/blogs.gazetaesportiva.com\/automobilismo\/wp-json\/wp\/v2\/types\/post"}],"author":[{"embeddable":true,"href":"https:\/\/blogs.gazetaesportiva.com\/automobilismo\/wp-json\/wp\/v2\/users\/75"}],"replies":[{"embeddable":true,"href":"https:\/\/blogs.gazetaesportiva.com\/automobilismo\/wp-json\/wp\/v2\/comments?post=3362"}],"version-history":[{"count":0,"href":"https:\/\/blogs.gazetaesportiva.com\/automobilismo\/wp-json\/wp\/v2\/posts\/3362\/revisions"}],"wp:featuredmedia":[{"embeddable":true,"href":"https:\/\/blogs.gazetaesportiva.com\/automobilismo\/wp-json\/wp\/v2\/media\/3363"}],"wp:attachment":[{"href":"https:\/\/blogs.gazetaesportiva.com\/automobilismo\/wp-json\/wp\/v2\/media?parent=3362"}],"wp:term":[{"taxonomy":"category","embeddable":true,"href":"https:\/\/blogs.gazetaesportiva.com\/automobilismo\/wp-json\/wp\/v2\/categories?post=3362"},{"taxonomy":"post_tag","embeddable":true,"href":"https:\/\/blogs.gazetaesportiva.com\/automobilismo\/wp-json\/wp\/v2\/tags?post=3362"}],"curies":[{"name":"wp","href":"https:\/\/api.w.org\/{rel}","templated":true}]}}