{"id":3360,"date":"2026-04-24T21:48:08","date_gmt":"2026-04-24T21:48:08","guid":{"rendered":"https:\/\/blogs.gazetaesportiva.com\/automobilismo\/?p=3360"},"modified":"2026-04-24T21:48:08","modified_gmt":"2026-04-24T21:48:08","slug":"car-racing-e-destaque-em-sexta-feira-de-treinos-da-stock-car-em-interlagos","status":"publish","type":"post","link":"https:\/\/blogs.gazetaesportiva.com\/automobilismo\/2026\/04\/24\/car-racing-e-destaque-em-sexta-feira-de-treinos-da-stock-car-em-interlagos\/","title":{"rendered":"CAR Racing \u00e9 destaque em sexta-feira de treinos da Stock Car em Interlagos"},"content":{"rendered":"<p>A Stock Car teve nesta sexta-feira (24) os treinos livres para a disputa da terceira etapa da temporada de 2026. E a CAR Racing foi um dos destaques do dia ao liderar a primeira sess\u00e3o do dia no Aut\u00f3dromo de Interlagos, em S\u00e3o Paulo (SP) com L\u00e9o Reis, e garantir um top-5 na segunda sess\u00e3o do dia com Felipe Baptista.<\/p>\n<figure id=\"attachment_3361\" aria-describedby=\"caption-attachment-3361\" style=\"width: 640px\" class=\"wp-caption alignnone\"><img loading=\"lazy\" decoding=\"async\" class=\"size-large wp-image-3361\" src=\"https:\/\/blogs.gazetaesportiva.com\/automobilismo\/files\/2026\/04\/Leo-Reis-Stock-Sexta-feira-1024x683.jpg\" alt=\"\" width=\"640\" height=\"427\" srcset=\"https:\/\/blogs.gazetaesportiva.com\/automobilismo\/files\/2026\/04\/Leo-Reis-Stock-Sexta-feira-1024x683.jpg 1024w, https:\/\/blogs.gazetaesportiva.com\/automobilismo\/files\/2026\/04\/Leo-Reis-Stock-Sexta-feira-300x200.jpg 300w, https:\/\/blogs.gazetaesportiva.com\/automobilismo\/files\/2026\/04\/Leo-Reis-Stock-Sexta-feira-768x513.jpg 768w, https:\/\/blogs.gazetaesportiva.com\/automobilismo\/files\/2026\/04\/Leo-Reis-Stock-Sexta-feira.jpg 1500w\" sizes=\"auto, (max-width: 640px) 100vw, 640px\" \/><figcaption id=\"caption-attachment-3361\" class=\"wp-caption-text\">Foto: Rodrigo Ruiz\/RF1<\/figcaption><\/figure>\n<p>Depois de um shakedown em que L\u00e9o foi o segundo mais r\u00e1pido, o time viu o piloto do carro n\u00famero 293 liderar a sess\u00e3o com a marca de 1min38s852. No \u00faltimo treino do dia, o piloto, que faz sua primeira temporada na mais longeva categoria do automobilismo brasileiro garantiu ainda um lugar entre os dez mais r\u00e1pidos ao marcar o oitavo tempo.<\/p>\n<p>\u201cA gente teve um dia muito positivo, liderando treino e andando muito pr\u00f3ximo dos mais r\u00e1pidos na \u00faltima sess\u00e3o do dia. A Stock Car \u00e9 muito competitiva e a gente est\u00e1 no bolo dos primeiros colocados. Vamos ajustar alguns detalhes para a classifica\u00e7\u00e3o, que \u00e9 o que vale mesmo, para tentar encaixar uma boa volta\u201d, disse L\u00e9o Reis.<\/p>\n<p>Felipe Baptista evoluiu o carro ao longo do dia, e conquistou o quarto melhor tempo na atividade que finalizou a sexta-feira no aut\u00f3dromo localizado na zona sul de S\u00e3o Paulo. Para o dono do carro n\u00famero 121, ainda h\u00e1 detalhes para serem ajustados no ve\u00edculo para brigar pelas primeiras coloca\u00e7\u00f5es tanto na classifica\u00e7\u00e3o quanto nas corridas.<\/p>\n<p>\u201cN\u00f3s terminamos com o quarto tempo geral e fui o segundo do grupo, 33 mil\u00e9simos distante do mais r\u00e1pido. O carro est\u00e1 bom, estou contente com o comportamento dele. A gente perde um pouco de velocidade de reta, mas estamos fortes no segundo setor. Vamos entender o que ocorreu para amanh\u00e3 buscar essa pole. D\u00e1 para disputar, mas temos que acertar tudo\u201d, disse Felipe Baptista.<\/p>\n<p>Quem tamb\u00e9m trabalhou na evolu\u00e7\u00e3o do carro ao longo do dia foi Rafael Reis. O piloto destacou o trabalho que teve ao lado da CAR Racing durante os treinos, e se mostra satisfeito ap\u00f3s o encerramento das atividades do dia no circuito de 4.309 metros.<\/p>\n<p>\u201cA gente teve muito trabalho, mais do que nos outros finais de semana. Depois de um primeiro treino complicado, usamos os pneus novos mais cedo no segundo treino. De qualquer forma estamos mais pr\u00f3ximos dos advers\u00e1rios. Falta um pouco de velocidade de reta em rela\u00e7\u00e3o ao L\u00e9o, mas temos um caminho para evoluir o carro. Estou contente\u201d, disse Rafael Reis.<\/p>\n<p>Vicente Orige sofreu com o desempenho do motor ao longo do dia, e optou, junto ao time, em fazer a troca para a classifica\u00e7\u00e3o da manh\u00e3 deste s\u00e1bado. O piloto, que faz seu primeiro ano com a CAR Racing, tra\u00e7a como objetivo alcan\u00e7ar o Q2 da classifica\u00e7\u00e3o.<\/p>\n<p>\u201cA gente sofreu com o motor desde o shakedown. A parte de ch\u00e3o melhorou muito durante o dia, especialmente no \u00faltimo treino. Teremos um motor novo amanh\u00e3 para a classifica\u00e7\u00e3o, que deve ser melhor do que usamos aqui. A expectativa \u00e9 de a gente avan\u00e7ar uns tr\u00eas d\u00e9cimos em compara\u00e7\u00e3o com o carro do Felipe. O objetivo \u00e9 um Q2\u201d, comentou Vicente Orige.<\/p>\n<p>A programa\u00e7\u00e3o da Stock Car em Interlagos ter\u00e1 prosseguimento neste s\u00e1bado, \u00e0s 8h45, com a classifica\u00e7\u00e3o, enquanto a Sprint est\u00e1 marcada para 13h30. A corrida principal ocorre no domingo, a partir do meio-dia. Band, BandSports e YouTube mostram as corridas.<\/p>\n","protected":false},"excerpt":{"rendered":"<p>A Stock Car teve nesta sexta-feira (24) os treinos livres para a disputa da terceira etapa da temporada de 2026. E a CAR Racing foi <a class=\"read-more\" href=\"https:\/\/blogs.gazetaesportiva.com\/automobilismo\/2026\/04\/24\/car-racing-e-destaque-em-sexta-feira-de-treinos-da-stock-car-em-interlagos\/\">leia mais<\/a><\/p>\n","protected":false},"author":75,"featured_media":3361,"comment_status":"open","ping_status":"open","sticky":false,"template":"","format":"standard","meta":{"jetpack_post_was_ever_published":false,"_jetpack_newsletter_access":"","_jetpack_dont_email_post_to_subs":false,"_jetpack_newsletter_tier_id":0,"_jetpack_memberships_contains_paywalled_content":false,"_jetpack_memberships_contains_paid_content":false,"footnotes":"","jetpack_publicize_message":"","jetpack_publicize_feature_enabled":true,"jetpack_social_post_already_shared":false,"jetpack_social_options":{"image_generator_settings":{"template":"highway","default_image_id":0,"font":"","enabled":false},"version":2}},"categories":[1],"tags":[],"class_list":["post-3360","post","type-post","status-publish","format-standard","has-post-thumbnail","hentry","category-sem-categoria"],"jetpack_publicize_connections":[],"jetpack_featured_media_url":"https:\/\/blogs.gazetaesportiva.com\/automobilismo\/files\/2026\/04\/Leo-Reis-Stock-Sexta-feira.jpg","jetpack_sharing_enabled":true,"jetpack_shortlink":"https:\/\/wp.me\/pblv91-Sc","_links":{"self":[{"href":"https:\/\/blogs.gazetaesportiva.com\/automobilismo\/wp-json\/wp\/v2\/posts\/3360","targetHints":{"allow":["GET"]}}],"collection":[{"href":"https:\/\/blogs.gazetaesportiva.com\/automobilismo\/wp-json\/wp\/v2\/posts"}],"about":[{"href":"https:\/\/blogs.gazetaesportiva.com\/automobilismo\/wp-json\/wp\/v2\/types\/post"}],"author":[{"embeddable":true,"href":"https:\/\/blogs.gazetaesportiva.com\/automobilismo\/wp-json\/wp\/v2\/users\/75"}],"replies":[{"embeddable":true,"href":"https:\/\/blogs.gazetaesportiva.com\/automobilismo\/wp-json\/wp\/v2\/comments?post=3360"}],"version-history":[{"count":0,"href":"https:\/\/blogs.gazetaesportiva.com\/automobilismo\/wp-json\/wp\/v2\/posts\/3360\/revisions"}],"wp:featuredmedia":[{"embeddable":true,"href":"https:\/\/blogs.gazetaesportiva.com\/automobilismo\/wp-json\/wp\/v2\/media\/3361"}],"wp:attachment":[{"href":"https:\/\/blogs.gazetaesportiva.com\/automobilismo\/wp-json\/wp\/v2\/media?parent=3360"}],"wp:term":[{"taxonomy":"category","embeddable":true,"href":"https:\/\/blogs.gazetaesportiva.com\/automobilismo\/wp-json\/wp\/v2\/categories?post=3360"},{"taxonomy":"post_tag","embeddable":true,"href":"https:\/\/blogs.gazetaesportiva.com\/automobilismo\/wp-json\/wp\/v2\/tags?post=3360"}],"curies":[{"name":"wp","href":"https:\/\/api.w.org\/{rel}","templated":true}]}}