{"id":3358,"date":"2026-04-24T21:39:54","date_gmt":"2026-04-24T21:39:54","guid":{"rendered":"https:\/\/blogs.gazetaesportiva.com\/automobilismo\/?p=3358"},"modified":"2026-04-24T21:39:54","modified_gmt":"2026-04-24T21:39:54","slug":"gabriel-casagrande-e-o-mais-rapido-da-sexta-feira-na-stock-car-em-interlagos","status":"publish","type":"post","link":"https:\/\/blogs.gazetaesportiva.com\/automobilismo\/2026\/04\/24\/gabriel-casagrande-e-o-mais-rapido-da-sexta-feira-na-stock-car-em-interlagos\/","title":{"rendered":"Gabriel Casagrande \u00e9 o mais r\u00e1pido da sexta-feira na Stock Car em Interlagos"},"content":{"rendered":"<figure id=\"attachment_3359\" aria-describedby=\"caption-attachment-3359\" style=\"width: 640px\" class=\"wp-caption alignnone\"><img loading=\"lazy\" decoding=\"async\" class=\"size-large wp-image-3359\" src=\"https:\/\/blogs.gazetaesportiva.com\/automobilismo\/files\/2026\/04\/Casagrande-Stock-Car-Interlagos-2026-1024x683.jpg\" alt=\"\" width=\"640\" height=\"427\" srcset=\"https:\/\/blogs.gazetaesportiva.com\/automobilismo\/files\/2026\/04\/Casagrande-Stock-Car-Interlagos-2026-1024x683.jpg 1024w, https:\/\/blogs.gazetaesportiva.com\/automobilismo\/files\/2026\/04\/Casagrande-Stock-Car-Interlagos-2026-300x200.jpg 300w, https:\/\/blogs.gazetaesportiva.com\/automobilismo\/files\/2026\/04\/Casagrande-Stock-Car-Interlagos-2026-768x512.jpg 768w, https:\/\/blogs.gazetaesportiva.com\/automobilismo\/files\/2026\/04\/Casagrande-Stock-Car-Interlagos-2026.jpg 1500w\" sizes=\"auto, (max-width: 640px) 100vw, 640px\" \/><figcaption id=\"caption-attachment-3359\" class=\"wp-caption-text\">Foto: Rodrigo Guimar\u00e3es\/RF1<\/figcaption><\/figure>\n<p>Tricampe\u00e3o da Stock Car com todos os seus t\u00edtulos conquistados em Interlagos, Gabriel Casagrande mostrou nesta sexta-feira que segue acelerando forte no principal aut\u00f3dromo do Pa\u00eds. O piloto da equipe AMattheis Vogel cravou a volta mais r\u00e1pida do dia com o tempo de 1min38s011. O piloto paranaense destacou o bom o comportamento nas atividades da terceira etapa do campeonato no circuito paulistano.<\/p>\n<p>\u201cFoi um dia muito proveitoso. \u00c9 claro que vale a partir de amanh\u00e3, mas j\u00e1 \u00e9 uma boa amostra do que a gente tem dispon\u00edvel de performance esse final de semana. Temos que repetir esse desempenho no Qualifying, que \u00e9 onde a gente sempre tentar o extrair o m\u00e1ximo do carro. Estou bem animado, confiante com o carro, satisfeito com o que a gente fez hoje e com as evolu\u00e7\u00f5es que n\u00f3s tivemos\u201d, diz Casagrande, que tem os patroc\u00ednios de Baterias J\u00fapiter, Axalta, Cresol, OnPetro, STP, RP Info, UFI Filters e Aeroparque Cambori\u00fa.<\/p>\n<p>Sexto colocado no campeonato, Casagrande valorizou o trabalho da equipe ap\u00f3s seu carro mostrar bom ritmo tanto com pneus novos quanto com os usados.<\/p>\n<p>\u201cFoi poss\u00edvel ver que a gente estava bem com pneus usados e com pneus novos, o nosso acerto realmente \u2018pegou na veia\u2019. Vamos continuar trabalhando e ver o que a gente ainda pode melhorar para amanh\u00e3. Tenho certeza que, se permanecermos nesse ritmo, vamos fazer muitos pontos. Essa \u00e9 a nossa meta, como em todo o final de semana\u201d, completa Casagrande.<\/p>\n<p>A programa\u00e7\u00e3o da Stock Car em Interlagos ter\u00e1 prosseguimento neste s\u00e1bado, \u00e0s 8h45, com a classifica\u00e7\u00e3o, enquanto a Sprint est\u00e1 marcada para 13h30. A corrida principal ocorre no domingo, a partir do meio-dia. Band, BandSports e YouTube mostram as corridas.<\/p>\n","protected":false},"excerpt":{"rendered":"<p>Tricampe\u00e3o da Stock Car com todos os seus t\u00edtulos conquistados em Interlagos, Gabriel Casagrande mostrou nesta sexta-feira que segue acelerando forte no principal aut\u00f3dromo do <a class=\"read-more\" href=\"https:\/\/blogs.gazetaesportiva.com\/automobilismo\/2026\/04\/24\/gabriel-casagrande-e-o-mais-rapido-da-sexta-feira-na-stock-car-em-interlagos\/\">leia mais<\/a><\/p>\n","protected":false},"author":75,"featured_media":3359,"comment_status":"open","ping_status":"open","sticky":false,"template":"","format":"standard","meta":{"jetpack_post_was_ever_published":false,"_jetpack_newsletter_access":"","_jetpack_dont_email_post_to_subs":false,"_jetpack_newsletter_tier_id":0,"_jetpack_memberships_contains_paywalled_content":false,"_jetpack_memberships_contains_paid_content":false,"footnotes":"","jetpack_publicize_message":"","jetpack_publicize_feature_enabled":true,"jetpack_social_post_already_shared":false,"jetpack_social_options":{"image_generator_settings":{"template":"highway","default_image_id":0,"font":"","enabled":false},"version":2}},"categories":[1],"tags":[],"class_list":["post-3358","post","type-post","status-publish","format-standard","has-post-thumbnail","hentry","category-sem-categoria"],"jetpack_publicize_connections":[],"jetpack_featured_media_url":"https:\/\/blogs.gazetaesportiva.com\/automobilismo\/files\/2026\/04\/Casagrande-Stock-Car-Interlagos-2026.jpg","jetpack_sharing_enabled":true,"jetpack_shortlink":"https:\/\/wp.me\/pblv91-Sa","_links":{"self":[{"href":"https:\/\/blogs.gazetaesportiva.com\/automobilismo\/wp-json\/wp\/v2\/posts\/3358","targetHints":{"allow":["GET"]}}],"collection":[{"href":"https:\/\/blogs.gazetaesportiva.com\/automobilismo\/wp-json\/wp\/v2\/posts"}],"about":[{"href":"https:\/\/blogs.gazetaesportiva.com\/automobilismo\/wp-json\/wp\/v2\/types\/post"}],"author":[{"embeddable":true,"href":"https:\/\/blogs.gazetaesportiva.com\/automobilismo\/wp-json\/wp\/v2\/users\/75"}],"replies":[{"embeddable":true,"href":"https:\/\/blogs.gazetaesportiva.com\/automobilismo\/wp-json\/wp\/v2\/comments?post=3358"}],"version-history":[{"count":0,"href":"https:\/\/blogs.gazetaesportiva.com\/automobilismo\/wp-json\/wp\/v2\/posts\/3358\/revisions"}],"wp:featuredmedia":[{"embeddable":true,"href":"https:\/\/blogs.gazetaesportiva.com\/automobilismo\/wp-json\/wp\/v2\/media\/3359"}],"wp:attachment":[{"href":"https:\/\/blogs.gazetaesportiva.com\/automobilismo\/wp-json\/wp\/v2\/media?parent=3358"}],"wp:term":[{"taxonomy":"category","embeddable":true,"href":"https:\/\/blogs.gazetaesportiva.com\/automobilismo\/wp-json\/wp\/v2\/categories?post=3358"},{"taxonomy":"post_tag","embeddable":true,"href":"https:\/\/blogs.gazetaesportiva.com\/automobilismo\/wp-json\/wp\/v2\/tags?post=3358"}],"curies":[{"name":"wp","href":"https:\/\/api.w.org\/{rel}","templated":true}]}}