{"id":3355,"date":"2026-04-24T21:04:09","date_gmt":"2026-04-24T21:04:09","guid":{"rendered":"https:\/\/blogs.gazetaesportiva.com\/automobilismo\/?p=3355"},"modified":"2026-04-24T21:04:09","modified_gmt":"2026-04-24T21:04:09","slug":"gr-yaris-estreia-como-novo-safety-car-da-stock-car-em-interlagos","status":"publish","type":"post","link":"https:\/\/blogs.gazetaesportiva.com\/automobilismo\/2026\/04\/24\/gr-yaris-estreia-como-novo-safety-car-da-stock-car-em-interlagos\/","title":{"rendered":"GR Yaris estreia como novo Safety Car da Stock Car em Interlagos"},"content":{"rendered":"<p>A TOYOTA GAZOO Racing vai trazer um novo carro para alinhar na terceira etapa da temporada 2026 da Stock Car, marcada para este final de semana no Aut\u00f3dromo de Interlagos, em S\u00e3o Paulo (SP). O novo Safety Car da categoria passa a ser o GR Yaris, hot hatch que ser\u00e1 o respons\u00e1vel por liderar o pelot\u00e3o na volta de apresenta\u00e7\u00e3o nesta rodada dupla.<\/p>\n<figure id=\"attachment_3356\" aria-describedby=\"caption-attachment-3356\" style=\"width: 640px\" class=\"wp-caption alignnone\"><img loading=\"lazy\" decoding=\"async\" src=\"https:\/\/blogs.gazetaesportiva.com\/automobilismo\/files\/2026\/04\/CH3_3026-1024x683.jpg\" alt=\"Toyota\" width=\"640\" height=\"427\" class=\"size-large wp-image-3356\" srcset=\"https:\/\/blogs.gazetaesportiva.com\/automobilismo\/files\/2026\/04\/CH3_3026-1024x683.jpg 1024w, https:\/\/blogs.gazetaesportiva.com\/automobilismo\/files\/2026\/04\/CH3_3026-300x200.jpg 300w, https:\/\/blogs.gazetaesportiva.com\/automobilismo\/files\/2026\/04\/CH3_3026-768x512.jpg 768w, https:\/\/blogs.gazetaesportiva.com\/automobilismo\/files\/2026\/04\/CH3_3026-1536x1024.jpg 1536w, https:\/\/blogs.gazetaesportiva.com\/automobilismo\/files\/2026\/04\/CH3_3026-2048x1365.jpg 2048w\" sizes=\"auto, (max-width: 640px) 100vw, 640px\" \/><figcaption id=\"caption-attachment-3356\" class=\"wp-caption-text\">Foto: Carsten Horst<\/figcaption><\/figure>\n<p>O GR Yaris foi recentemente lan\u00e7ado no Brasil em duas vers\u00f5es,  com c\u00e2mbio autom\u00e1tico e manual, cada uma com 99 unidades dispon\u00edveis. O modelo nasceu com o DNA esportivo, afinal o GR Yaris foi desenvolvido pela GAZOO Racing no WRC, o mais importante campeonato de rali de velocidade do mundo.<\/p>\n<p>Equipado com motor 1.6 turbo de tr\u00eas cilindros, o GR Yaris que vai puxar o pelot\u00e3o da Stock Car antes da largada chama aten\u00e7\u00e3o pela pot\u00eancia: s\u00e3o 304 cv, al\u00e9m de entregar 40,8 kgfm de torque. Internamente chama aten\u00e7\u00e3o ainda a cabine, que tem o conceito \u201cdriver first\u201d e painel digital que oferece op\u00e7\u00e3o de modo esportivo, focado em informa\u00e7\u00f5es de performance.<\/p>\n<p>\u201cEstamos em nossa s\u00e9tima temporada e ter o GR Yaris como Safety Car da categoria \u00e9 mais uma mostra do compromisso que temos com a Stock Car. A escolha por este modelo tamb\u00e9m se d\u00e1 tamb\u00e9m pela esportividade que ele tem, trazendo muitos elementos para o p\u00fablico apaixonado por performance e corridas\u201d, disse Daniel Grespan, Project Advisor de GR.<\/p>\n<p>O GR Yaris poder\u00e1 ser visto em pelo menos dois momentos do final de semana: antes das largadas das duas corridas. A primeira, Sprint, ocorre \u00e0s 13h35 de s\u00e1bado, enquanto a disputa principal est\u00e1 marcada para 12h10 de domingo. Band, BandSports e YouTube mostram a etapa.<\/p>\n","protected":false},"excerpt":{"rendered":"<p>A TOYOTA GAZOO Racing vai trazer um novo carro para alinhar na terceira etapa da temporada 2026 da Stock Car, marcada para este final de <a class=\"read-more\" href=\"https:\/\/blogs.gazetaesportiva.com\/automobilismo\/2026\/04\/24\/gr-yaris-estreia-como-novo-safety-car-da-stock-car-em-interlagos\/\">leia mais<\/a><\/p>\n","protected":false},"author":75,"featured_media":3356,"comment_status":"open","ping_status":"open","sticky":false,"template":"","format":"standard","meta":{"jetpack_post_was_ever_published":false,"_jetpack_newsletter_access":"","_jetpack_dont_email_post_to_subs":false,"_jetpack_newsletter_tier_id":0,"_jetpack_memberships_contains_paywalled_content":false,"_jetpack_memberships_contains_paid_content":false,"footnotes":"","jetpack_publicize_message":"","jetpack_publicize_feature_enabled":true,"jetpack_social_post_already_shared":false,"jetpack_social_options":{"image_generator_settings":{"template":"highway","default_image_id":0,"font":"","enabled":false},"version":2}},"categories":[1],"tags":[],"class_list":["post-3355","post","type-post","status-publish","format-standard","has-post-thumbnail","hentry","category-sem-categoria"],"jetpack_publicize_connections":[],"jetpack_featured_media_url":"https:\/\/blogs.gazetaesportiva.com\/automobilismo\/files\/2026\/04\/CH3_3026-scaled.jpg","jetpack_sharing_enabled":true,"jetpack_shortlink":"https:\/\/wp.me\/pblv91-S7","_links":{"self":[{"href":"https:\/\/blogs.gazetaesportiva.com\/automobilismo\/wp-json\/wp\/v2\/posts\/3355","targetHints":{"allow":["GET"]}}],"collection":[{"href":"https:\/\/blogs.gazetaesportiva.com\/automobilismo\/wp-json\/wp\/v2\/posts"}],"about":[{"href":"https:\/\/blogs.gazetaesportiva.com\/automobilismo\/wp-json\/wp\/v2\/types\/post"}],"author":[{"embeddable":true,"href":"https:\/\/blogs.gazetaesportiva.com\/automobilismo\/wp-json\/wp\/v2\/users\/75"}],"replies":[{"embeddable":true,"href":"https:\/\/blogs.gazetaesportiva.com\/automobilismo\/wp-json\/wp\/v2\/comments?post=3355"}],"version-history":[{"count":1,"href":"https:\/\/blogs.gazetaesportiva.com\/automobilismo\/wp-json\/wp\/v2\/posts\/3355\/revisions"}],"predecessor-version":[{"id":3357,"href":"https:\/\/blogs.gazetaesportiva.com\/automobilismo\/wp-json\/wp\/v2\/posts\/3355\/revisions\/3357"}],"wp:featuredmedia":[{"embeddable":true,"href":"https:\/\/blogs.gazetaesportiva.com\/automobilismo\/wp-json\/wp\/v2\/media\/3356"}],"wp:attachment":[{"href":"https:\/\/blogs.gazetaesportiva.com\/automobilismo\/wp-json\/wp\/v2\/media?parent=3355"}],"wp:term":[{"taxonomy":"category","embeddable":true,"href":"https:\/\/blogs.gazetaesportiva.com\/automobilismo\/wp-json\/wp\/v2\/categories?post=3355"},{"taxonomy":"post_tag","embeddable":true,"href":"https:\/\/blogs.gazetaesportiva.com\/automobilismo\/wp-json\/wp\/v2\/tags?post=3355"}],"curies":[{"name":"wp","href":"https:\/\/api.w.org\/{rel}","templated":true}]}}