{"id":3352,"date":"2026-04-24T14:20:36","date_gmt":"2026-04-24T14:20:36","guid":{"rendered":"https:\/\/blogs.gazetaesportiva.com\/automobilismo\/?p=3352"},"modified":"2026-04-24T14:20:36","modified_gmt":"2026-04-24T14:20:36","slug":"toyota-gazoo-racing-abre-final-de-semana-da-stock-car-na-frente-em-interlagos","status":"publish","type":"post","link":"https:\/\/blogs.gazetaesportiva.com\/automobilismo\/2026\/04\/24\/toyota-gazoo-racing-abre-final-de-semana-da-stock-car-na-frente-em-interlagos\/","title":{"rendered":"TOYOTA GAZOO Racing abre final de semana da Stock Car na frente em Interlagos"},"content":{"rendered":"<p>A terceira etapa da temporada 2026 da Stock Car come\u00e7ou de forma positiva para a TOYOTA GAZOO Racing. Alfredinho Ibiapina foi o piloto mais r\u00e1pido da sess\u00e3o que abriu o final de semana no Aut\u00f3dromo de Interlagos, em S\u00e3o Paulo (SP), cravando 1min38s641 na melhor das suas voltas.<\/p>\n<figure id=\"attachment_3353\" aria-describedby=\"caption-attachment-3353\" style=\"width: 640px\" class=\"wp-caption alignnone\"><img loading=\"lazy\" decoding=\"async\" src=\"https:\/\/blogs.gazetaesportiva.com\/automobilismo\/files\/2026\/04\/RAF54103-1024x683.jpg\" alt=\"Alfredinho Ibiapina\" width=\"640\" height=\"427\" class=\"size-large wp-image-3353\" srcset=\"https:\/\/blogs.gazetaesportiva.com\/automobilismo\/files\/2026\/04\/RAF54103-1024x683.jpg 1024w, https:\/\/blogs.gazetaesportiva.com\/automobilismo\/files\/2026\/04\/RAF54103-300x200.jpg 300w, https:\/\/blogs.gazetaesportiva.com\/automobilismo\/files\/2026\/04\/RAF54103-768x512.jpg 768w, https:\/\/blogs.gazetaesportiva.com\/automobilismo\/files\/2026\/04\/RAF54103-1536x1025.jpg 1536w, https:\/\/blogs.gazetaesportiva.com\/automobilismo\/files\/2026\/04\/RAF54103-2048x1366.jpg 2048w\" sizes=\"auto, (max-width: 640px) 100vw, 640px\" \/><figcaption id=\"caption-attachment-3353\" class=\"wp-caption-text\">Foto: Carsten Horst<\/figcaption><\/figure>\n<p>Al\u00e9m da lideran\u00e7a de Ibiapina, a sess\u00e3o contou com outro piloto TOYOTA GAZOO Racing na segunda posi\u00e7\u00e3o, com L\u00e9o Reis, piloto de um Toyota Corolla Cross da CAR Racing. Em comum entre os dois, o fato de o shakedown ter sido a primeira sess\u00e3o pela Stock Car no circuito paulistano.<\/p>\n<p>\u201c\u00c9 um bom come\u00e7o de final de semana, mas esse ainda foi o shakedown. Temos um longo caminho pela frente para conseguir um resultado positivo, mas nosso ponto de partida \u00e9 bom. Vamos trabalhar para seguirmos na frente\u201d, disse Alfredinho Ibiapina.<\/p>\n<p>Por conta do regulamento da Stock Car, neste final de semana os Toyota Corolla Cross ganharam um novo pacote de atualiza\u00e7\u00f5es. Ap\u00f3s a realiza\u00e7\u00e3o do shakedown, os pilotos ter\u00e3o ainda nesta sexta-feira mais dois treinos, \u00e0s 11h e \u00e0s 15h.<\/p>\n<p>A programa\u00e7\u00e3o da Stock Car segue no s\u00e1bado (25), primeiro com a classifica\u00e7\u00e3o, \u00e0s 8h45, e depois com a Sprint, \u00e0s 13h35. A corrida principal ocorre no domingo, \u00e0s 12h10. Band, BandSports e YouTube transmitem as corridas.<\/p>\n","protected":false},"excerpt":{"rendered":"<p>A terceira etapa da temporada 2026 da Stock Car come\u00e7ou de forma positiva para a TOYOTA GAZOO Racing. Alfredinho Ibiapina foi o piloto mais r\u00e1pido <a class=\"read-more\" href=\"https:\/\/blogs.gazetaesportiva.com\/automobilismo\/2026\/04\/24\/toyota-gazoo-racing-abre-final-de-semana-da-stock-car-na-frente-em-interlagos\/\">leia mais<\/a><\/p>\n","protected":false},"author":75,"featured_media":3353,"comment_status":"open","ping_status":"open","sticky":false,"template":"","format":"standard","meta":{"jetpack_post_was_ever_published":false,"_jetpack_newsletter_access":"","_jetpack_dont_email_post_to_subs":false,"_jetpack_newsletter_tier_id":0,"_jetpack_memberships_contains_paywalled_content":false,"_jetpack_memberships_contains_paid_content":false,"footnotes":"","jetpack_publicize_message":"","jetpack_publicize_feature_enabled":true,"jetpack_social_post_already_shared":false,"jetpack_social_options":{"image_generator_settings":{"template":"highway","default_image_id":0,"font":"","enabled":false},"version":2}},"categories":[1],"tags":[],"class_list":["post-3352","post","type-post","status-publish","format-standard","has-post-thumbnail","hentry","category-sem-categoria"],"jetpack_publicize_connections":[],"jetpack_featured_media_url":"https:\/\/blogs.gazetaesportiva.com\/automobilismo\/files\/2026\/04\/RAF54103-scaled.jpg","jetpack_sharing_enabled":true,"jetpack_shortlink":"https:\/\/wp.me\/pblv91-S4","_links":{"self":[{"href":"https:\/\/blogs.gazetaesportiva.com\/automobilismo\/wp-json\/wp\/v2\/posts\/3352","targetHints":{"allow":["GET"]}}],"collection":[{"href":"https:\/\/blogs.gazetaesportiva.com\/automobilismo\/wp-json\/wp\/v2\/posts"}],"about":[{"href":"https:\/\/blogs.gazetaesportiva.com\/automobilismo\/wp-json\/wp\/v2\/types\/post"}],"author":[{"embeddable":true,"href":"https:\/\/blogs.gazetaesportiva.com\/automobilismo\/wp-json\/wp\/v2\/users\/75"}],"replies":[{"embeddable":true,"href":"https:\/\/blogs.gazetaesportiva.com\/automobilismo\/wp-json\/wp\/v2\/comments?post=3352"}],"version-history":[{"count":1,"href":"https:\/\/blogs.gazetaesportiva.com\/automobilismo\/wp-json\/wp\/v2\/posts\/3352\/revisions"}],"predecessor-version":[{"id":3354,"href":"https:\/\/blogs.gazetaesportiva.com\/automobilismo\/wp-json\/wp\/v2\/posts\/3352\/revisions\/3354"}],"wp:featuredmedia":[{"embeddable":true,"href":"https:\/\/blogs.gazetaesportiva.com\/automobilismo\/wp-json\/wp\/v2\/media\/3353"}],"wp:attachment":[{"href":"https:\/\/blogs.gazetaesportiva.com\/automobilismo\/wp-json\/wp\/v2\/media?parent=3352"}],"wp:term":[{"taxonomy":"category","embeddable":true,"href":"https:\/\/blogs.gazetaesportiva.com\/automobilismo\/wp-json\/wp\/v2\/categories?post=3352"},{"taxonomy":"post_tag","embeddable":true,"href":"https:\/\/blogs.gazetaesportiva.com\/automobilismo\/wp-json\/wp\/v2\/tags?post=3352"}],"curies":[{"name":"wp","href":"https:\/\/api.w.org\/{rel}","templated":true}]}}