{"id":2733,"date":"2025-09-26T11:39:19","date_gmt":"2025-09-26T11:39:19","guid":{"rendered":"https:\/\/blogs.gazetaesportiva.com\/automobilismo\/?p=2733"},"modified":"2025-09-26T23:40:11","modified_gmt":"2025-09-26T23:40:11","slug":"hipper-freios-segue-como-destaque-em-presenca-no-automobilismo-brasileiro","status":"publish","type":"post","link":"https:\/\/blogs.gazetaesportiva.com\/automobilismo\/2025\/09\/26\/hipper-freios-segue-como-destaque-em-presenca-no-automobilismo-brasileiro\/","title":{"rendered":"Hipper Freios segue como destaque em presen\u00e7a no automobilismo brasileiro"},"content":{"rendered":"<figure id=\"attachment_2442\" aria-describedby=\"caption-attachment-2442\" style=\"width: 640px\" class=\"wp-caption alignnone\"><img loading=\"lazy\" decoding=\"async\" class=\"size-large wp-image-2442\" src=\"https:\/\/blogs.gazetaesportiva.com\/automobilismo\/files\/2025\/06\/RafaCatelan_StocCarEtapa2_Cascavel-51213-1024x684.jpg\" alt=\"Ingo Hoffmann\" width=\"640\" height=\"428\" srcset=\"https:\/\/blogs.gazetaesportiva.com\/automobilismo\/files\/2025\/06\/RafaCatelan_StocCarEtapa2_Cascavel-51213-1024x684.jpg 1024w, https:\/\/blogs.gazetaesportiva.com\/automobilismo\/files\/2025\/06\/RafaCatelan_StocCarEtapa2_Cascavel-51213-300x200.jpg 300w, https:\/\/blogs.gazetaesportiva.com\/automobilismo\/files\/2025\/06\/RafaCatelan_StocCarEtapa2_Cascavel-51213-768x513.jpg 768w, https:\/\/blogs.gazetaesportiva.com\/automobilismo\/files\/2025\/06\/RafaCatelan_StocCarEtapa2_Cascavel-51213-1536x1025.jpg 1536w, https:\/\/blogs.gazetaesportiva.com\/automobilismo\/files\/2025\/06\/RafaCatelan_StocCarEtapa2_Cascavel-51213-2048x1367.jpg 2048w\" sizes=\"auto, (max-width: 640px) 100vw, 640px\" \/><figcaption id=\"caption-attachment-2442\" class=\"wp-caption-text\">Foto: Rafa Catelan<\/figcaption><\/figure>\n<p>Reconhecida nacionalmente como fornecedora oficial da Stock Car, Copa HB20, Copa Joy e F\u00f3rmula Delta, a Hipper Freios tem fortalecido ainda mais sua participa\u00e7\u00e3o no cen\u00e1rio nacional do automobilismo ao firmar parceria com a equipe RMattheis e tamb\u00e9m passou a acelerar com Valdeno Brito na NASCAR Brasil Special Edition.<\/p>\n<p>A empresa desempenhou papel decisivo na recente mudan\u00e7a estrutural da Stock Car, quando os carros da categoria passaram dos sedans para os SUVs, e em 2025 iniciou sua segunda temporada consecutiva como fornecedora exclusiva de freios da principal competi\u00e7\u00e3o do pa\u00eds.<\/p>\n<p>Entre os diferenciais que consolidam a marca est\u00e1 a tecnologia de ret\u00edfica cruzada Hipper Grinding, que permite que os discos estejam prontos para uso desde os primeiros quil\u00f4metros, sem a necessidade de pr\u00e9-assentamento. Outro destaque \u00e9 o uso do Niobium Steel, que garante maior resist\u00eancia mec\u00e2nica e t\u00e9rmica, reduzindo o risco de superaquecimento dos freios em condi\u00e7\u00f5es extremas.<\/p>\n<figure id=\"attachment_2601\" aria-describedby=\"caption-attachment-2601\" style=\"width: 640px\" class=\"wp-caption alignnone\"><img loading=\"lazy\" decoding=\"async\" class=\"size-large wp-image-2601\" src=\"https:\/\/blogs.gazetaesportiva.com\/automobilismo\/files\/2025\/08\/452718_1155771_451306_1150841_rafacatelan_sennaday_50960-1024x683.jpg\" alt=\"\" width=\"640\" height=\"427\" srcset=\"https:\/\/blogs.gazetaesportiva.com\/automobilismo\/files\/2025\/08\/452718_1155771_451306_1150841_rafacatelan_sennaday_50960-1024x683.jpg 1024w, https:\/\/blogs.gazetaesportiva.com\/automobilismo\/files\/2025\/08\/452718_1155771_451306_1150841_rafacatelan_sennaday_50960-300x200.jpg 300w, https:\/\/blogs.gazetaesportiva.com\/automobilismo\/files\/2025\/08\/452718_1155771_451306_1150841_rafacatelan_sennaday_50960-768x512.jpg 768w, https:\/\/blogs.gazetaesportiva.com\/automobilismo\/files\/2025\/08\/452718_1155771_451306_1150841_rafacatelan_sennaday_50960-1536x1024.jpg 1536w, https:\/\/blogs.gazetaesportiva.com\/automobilismo\/files\/2025\/08\/452718_1155771_451306_1150841_rafacatelan_sennaday_50960-2048x1366.jpg 2048w\" sizes=\"auto, (max-width: 640px) 100vw, 640px\" \/><figcaption id=\"caption-attachment-2601\" class=\"wp-caption-text\">Novos carros da Stock Car &#8211; Foto: Rafa Catelan<\/figcaption><\/figure>\n<p>\u201cAs pistas funcionam como um verdadeiro laborat\u00f3rio para o aperfei\u00e7oamento de nossas solu\u00e7\u00f5es, e a tecnologia Hipper Grinding \u00e9 um exemplo disso, j\u00e1 que garante desempenho imediato desde a largada\u201d, afirma Ingo Hoffmann, maior campe\u00e3o da Stock Car e embaixador da marca.<\/p>\n<p>Na Stock Car, os carros s\u00e3o equipados com discos ventilados especiais da Hipper Freios, pastilhas de competi\u00e7\u00e3o da Cobreq e pin\u00e7as AP Racing, importadas da Inglaterra, com seis pist\u00f5es na dianteira e quatro na traseira.<\/p>\n<p>A atua\u00e7\u00e3o da Hipper Freios tamb\u00e9m se estende a outras categorias. Na Turismo Nacional, a marca apoia a pilota Bia Martins, que est\u00e1 em sua temporada de estreia em 2025 como representante feminina no grid. J\u00e1 no rali, a fabricante segue marcando presen\u00e7a com a equipe Lana Racing, participante da Mit Cup, al\u00e9m de patrocinar o piloto e embaixador Marcelo Zebrinha.<\/p>\n<p>O envolvimento da marca com a NASCAR Brasil vai al\u00e9m da parceria t\u00e9cnica: a Hipper Freios tamb\u00e9m adquiriu o naming rights da equipe RMattheis, que passa a competir como Hipper Freios Racing.<\/p>\n<p>\u201cEstamos muito orgulhosos de expandir nossa atua\u00e7\u00e3o e escrever uma nova p\u00e1gina com a equipe Hipper Freios Racing na NASCAR Brasil. Esse passo refor\u00e7a a confian\u00e7a que conquistamos a motor\u201d, declara Vitor Junior, Gerente Comercial da Hipper Freios.<\/p>\n<p>Al\u00e9m da Stock Car e da NASCAR Brasil, a empresa segue como fornecedora oficial da Copa HB20, competi\u00e7\u00e3o que utiliza seus discos desde 2019. Em campeonatos regionais, a Hipper Freios tem presen\u00e7a na F\u00f3rmula Delta, voltada para jovens talentos rec\u00e9m-sa\u00eddos do kart rumo a competi\u00e7\u00f5es de F\u00f3rmula no Brasil e no exterior, e tamb\u00e9m na Copa Joy, campeonato de turismo de base ligado ao automobilismo paulista.<\/p>\n<p>Com tecnologia de ponta e participa\u00e7\u00e3o crescente em diversas frentes, a Hipper Freios reafirma seu compromisso em oferecer desempenho, inova\u00e7\u00e3o e seguran\u00e7a para quem vive a emo\u00e7\u00e3o das pistas.<\/p>\n<p>A Hipper Freios desembarca neste final de semana no Aut\u00f3dromo Velocitta em conjunto com a Stock Car, enfrentando o desafio em um circuito com 3.493m e 14 curvas, com freadas nos mais diferentes estilos. Os treinos livres come\u00e7aram na sexta-feira, enquanto o s\u00e1bado prev\u00ea a realiza\u00e7\u00e3o da classifica\u00e7\u00e3o e da primeira corrida \u00e0s 14h10. A prova principal, no domingo, tem largada a partir de 12h10.<\/p>\n","protected":false},"excerpt":{"rendered":"<p>Reconhecida nacionalmente como fornecedora oficial da Stock Car, Copa HB20, Copa Joy e F\u00f3rmula Delta, a Hipper Freios tem fortalecido ainda mais sua participa\u00e7\u00e3o no <a class=\"read-more\" href=\"https:\/\/blogs.gazetaesportiva.com\/automobilismo\/2025\/09\/26\/hipper-freios-segue-como-destaque-em-presenca-no-automobilismo-brasileiro\/\">leia mais<\/a><\/p>\n","protected":false},"author":75,"featured_media":2442,"comment_status":"open","ping_status":"open","sticky":false,"template":"","format":"standard","meta":{"jetpack_post_was_ever_published":false,"_jetpack_newsletter_access":"","_jetpack_dont_email_post_to_subs":false,"_jetpack_newsletter_tier_id":0,"_jetpack_memberships_contains_paywalled_content":false,"_jetpack_memberships_contains_paid_content":false,"footnotes":"","jetpack_publicize_message":"","jetpack_publicize_feature_enabled":true,"jetpack_social_post_already_shared":false,"jetpack_social_options":{"image_generator_settings":{"template":"highway","default_image_id":0,"font":"","enabled":false},"version":2}},"categories":[1],"tags":[],"class_list":["post-2733","post","type-post","status-publish","format-standard","has-post-thumbnail","hentry","category-sem-categoria"],"jetpack_publicize_connections":[],"jetpack_featured_media_url":"https:\/\/blogs.gazetaesportiva.com\/automobilismo\/files\/2025\/06\/RafaCatelan_StocCarEtapa2_Cascavel-51213-scaled.jpg","jetpack_sharing_enabled":true,"jetpack_shortlink":"https:\/\/wp.me\/pblv91-I5","_links":{"self":[{"href":"https:\/\/blogs.gazetaesportiva.com\/automobilismo\/wp-json\/wp\/v2\/posts\/2733","targetHints":{"allow":["GET"]}}],"collection":[{"href":"https:\/\/blogs.gazetaesportiva.com\/automobilismo\/wp-json\/wp\/v2\/posts"}],"about":[{"href":"https:\/\/blogs.gazetaesportiva.com\/automobilismo\/wp-json\/wp\/v2\/types\/post"}],"author":[{"embeddable":true,"href":"https:\/\/blogs.gazetaesportiva.com\/automobilismo\/wp-json\/wp\/v2\/users\/75"}],"replies":[{"embeddable":true,"href":"https:\/\/blogs.gazetaesportiva.com\/automobilismo\/wp-json\/wp\/v2\/comments?post=2733"}],"version-history":[{"count":0,"href":"https:\/\/blogs.gazetaesportiva.com\/automobilismo\/wp-json\/wp\/v2\/posts\/2733\/revisions"}],"wp:featuredmedia":[{"embeddable":true,"href":"https:\/\/blogs.gazetaesportiva.com\/automobilismo\/wp-json\/wp\/v2\/media\/2442"}],"wp:attachment":[{"href":"https:\/\/blogs.gazetaesportiva.com\/automobilismo\/wp-json\/wp\/v2\/media?parent=2733"}],"wp:term":[{"taxonomy":"category","embeddable":true,"href":"https:\/\/blogs.gazetaesportiva.com\/automobilismo\/wp-json\/wp\/v2\/categories?post=2733"},{"taxonomy":"post_tag","embeddable":true,"href":"https:\/\/blogs.gazetaesportiva.com\/automobilismo\/wp-json\/wp\/v2\/tags?post=2733"}],"curies":[{"name":"wp","href":"https:\/\/api.w.org\/{rel}","templated":true}]}}