{"id":2732,"date":"2025-09-26T18:33:49","date_gmt":"2025-09-26T18:33:49","guid":{"rendered":"https:\/\/blogs.gazetaesportiva.com\/automobilismo\/?p=2732"},"modified":"2025-09-26T18:33:49","modified_gmt":"2025-09-26T18:33:49","slug":"momento-velocidade-repercute-f1-e-fala-de-stock-car-stock-light-e-nascar-brasil","status":"publish","type":"post","link":"https:\/\/blogs.gazetaesportiva.com\/automobilismo\/2025\/09\/26\/momento-velocidade-repercute-f1-e-fala-de-stock-car-stock-light-e-nascar-brasil\/","title":{"rendered":"Momento Velocidade repercute F1 e fala de Stock Car, Stock Light e NASCAR Brasil"},"content":{"rendered":"<p>O Momento Velocidade repercute a vit\u00f3ria de Max Verstappen no GP do Azerbaij\u00e3o de F1, que o deixou 69 pontos distante de Oscar Piastri, o l\u00edder do campeonato ap\u00f3s 17 das 24 etapas disputadas em 2025.<\/p>\n<p><iframe loading=\"lazy\" width=\"560\" height=\"315\" src=\"https:\/\/www.youtube.com\/embed\/gGOn_WnqrHI?si=Zj1xpzcCdJDD0uI5&amp;start=2012\" title=\"YouTube video player\" frameborder=\"0\" allow=\"accelerometer; autoplay; clipboard-write; encrypted-media; gyroscope; picture-in-picture; web-share\" referrerpolicy=\"strict-origin-when-cross-origin\" allowfullscreen><\/iframe><\/p>\n<p>O programa tamb\u00e9m mostra como foi o retorno de Valdeno Brito \u00e0 NASCAR Brasil. O \u201cExpresso da Para\u00edba\u201d disputou a etapa de Curvelo (MG) da categoria, no tra\u00e7ado oval do Circuito dos Cristais.<\/p>\n<figure id=\"attachment_2721\" aria-describedby=\"caption-attachment-2721\" style=\"width: 640px\" class=\"wp-caption alignnone\"><img loading=\"lazy\" decoding=\"async\" src=\"https:\/\/blogs.gazetaesportiva.com\/automobilismo\/files\/2025\/09\/Valdeno-Brito-oval-curvelo-2025-1024x681.jpg\" alt=\"\" width=\"640\" height=\"426\" class=\"size-large wp-image-2721\" srcset=\"https:\/\/blogs.gazetaesportiva.com\/automobilismo\/files\/2025\/09\/Valdeno-Brito-oval-curvelo-2025-1024x681.jpg 1024w, https:\/\/blogs.gazetaesportiva.com\/automobilismo\/files\/2025\/09\/Valdeno-Brito-oval-curvelo-2025-300x200.jpg 300w, https:\/\/blogs.gazetaesportiva.com\/automobilismo\/files\/2025\/09\/Valdeno-Brito-oval-curvelo-2025-768x511.jpg 768w, https:\/\/blogs.gazetaesportiva.com\/automobilismo\/files\/2025\/09\/Valdeno-Brito-oval-curvelo-2025.jpg 1200w\" sizes=\"auto, (max-width: 640px) 100vw, 640px\" \/><figcaption id=\"caption-attachment-2721\" class=\"wp-caption-text\">Foto: Luciano Santos e Clayton Medeiros<\/figcaption><\/figure>\n<p>Quem tamb\u00e9m falou com o Momento Velocidade foi Enzo Gianfratti, piloto que disputa a temporada da Stock Light, categoria que corre neste final de semana no Velocitta, em Mogi Gua\u00e7u (SP). O piloto obteve vit\u00f3ria no circuito correndo pelo TCR.<\/p>\n<figure id=\"attachment_2362\" aria-describedby=\"caption-attachment-2362\" style=\"width: 640px\" class=\"wp-caption alignnone\"><img loading=\"lazy\" decoding=\"async\" src=\"https:\/\/blogs.gazetaesportiva.com\/automobilismo\/files\/2025\/05\/WhatsApp-Image-2025-05-03-at-21.48.31-1024x683.jpeg\" alt=\"Enzo Gianfratti\" width=\"640\" height=\"427\" class=\"size-large wp-image-2362\" srcset=\"https:\/\/blogs.gazetaesportiva.com\/automobilismo\/files\/2025\/05\/WhatsApp-Image-2025-05-03-at-21.48.31-1024x683.jpeg 1024w, https:\/\/blogs.gazetaesportiva.com\/automobilismo\/files\/2025\/05\/WhatsApp-Image-2025-05-03-at-21.48.31-300x200.jpeg 300w, https:\/\/blogs.gazetaesportiva.com\/automobilismo\/files\/2025\/05\/WhatsApp-Image-2025-05-03-at-21.48.31-768x512.jpeg 768w, https:\/\/blogs.gazetaesportiva.com\/automobilismo\/files\/2025\/05\/WhatsApp-Image-2025-05-03-at-21.48.31-1536x1024.jpeg 1536w, https:\/\/blogs.gazetaesportiva.com\/automobilismo\/files\/2025\/05\/WhatsApp-Image-2025-05-03-at-21.48.31-2048x1366.jpeg 2048w\" sizes=\"auto, (max-width: 640px) 100vw, 640px\" \/><figcaption id=\"caption-attachment-2362\" class=\"wp-caption-text\">Foto: divulga\u00e7\u00e3o<\/figcaption><\/figure>\n<p>Na Stock Car, que tamb\u00e9m vai ao Velocitta, as aten\u00e7\u00f5es est\u00e3o voltadas \u00e0 TOYOTA GAZOO Racing, que venceu em Cascavel com Arthur Gama e viu JP de Oliveira ir ao p\u00f3dio. O experiente piloto contou como foi a conquista.<\/p>\n<figure id=\"attachment_2662\" aria-describedby=\"caption-attachment-2662\" style=\"width: 640px\" class=\"wp-caption alignnone\"><img loading=\"lazy\" decoding=\"async\" src=\"https:\/\/blogs.gazetaesportiva.com\/automobilismo\/files\/2025\/09\/JP-de-Oliveira-TGR-1024x683.jpg\" alt=\"\" width=\"640\" height=\"427\" class=\"size-large wp-image-2662\" srcset=\"https:\/\/blogs.gazetaesportiva.com\/automobilismo\/files\/2025\/09\/JP-de-Oliveira-TGR-1024x683.jpg 1024w, https:\/\/blogs.gazetaesportiva.com\/automobilismo\/files\/2025\/09\/JP-de-Oliveira-TGR-300x200.jpg 300w, https:\/\/blogs.gazetaesportiva.com\/automobilismo\/files\/2025\/09\/JP-de-Oliveira-TGR-768x512.jpg 768w, https:\/\/blogs.gazetaesportiva.com\/automobilismo\/files\/2025\/09\/JP-de-Oliveira-TGR.jpg 1500w\" sizes=\"auto, (max-width: 640px) 100vw, 640px\" \/><figcaption id=\"caption-attachment-2662\" class=\"wp-caption-text\">Foto: Rafa Catelan \/RF1<\/figcaption><\/figure>\n<p>E a cobertura completa da TOYOTA GAZOO Racing na Stock Car voc\u00ea confere neste domingo, na TV Gazeta.<\/p>\n","protected":false},"excerpt":{"rendered":"<p>O Momento Velocidade repercute a vit\u00f3ria de Max Verstappen no GP do Azerbaij\u00e3o de F1, que o deixou 69 pontos distante de Oscar Piastri, o <a class=\"read-more\" href=\"https:\/\/blogs.gazetaesportiva.com\/automobilismo\/2025\/09\/26\/momento-velocidade-repercute-f1-e-fala-de-stock-car-stock-light-e-nascar-brasil\/\">leia mais<\/a><\/p>\n","protected":false},"author":75,"featured_media":2721,"comment_status":"open","ping_status":"open","sticky":false,"template":"","format":"standard","meta":{"jetpack_post_was_ever_published":false,"_jetpack_newsletter_access":"","_jetpack_dont_email_post_to_subs":false,"_jetpack_newsletter_tier_id":0,"_jetpack_memberships_contains_paywalled_content":false,"_jetpack_memberships_contains_paid_content":false,"footnotes":"","jetpack_publicize_message":"","jetpack_publicize_feature_enabled":true,"jetpack_social_post_already_shared":false,"jetpack_social_options":{"image_generator_settings":{"template":"highway","default_image_id":0,"font":"","enabled":false},"version":2}},"categories":[1],"tags":[],"class_list":["post-2732","post","type-post","status-publish","format-standard","has-post-thumbnail","hentry","category-sem-categoria"],"jetpack_publicize_connections":[],"jetpack_featured_media_url":"https:\/\/blogs.gazetaesportiva.com\/automobilismo\/files\/2025\/09\/Valdeno-Brito-oval-curvelo-2025.jpg","jetpack_sharing_enabled":true,"jetpack_shortlink":"https:\/\/wp.me\/pblv91-I4","_links":{"self":[{"href":"https:\/\/blogs.gazetaesportiva.com\/automobilismo\/wp-json\/wp\/v2\/posts\/2732","targetHints":{"allow":["GET"]}}],"collection":[{"href":"https:\/\/blogs.gazetaesportiva.com\/automobilismo\/wp-json\/wp\/v2\/posts"}],"about":[{"href":"https:\/\/blogs.gazetaesportiva.com\/automobilismo\/wp-json\/wp\/v2\/types\/post"}],"author":[{"embeddable":true,"href":"https:\/\/blogs.gazetaesportiva.com\/automobilismo\/wp-json\/wp\/v2\/users\/75"}],"replies":[{"embeddable":true,"href":"https:\/\/blogs.gazetaesportiva.com\/automobilismo\/wp-json\/wp\/v2\/comments?post=2732"}],"version-history":[{"count":0,"href":"https:\/\/blogs.gazetaesportiva.com\/automobilismo\/wp-json\/wp\/v2\/posts\/2732\/revisions"}],"wp:featuredmedia":[{"embeddable":true,"href":"https:\/\/blogs.gazetaesportiva.com\/automobilismo\/wp-json\/wp\/v2\/media\/2721"}],"wp:attachment":[{"href":"https:\/\/blogs.gazetaesportiva.com\/automobilismo\/wp-json\/wp\/v2\/media?parent=2732"}],"wp:term":[{"taxonomy":"category","embeddable":true,"href":"https:\/\/blogs.gazetaesportiva.com\/automobilismo\/wp-json\/wp\/v2\/categories?post=2732"},{"taxonomy":"post_tag","embeddable":true,"href":"https:\/\/blogs.gazetaesportiva.com\/automobilismo\/wp-json\/wp\/v2\/tags?post=2732"}],"curies":[{"name":"wp","href":"https:\/\/api.w.org\/{rel}","templated":true}]}}