{"id":2730,"date":"2025-09-24T12:42:45","date_gmt":"2025-09-24T12:42:45","guid":{"rendered":"https:\/\/blogs.gazetaesportiva.com\/automobilismo\/?p=2730"},"modified":"2025-09-24T12:42:45","modified_gmt":"2025-09-24T12:42:45","slug":"francisco-rocha-defende-as-cores-do-brasil-na-copa-do-mundo-de-kart-2025-na-italia","status":"publish","type":"post","link":"https:\/\/blogs.gazetaesportiva.com\/automobilismo\/2025\/09\/24\/francisco-rocha-defende-as-cores-do-brasil-na-copa-do-mundo-de-kart-2025-na-italia\/","title":{"rendered":"Francisco Rocha defende as cores do Brasil na Copa do Mundo de Kart 2025 na It\u00e1lia"},"content":{"rendered":"<p>Um dos eventos mais importantes na temporada para o piloto Francisco Rocha (Equipes: CRG Racing Team, Car Racing \/ Coaches: Olin Galli, Alberto Cattucci, L\u00e9o Reis, Rafael Reis) ser\u00e1 esta semana, na pista do Kart\u00f3dromo Cremona Circuit, na It\u00e1lia. O paulista se prepara para um dos maiores desafios do kartismo mundial, buscando representar o Brasil com destaque na competi\u00e7\u00e3o que re\u00fane os melhores pilotos do planeta.<\/p>\n<figure id=\"attachment_2731\" aria-describedby=\"caption-attachment-2731\" style=\"width: 640px\" class=\"wp-caption alignnone\"><img loading=\"lazy\" decoding=\"async\" src=\"https:\/\/blogs.gazetaesportiva.com\/automobilismo\/files\/2025\/09\/457610_1173976_um5_59121-1024x683.jpg\" alt=\"Francisco Rocha\" width=\"640\" height=\"427\" class=\"size-large wp-image-2731\" srcset=\"https:\/\/blogs.gazetaesportiva.com\/automobilismo\/files\/2025\/09\/457610_1173976_um5_59121-1024x683.jpg 1024w, https:\/\/blogs.gazetaesportiva.com\/automobilismo\/files\/2025\/09\/457610_1173976_um5_59121-300x200.jpg 300w, https:\/\/blogs.gazetaesportiva.com\/automobilismo\/files\/2025\/09\/457610_1173976_um5_59121-768x512.jpg 768w, https:\/\/blogs.gazetaesportiva.com\/automobilismo\/files\/2025\/09\/457610_1173976_um5_59121-1536x1025.jpg 1536w, https:\/\/blogs.gazetaesportiva.com\/automobilismo\/files\/2025\/09\/457610_1173976_um5_59121.jpg 1559w\" sizes=\"auto, (max-width: 640px) 100vw, 640px\" \/><figcaption id=\"caption-attachment-2731\" class=\"wp-caption-text\">Foto: Umberto Fraenkel<\/figcaption><\/figure>\n<p>A Copa do Mundo de Kart 2025 recebe pilotos de todo o mundo at\u00e9 o pr\u00f3ximo domingo (28) e entre eles est\u00e1 Francisco Rocha, que desde a semana passada desembarcou na &#8220;terra da bota&#8221; para iniciar a prepara\u00e7\u00e3o intensiva para a competi\u00e7\u00e3o na categoria OK-N J\u00fanior. A estrat\u00e9gia de chegar com anteced\u00eancia visa maximizar o tempo de adapta\u00e7\u00e3o e acerto do equipamento.<\/p>\n<p>&#8220;Cheguei uma semana antes exatamente para me preparar da melhor forma poss\u00edvel. Quero estar 100% pronto para a competi\u00e7\u00e3o&#8221;, revelou Francisco.<\/p>\n<p>Seu coach, Olin Galli, da equipe CRG Brasil, que tem catorze t\u00edtulos de Campeonatos Brasileiros, tamb\u00e9m est\u00e1 em Cremona para acompanhar os preparativos dos pilotos e acredita que est\u00e1 sendo uma experi\u00eancia muito positiva para o desenvolvimento de Francisco Rocha.<\/p>\n<p>\u201cAcho que a prepara\u00e7\u00e3o do Francisco foi muito boa. A gente teve tr\u00eas dias de treino aqui em Cremona, nessa semana que passou. Depois ele teve outros dias de treino, que foram muito, muito produtivos e a expectativa \u00e9 bem alta para a Copa do Mundo\u201d. Comentou Olin, multicampe\u00e3o nacional de kart.<\/p>\n<p>Esta n\u00e3o \u00e9 a primeira vez que o piloto paulista acelera, em uma competi\u00e7\u00e3o oficial, na pista de Cremona em 2025. No m\u00eas de julho, ele disputou etapas do WSK Euro Series e do Campeonato Italiano no tra\u00e7ado, acumulando uma experi\u00eancia valiosa que agora pode fazer a diferen\u00e7a na Copa do Mundo.<\/p>\n<p>No total, 83 pilotos est\u00e3o inscritos na categoria OK-N J\u00fanior, na qual Francisco compete, entre eles outros 7 brasileiros, segundo foi divulgado pela CIK-FIA &#8211; Comiss\u00e3o Internacional de Kart, da Federa\u00e7\u00e3o Internacional de Automobilismo. Todos buscam um resultado de destaque nesta competi\u00e7\u00e3o de prest\u00edgio mundial.<\/p>\n<p>&#8220;\u00c9 uma competi\u00e7\u00e3o que muitos pilotos gostariam de estar disputando. Tenho essa oportunidade incr\u00edvel e n\u00e3o quero desperdi\u00e7ar de jeito nenhum. Espero conseguir, primeiro, chegar \u00e0 final e depois buscar a melhor posi\u00e7\u00e3o poss\u00edvel&#8221;, declarou Francisco Rocha.<\/p>\n<p>O piloto paulista vai para a disputa da OK-N J\u00fanior com o n\u00famero 156 e entra no tra\u00e7ado de Cremona nesta quinta-feira (25), segundo a organiza\u00e7\u00e3o, para cinco testes de pista. Na sexta-feira (26), ser\u00e3o tr\u00eas sess\u00f5es de treinos livres e o treino de classifica\u00e7\u00e3o com a defini\u00e7\u00e3o dos grids para as baterias classificat\u00f3rias (Qualifying Heats). Estas, come\u00e7am em seguida, com os pilotos divididos em 6 grupos.<\/p>\n<p>No s\u00e1bado (27), a programa\u00e7\u00e3o segue com novas provas classificat\u00f3rias e os melhores avan\u00e7ar\u00e3o para os 2 grupos da super classificat\u00f3ria (Super Heat), marcada para domingo (28), pela manh\u00e3.<\/p>\n<p>Francisco espera estar na grande Final, tamb\u00e9m no domingo, que tem largada \u00e0s 9h25, no hor\u00e1rio de Bras\u00edlia, para os pilotos da categoria OK-N J\u00fanior. Para acompanhar toda a trajet\u00f3ria de Francisco Rocha na Copa do Mundo de Kart 2025, o canal da FIA Karting Championship no YouTube transmitir\u00e1 ao vivo no s\u00e1bado e domingo as emo\u00e7\u00f5es de todas as provas at\u00e9 a corrida decisiva.<\/p>\n","protected":false},"excerpt":{"rendered":"<p>Um dos eventos mais importantes na temporada para o piloto Francisco Rocha (Equipes: CRG Racing Team, Car Racing \/ Coaches: Olin Galli, Alberto Cattucci, L\u00e9o <a class=\"read-more\" href=\"https:\/\/blogs.gazetaesportiva.com\/automobilismo\/2025\/09\/24\/francisco-rocha-defende-as-cores-do-brasil-na-copa-do-mundo-de-kart-2025-na-italia\/\">leia mais<\/a><\/p>\n","protected":false},"author":75,"featured_media":2731,"comment_status":"open","ping_status":"open","sticky":false,"template":"","format":"standard","meta":{"jetpack_post_was_ever_published":false,"_jetpack_newsletter_access":"","_jetpack_dont_email_post_to_subs":false,"_jetpack_newsletter_tier_id":0,"_jetpack_memberships_contains_paywalled_content":false,"_jetpack_memberships_contains_paid_content":false,"footnotes":"","jetpack_publicize_message":"","jetpack_publicize_feature_enabled":true,"jetpack_social_post_already_shared":false,"jetpack_social_options":{"image_generator_settings":{"template":"highway","default_image_id":0,"font":"","enabled":false},"version":2}},"categories":[1],"tags":[],"class_list":["post-2730","post","type-post","status-publish","format-standard","has-post-thumbnail","hentry","category-sem-categoria"],"jetpack_publicize_connections":[],"jetpack_featured_media_url":"https:\/\/blogs.gazetaesportiva.com\/automobilismo\/files\/2025\/09\/457610_1173976_um5_59121.jpg","jetpack_sharing_enabled":true,"jetpack_shortlink":"https:\/\/wp.me\/pblv91-I2","_links":{"self":[{"href":"https:\/\/blogs.gazetaesportiva.com\/automobilismo\/wp-json\/wp\/v2\/posts\/2730","targetHints":{"allow":["GET"]}}],"collection":[{"href":"https:\/\/blogs.gazetaesportiva.com\/automobilismo\/wp-json\/wp\/v2\/posts"}],"about":[{"href":"https:\/\/blogs.gazetaesportiva.com\/automobilismo\/wp-json\/wp\/v2\/types\/post"}],"author":[{"embeddable":true,"href":"https:\/\/blogs.gazetaesportiva.com\/automobilismo\/wp-json\/wp\/v2\/users\/75"}],"replies":[{"embeddable":true,"href":"https:\/\/blogs.gazetaesportiva.com\/automobilismo\/wp-json\/wp\/v2\/comments?post=2730"}],"version-history":[{"count":0,"href":"https:\/\/blogs.gazetaesportiva.com\/automobilismo\/wp-json\/wp\/v2\/posts\/2730\/revisions"}],"wp:featuredmedia":[{"embeddable":true,"href":"https:\/\/blogs.gazetaesportiva.com\/automobilismo\/wp-json\/wp\/v2\/media\/2731"}],"wp:attachment":[{"href":"https:\/\/blogs.gazetaesportiva.com\/automobilismo\/wp-json\/wp\/v2\/media?parent=2730"}],"wp:term":[{"taxonomy":"category","embeddable":true,"href":"https:\/\/blogs.gazetaesportiva.com\/automobilismo\/wp-json\/wp\/v2\/categories?post=2730"},{"taxonomy":"post_tag","embeddable":true,"href":"https:\/\/blogs.gazetaesportiva.com\/automobilismo\/wp-json\/wp\/v2\/tags?post=2730"}],"curies":[{"name":"wp","href":"https:\/\/api.w.org\/{rel}","templated":true}]}}