{"id":2724,"date":"2025-09-22T18:52:01","date_gmt":"2025-09-22T18:52:01","guid":{"rendered":"https:\/\/blogs.gazetaesportiva.com\/automobilismo\/?p=2724"},"modified":"2025-09-22T19:12:08","modified_gmt":"2025-09-22T19:12:08","slug":"fornecedora-de-embreagens-para-equipes-da-copa-truck-embreagex-celebra-vitoria-de-danilo-dirani-em-curvelo","status":"publish","type":"post","link":"https:\/\/blogs.gazetaesportiva.com\/automobilismo\/2025\/09\/22\/fornecedora-de-embreagens-para-equipes-da-copa-truck-embreagex-celebra-vitoria-de-danilo-dirani-em-curvelo\/","title":{"rendered":"Fornecedora de embreagens para equipes da Copa Truck, EMBREAGEX celebra vit\u00f3ria de Danilo Dirani em Curvelo"},"content":{"rendered":"<p>O rugido dos motores ecoou no Circuito dos Cristais, em Curvelo, marcando mais uma etapa emocionante da Copa Truck. No \u00faltimo fim de semana, a pista mineira foi o palco de um grande dia para a equipe Iveco, coroado com a vit\u00f3ria de Danilo Dirani na segunda corrida. O triunfo foi conquistado ap\u00f3s um emocionante duelo com Fabio Foga\u00e7a ( equipado tamb\u00e9m com EMBREAGEX ), solidificando a posi\u00e7\u00e3o de Dirani na elite do automobilismo nacional e o al\u00e7ando ao terceiro lugar na classifica\u00e7\u00e3o geral do campeonato.<\/p>\n<figure id=\"attachment_2725\" aria-describedby=\"caption-attachment-2725\" style=\"width: 640px\" class=\"wp-caption alignnone\"><img loading=\"lazy\" decoding=\"async\" src=\"https:\/\/blogs.gazetaesportiva.com\/automobilismo\/files\/2025\/09\/19092025_110413_Curvelo-MG_CaiqueRoberto_277-1024x683.jpg\" alt=\"Danilo Dirani\" width=\"640\" height=\"427\" class=\"size-large wp-image-2725\" srcset=\"https:\/\/blogs.gazetaesportiva.com\/automobilismo\/files\/2025\/09\/19092025_110413_Curvelo-MG_CaiqueRoberto_277-1024x683.jpg 1024w, https:\/\/blogs.gazetaesportiva.com\/automobilismo\/files\/2025\/09\/19092025_110413_Curvelo-MG_CaiqueRoberto_277-300x200.jpg 300w, https:\/\/blogs.gazetaesportiva.com\/automobilismo\/files\/2025\/09\/19092025_110413_Curvelo-MG_CaiqueRoberto_277-768x512.jpg 768w, https:\/\/blogs.gazetaesportiva.com\/automobilismo\/files\/2025\/09\/19092025_110413_Curvelo-MG_CaiqueRoberto_277-1536x1024.jpg 1536w, https:\/\/blogs.gazetaesportiva.com\/automobilismo\/files\/2025\/09\/19092025_110413_Curvelo-MG_CaiqueRoberto_277-2048x1365.jpg 2048w\" sizes=\"auto, (max-width: 640px) 100vw, 640px\" \/><figcaption id=\"caption-attachment-2725\" class=\"wp-caption-text\">Foto: Rafa Catelan<\/figcaption><\/figure>\n<p>Por tr\u00e1s da gl\u00f3ria e da adrenalina, h\u00e1 um componente que garante a performance e a durabilidade necess\u00e1rias para esses gigantes da estrada: a EMBREAGEX.<br \/>\nA empresa tem provado, corrida ap\u00f3s corrida, que suas Embreagens n\u00e3o s\u00e3o apenas pe\u00e7as, mas a garantia de um desempenho impec\u00e1vel.<br \/>\nAs Embreagens s\u00e3o testadas e aprovadas nos caminh\u00f5es mais r\u00e1pidos do planeta, e a vit\u00f3ria de Dirani \u00e9 a prova viva de sua confiabilidade.<\/p>\n<p>A domin\u00e2ncia da EMBREAGEX na Copa Truck \u00e9 um fato. A empresa orgulha-se de fornecer o componente para 99% do grid, um dado que por si s\u00f3 atesta a qualidade e a confian\u00e7a que a marca inspira. N\u00e3o \u00e9 \u00e0 toa que a Embreagex \u00e9, h\u00e1 mais de 8 anos, a embreagem campe\u00e3 da Copa Truck. O sucesso de Dirani em Curvelo \u00e9, portanto, a demonstra\u00e7\u00e3o perfeita de uma parceria de sucesso: um piloto talentoso, uma equipe dedicada e a durabilidade incompar\u00e1vel da tecnologia Embreagex.<\/p>\n<p>A Disputa no Topo e a Tecnologia Vencedora<br \/>\nA etapa de Curvelo foi fundamental para a classifica\u00e7\u00e3o do campeonato. Com a vit\u00f3ria, Danilo Dirani se tornou o maior pontuador da rodada, escalando para a terceira posi\u00e7\u00e3o com 173 pontos, apenas sete atr\u00e1s do l\u00edder Felipe Giaffone. A disputa pelo t\u00edtulo est\u00e1 mais acirrada do que nunca, com apenas duas etapas restantes at\u00e9 a Grande Final.<\/p>\n<p>A Embreagex n\u00e3o \u00e9 apenas uma fabricante de pe\u00e7as; \u00e9 uma especialista em sistemas de embreagem, oferecendo solu\u00e7\u00f5es completas para embreagens leves, m\u00e9dias e pesadas, al\u00e9m de rolamentos e atuadores hidr\u00e1ulicos. A vit\u00f3ria de Danilo Dirani \u00e9 a prova definitiva de que a tecnologia da EMBREAGEX n\u00e3o se restringe \u00e0s ruas e estradas: \u00c9 a for\u00e7a que impulsiona os Campe\u00f5es.<\/p>\n","protected":false},"excerpt":{"rendered":"<p>O rugido dos motores ecoou no Circuito dos Cristais, em Curvelo, marcando mais uma etapa emocionante da Copa Truck. No \u00faltimo fim de semana, a <a class=\"read-more\" href=\"https:\/\/blogs.gazetaesportiva.com\/automobilismo\/2025\/09\/22\/fornecedora-de-embreagens-para-equipes-da-copa-truck-embreagex-celebra-vitoria-de-danilo-dirani-em-curvelo\/\">leia mais<\/a><\/p>\n","protected":false},"author":75,"featured_media":2725,"comment_status":"open","ping_status":"open","sticky":false,"template":"","format":"standard","meta":{"jetpack_post_was_ever_published":false,"_jetpack_newsletter_access":"","_jetpack_dont_email_post_to_subs":false,"_jetpack_newsletter_tier_id":0,"_jetpack_memberships_contains_paywalled_content":false,"_jetpack_memberships_contains_paid_content":false,"footnotes":"","jetpack_publicize_message":"","jetpack_publicize_feature_enabled":true,"jetpack_social_post_already_shared":false,"jetpack_social_options":{"image_generator_settings":{"template":"highway","default_image_id":0,"font":"","enabled":false},"version":2}},"categories":[1],"tags":[],"class_list":["post-2724","post","type-post","status-publish","format-standard","has-post-thumbnail","hentry","category-sem-categoria"],"jetpack_publicize_connections":[],"jetpack_featured_media_url":"https:\/\/blogs.gazetaesportiva.com\/automobilismo\/files\/2025\/09\/19092025_110413_Curvelo-MG_CaiqueRoberto_277-scaled.jpg","jetpack_sharing_enabled":true,"jetpack_shortlink":"https:\/\/wp.me\/pblv91-HW","_links":{"self":[{"href":"https:\/\/blogs.gazetaesportiva.com\/automobilismo\/wp-json\/wp\/v2\/posts\/2724","targetHints":{"allow":["GET"]}}],"collection":[{"href":"https:\/\/blogs.gazetaesportiva.com\/automobilismo\/wp-json\/wp\/v2\/posts"}],"about":[{"href":"https:\/\/blogs.gazetaesportiva.com\/automobilismo\/wp-json\/wp\/v2\/types\/post"}],"author":[{"embeddable":true,"href":"https:\/\/blogs.gazetaesportiva.com\/automobilismo\/wp-json\/wp\/v2\/users\/75"}],"replies":[{"embeddable":true,"href":"https:\/\/blogs.gazetaesportiva.com\/automobilismo\/wp-json\/wp\/v2\/comments?post=2724"}],"version-history":[{"count":0,"href":"https:\/\/blogs.gazetaesportiva.com\/automobilismo\/wp-json\/wp\/v2\/posts\/2724\/revisions"}],"wp:featuredmedia":[{"embeddable":true,"href":"https:\/\/blogs.gazetaesportiva.com\/automobilismo\/wp-json\/wp\/v2\/media\/2725"}],"wp:attachment":[{"href":"https:\/\/blogs.gazetaesportiva.com\/automobilismo\/wp-json\/wp\/v2\/media?parent=2724"}],"wp:term":[{"taxonomy":"category","embeddable":true,"href":"https:\/\/blogs.gazetaesportiva.com\/automobilismo\/wp-json\/wp\/v2\/categories?post=2724"},{"taxonomy":"post_tag","embeddable":true,"href":"https:\/\/blogs.gazetaesportiva.com\/automobilismo\/wp-json\/wp\/v2\/tags?post=2724"}],"curies":[{"name":"wp","href":"https:\/\/api.w.org\/{rel}","templated":true}]}}