{"id":2722,"date":"2025-09-22T13:26:02","date_gmt":"2025-09-22T13:26:02","guid":{"rendered":"https:\/\/blogs.gazetaesportiva.com\/automobilismo\/?p=2722"},"modified":"2025-09-22T13:26:02","modified_gmt":"2025-09-22T13:26:02","slug":"homenagem-a-ayrton-senna-no-hall-da-fama-automotivo-dos-eua-tera-transmissao-ao-vivo-na-quinta-feira-25-veja-como-assistir","status":"publish","type":"post","link":"https:\/\/blogs.gazetaesportiva.com\/automobilismo\/2025\/09\/22\/homenagem-a-ayrton-senna-no-hall-da-fama-automotivo-dos-eua-tera-transmissao-ao-vivo-na-quinta-feira-25-veja-como-assistir\/","title":{"rendered":"Homenagem a Ayrton Senna no Hall da Fama Automotivo dos EUA ter\u00e1 transmiss\u00e3o ao vivo na quinta-feira (25); veja como assistir"},"content":{"rendered":"<p><span style=\"font-weight: 400;\">A partir desta quinta-feira (25), Ayrton Senna passa a integrar o seleto grupo de nomes inscritos no Hall da Fama Automotivo dos Estados Unidos. A nomea\u00e7\u00e3o do tricampe\u00e3o de F\u00f3rmula 1 \u00e9 um reconhecimento por sua not\u00e1vel contribui\u00e7\u00e3o para o automobilismo e por sua trajet\u00f3ria marcada por exemplos de supera\u00e7\u00e3o e conquistas dentro e fora das pistas.<\/span><\/p>\n<figure id=\"attachment_2723\" aria-describedby=\"caption-attachment-2723\" style=\"width: 640px\" class=\"wp-caption alignnone\"><img loading=\"lazy\" decoding=\"async\" class=\"size-large wp-image-2723\" src=\"https:\/\/blogs.gazetaesportiva.com\/automobilismo\/files\/2025\/09\/448155_1140943_foto_norio_koike_A_C__ase-1024x680.jpg\" alt=\"Ayrton Senna\" width=\"640\" height=\"425\" srcset=\"https:\/\/blogs.gazetaesportiva.com\/automobilismo\/files\/2025\/09\/448155_1140943_foto_norio_koike_A_C__ase-1024x680.jpg 1024w, https:\/\/blogs.gazetaesportiva.com\/automobilismo\/files\/2025\/09\/448155_1140943_foto_norio_koike_A_C__ase-300x199.jpg 300w, https:\/\/blogs.gazetaesportiva.com\/automobilismo\/files\/2025\/09\/448155_1140943_foto_norio_koike_A_C__ase-768x510.jpg 768w, https:\/\/blogs.gazetaesportiva.com\/automobilismo\/files\/2025\/09\/448155_1140943_foto_norio_koike_A_C__ase-1536x1020.jpg 1536w, https:\/\/blogs.gazetaesportiva.com\/automobilismo\/files\/2025\/09\/448155_1140943_foto_norio_koike_A_C__ase.jpg 1600w\" sizes=\"auto, (max-width: 640px) 100vw, 640px\" \/><figcaption id=\"caption-attachment-2723\" class=\"wp-caption-text\">Foto: Norio Koike<\/figcaption><\/figure>\n<p><span style=\"font-weight: 400;\">A cerim\u00f4nia acontece em Detroit, cidade s\u00edmbolo da ind\u00fastria automotiva e local onde Ayrton venceu GPs de F\u00f3rmula 1 por tr\u00eas anos seguidos (1986, 1987 e 1988). A transmiss\u00e3o ao vivo ter\u00e1 in\u00edcio \u00e0s 19h, hor\u00e1rio de Bras\u00edlia. A sobrinha do piloto e CEO da Senna Brands, Bianca Senna, representar\u00e1 a fam\u00edlia ao receber oficialmente a homenagem durante a cerim\u00f4nia. O evento ter\u00e1 ainda a exibi\u00e7\u00e3o de uma McLaren MP4\/7A, da temporada de 1992, e um capacete do tricampe\u00e3o.<\/span><\/p>\n<p><span style=\"font-weight: 400;\">O an\u00fancio da nomea\u00e7\u00e3o de Ayrton Senna foi divulgado no in\u00edcio do ano e a cerim\u00f4nia oficial acontece em um momento em que as novas gera\u00e7\u00f5es demonstram cada vez mais interesse por Senna e pela F\u00f3rmula 1. Segundo pesquisa realizada nos EUA entre maio e junho deste ano, 6 em cada 10 norte-americanos da Gera\u00e7\u00e3o Z se conectam com Ayrton Senna e se interessam por sua biografia. Os dados da pesquisa encomendada pela Senna Brands, empresa respons\u00e1vel pela gest\u00e3o das marcas Senna e Senninha, revelam ainda que 70% dos jovens passaram a ter mais contato com a hist\u00f3ria do piloto nos \u00faltimos cinco anos.<\/span><\/p>\n<p><span style=\"font-weight: 400;\">O Hall da Fama Automotivo dos EUA \u00e9 uma organiza\u00e7\u00e3o sem fins lucrativos que homenageia e celebra nomes que marcaram a hist\u00f3ria da ind\u00fastria automotiva. Mais de 300 personalidades comp\u00f5em a lista de homenageados. Nesta edi\u00e7\u00e3o, al\u00e9m de Senna, est\u00e3o Dieter Zetsche, chefe da Mercedes-Benz Autom\u00f3veis entre 2006 e 2019; Betty Skelton, pilota que estabeleceu 17 recordes com avi\u00f5es e autom\u00f3veis; e o jornalista David E. David Jr, editor da renomada revista Car and Driver e fundador da revista Automobile.<\/span><span style=\"font-weight: 400;\"><br \/>\n<\/span><span style=\"font-weight: 400;\"><br \/>\n<\/span><a href=\"http:\/\/www.automotivehalloffame.org\/senna-hall-of-fame\"><span style=\"font-weight: 400;\">Link gratuito para assistir \u00e0 cerim\u00f4nia ao vivo<\/span><\/a><\/p>\n","protected":false},"excerpt":{"rendered":"<p>A partir desta quinta-feira (25), Ayrton Senna passa a integrar o seleto grupo de nomes inscritos no Hall da Fama Automotivo dos Estados Unidos. A <a class=\"read-more\" href=\"https:\/\/blogs.gazetaesportiva.com\/automobilismo\/2025\/09\/22\/homenagem-a-ayrton-senna-no-hall-da-fama-automotivo-dos-eua-tera-transmissao-ao-vivo-na-quinta-feira-25-veja-como-assistir\/\">leia mais<\/a><\/p>\n","protected":false},"author":75,"featured_media":2723,"comment_status":"open","ping_status":"open","sticky":false,"template":"","format":"standard","meta":{"jetpack_post_was_ever_published":false,"_jetpack_newsletter_access":"","_jetpack_dont_email_post_to_subs":false,"_jetpack_newsletter_tier_id":0,"_jetpack_memberships_contains_paywalled_content":false,"_jetpack_memberships_contains_paid_content":false,"footnotes":"","jetpack_publicize_message":"","jetpack_publicize_feature_enabled":true,"jetpack_social_post_already_shared":false,"jetpack_social_options":{"image_generator_settings":{"template":"highway","default_image_id":0,"font":"","enabled":false},"version":2}},"categories":[1],"tags":[],"class_list":["post-2722","post","type-post","status-publish","format-standard","has-post-thumbnail","hentry","category-sem-categoria"],"jetpack_publicize_connections":[],"jetpack_featured_media_url":"https:\/\/blogs.gazetaesportiva.com\/automobilismo\/files\/2025\/09\/448155_1140943_foto_norio_koike_A_C__ase.jpg","jetpack_sharing_enabled":true,"jetpack_shortlink":"https:\/\/wp.me\/pblv91-HU","_links":{"self":[{"href":"https:\/\/blogs.gazetaesportiva.com\/automobilismo\/wp-json\/wp\/v2\/posts\/2722","targetHints":{"allow":["GET"]}}],"collection":[{"href":"https:\/\/blogs.gazetaesportiva.com\/automobilismo\/wp-json\/wp\/v2\/posts"}],"about":[{"href":"https:\/\/blogs.gazetaesportiva.com\/automobilismo\/wp-json\/wp\/v2\/types\/post"}],"author":[{"embeddable":true,"href":"https:\/\/blogs.gazetaesportiva.com\/automobilismo\/wp-json\/wp\/v2\/users\/75"}],"replies":[{"embeddable":true,"href":"https:\/\/blogs.gazetaesportiva.com\/automobilismo\/wp-json\/wp\/v2\/comments?post=2722"}],"version-history":[{"count":0,"href":"https:\/\/blogs.gazetaesportiva.com\/automobilismo\/wp-json\/wp\/v2\/posts\/2722\/revisions"}],"wp:featuredmedia":[{"embeddable":true,"href":"https:\/\/blogs.gazetaesportiva.com\/automobilismo\/wp-json\/wp\/v2\/media\/2723"}],"wp:attachment":[{"href":"https:\/\/blogs.gazetaesportiva.com\/automobilismo\/wp-json\/wp\/v2\/media?parent=2722"}],"wp:term":[{"taxonomy":"category","embeddable":true,"href":"https:\/\/blogs.gazetaesportiva.com\/automobilismo\/wp-json\/wp\/v2\/categories?post=2722"},{"taxonomy":"post_tag","embeddable":true,"href":"https:\/\/blogs.gazetaesportiva.com\/automobilismo\/wp-json\/wp\/v2\/tags?post=2722"}],"curies":[{"name":"wp","href":"https:\/\/api.w.org\/{rel}","templated":true}]}}