{"id":2719,"date":"2025-09-21T23:12:20","date_gmt":"2025-09-21T23:12:20","guid":{"rendered":"https:\/\/blogs.gazetaesportiva.com\/automobilismo\/?p=2719"},"modified":"2025-09-21T23:12:20","modified_gmt":"2025-09-21T23:12:20","slug":"valdeno-brito-aprova-ritmo-em-retorno-na-nascar-brasil-com-quarto-e-setimo-lugares-em-curvelo","status":"publish","type":"post","link":"https:\/\/blogs.gazetaesportiva.com\/automobilismo\/2025\/09\/21\/valdeno-brito-aprova-ritmo-em-retorno-na-nascar-brasil-com-quarto-e-setimo-lugares-em-curvelo\/","title":{"rendered":"Valdeno Brito aprova ritmo em retorno na NASCAR Brasil com quarto e s\u00e9timo lugares em Curvelo"},"content":{"rendered":"<figure id=\"attachment_2720\" aria-describedby=\"caption-attachment-2720\" style=\"width: 640px\" class=\"wp-caption alignnone\"><img loading=\"lazy\" decoding=\"async\" class=\"size-large wp-image-2720\" src=\"https:\/\/blogs.gazetaesportiva.com\/automobilismo\/files\/2025\/09\/Valdeno-Brito-na-NASCAR-Brasil-2025-1024x681.jpg\" alt=\"\" width=\"640\" height=\"426\" srcset=\"https:\/\/blogs.gazetaesportiva.com\/automobilismo\/files\/2025\/09\/Valdeno-Brito-na-NASCAR-Brasil-2025-1024x681.jpg 1024w, https:\/\/blogs.gazetaesportiva.com\/automobilismo\/files\/2025\/09\/Valdeno-Brito-na-NASCAR-Brasil-2025-300x200.jpg 300w, https:\/\/blogs.gazetaesportiva.com\/automobilismo\/files\/2025\/09\/Valdeno-Brito-na-NASCAR-Brasil-2025-768x511.jpg 768w, https:\/\/blogs.gazetaesportiva.com\/automobilismo\/files\/2025\/09\/Valdeno-Brito-na-NASCAR-Brasil-2025.jpg 1500w\" sizes=\"auto, (max-width: 640px) 100vw, 640px\" \/><figcaption id=\"caption-attachment-2720\" class=\"wp-caption-text\">Foto: Luciano Santos e Clayton Medeiros<\/figcaption><\/figure>\n<p style=\"text-align: justify;\">O retorno de Valdeno Brito para a NASCAR Brasil foi bastante positivo para o piloto da equipe de Rodolpho Mattheis. Sempre disputando posi\u00e7\u00f5es no pelot\u00e3o da frente, o piloto paraibano fechou o primeiro segmento da prova na quarta coloca\u00e7\u00e3o da categoria principal e foi s\u00e9timo colocado ao final de sua estreia no oval de Curvelo (MG).<\/p>\n<p style=\"text-align: justify;\">\u201cO balan\u00e7o foi positivo porque estivemos competitivos o final de semana todo. Gostaria de agradecer os patrocinadores, principalmente o SETAI Grupo GP que est\u00e1 comigo nessa. Hoje tiveram duas corridas e a primeira fui sexto no geral entre 21 carros, mas com um ritmo parecido entre o segundo at\u00e9 o meu carro\u201d, explica Valdeno, que \u00e9 patrocinado pelo SETAI Grupo GP.<\/p>\n<figure id=\"attachment_2721\" aria-describedby=\"caption-attachment-2721\" style=\"width: 640px\" class=\"wp-caption alignnone\"><img loading=\"lazy\" decoding=\"async\" class=\"size-large wp-image-2721\" src=\"https:\/\/blogs.gazetaesportiva.com\/automobilismo\/files\/2025\/09\/Valdeno-Brito-oval-curvelo-2025-1024x681.jpg\" alt=\"\" width=\"640\" height=\"426\" srcset=\"https:\/\/blogs.gazetaesportiva.com\/automobilismo\/files\/2025\/09\/Valdeno-Brito-oval-curvelo-2025-1024x681.jpg 1024w, https:\/\/blogs.gazetaesportiva.com\/automobilismo\/files\/2025\/09\/Valdeno-Brito-oval-curvelo-2025-300x200.jpg 300w, https:\/\/blogs.gazetaesportiva.com\/automobilismo\/files\/2025\/09\/Valdeno-Brito-oval-curvelo-2025-768x511.jpg 768w, https:\/\/blogs.gazetaesportiva.com\/automobilismo\/files\/2025\/09\/Valdeno-Brito-oval-curvelo-2025.jpg 1200w\" sizes=\"auto, (max-width: 640px) 100vw, 640px\" \/><figcaption id=\"caption-attachment-2721\" class=\"wp-caption-text\">Foto: Luciano Santos e Clayton Medeiros<\/figcaption><\/figure>\n<p style=\"text-align: justify;\">\u201cEstou satisfeito pelo final de semana. Obviamente a gente sempre quer mais por ser competitivo. Na segunda corrida fizemos uma largada conservadora. Estava ali na mesma posi\u00e7\u00e3o, quando na segunda metade dessa prova acabei levando um toque na parte traseira do meu carro e isso acabou me prejudicando muito porque a carenagem ficou pegando no pneu, \u2018amarrando\u2019 o carro praticamente como se fosse um freio e a\u00ed foi uma quest\u00e3o de tentar sobreviver com o carro virando meio segundo mais lento\u201d, conclui Valdeno.<\/p>\n<p style=\"text-align: justify;\">A pr\u00f3xima etapa da NASCAR Brasil Special Edition ser\u00e1 disputada em 2 de novembro, no Aut\u00f3dromo Velocitta, em Mogi Gua\u00e7u (SP).<\/p>\n","protected":false},"excerpt":{"rendered":"<p>O retorno de Valdeno Brito para a NASCAR Brasil foi bastante positivo para o piloto da equipe de Rodolpho Mattheis. Sempre disputando posi\u00e7\u00f5es no pelot\u00e3o <a class=\"read-more\" href=\"https:\/\/blogs.gazetaesportiva.com\/automobilismo\/2025\/09\/21\/valdeno-brito-aprova-ritmo-em-retorno-na-nascar-brasil-com-quarto-e-setimo-lugares-em-curvelo\/\">leia mais<\/a><\/p>\n","protected":false},"author":75,"featured_media":2720,"comment_status":"open","ping_status":"open","sticky":false,"template":"","format":"standard","meta":{"jetpack_post_was_ever_published":false,"_jetpack_newsletter_access":"","_jetpack_dont_email_post_to_subs":false,"_jetpack_newsletter_tier_id":0,"_jetpack_memberships_contains_paywalled_content":false,"_jetpack_memberships_contains_paid_content":false,"footnotes":"","jetpack_publicize_message":"","jetpack_publicize_feature_enabled":true,"jetpack_social_post_already_shared":false,"jetpack_social_options":{"image_generator_settings":{"template":"highway","default_image_id":0,"font":"","enabled":false},"version":2}},"categories":[1],"tags":[],"class_list":["post-2719","post","type-post","status-publish","format-standard","has-post-thumbnail","hentry","category-sem-categoria"],"jetpack_publicize_connections":[],"jetpack_featured_media_url":"https:\/\/blogs.gazetaesportiva.com\/automobilismo\/files\/2025\/09\/Valdeno-Brito-na-NASCAR-Brasil-2025.jpg","jetpack_sharing_enabled":true,"jetpack_shortlink":"https:\/\/wp.me\/pblv91-HR","_links":{"self":[{"href":"https:\/\/blogs.gazetaesportiva.com\/automobilismo\/wp-json\/wp\/v2\/posts\/2719","targetHints":{"allow":["GET"]}}],"collection":[{"href":"https:\/\/blogs.gazetaesportiva.com\/automobilismo\/wp-json\/wp\/v2\/posts"}],"about":[{"href":"https:\/\/blogs.gazetaesportiva.com\/automobilismo\/wp-json\/wp\/v2\/types\/post"}],"author":[{"embeddable":true,"href":"https:\/\/blogs.gazetaesportiva.com\/automobilismo\/wp-json\/wp\/v2\/users\/75"}],"replies":[{"embeddable":true,"href":"https:\/\/blogs.gazetaesportiva.com\/automobilismo\/wp-json\/wp\/v2\/comments?post=2719"}],"version-history":[{"count":0,"href":"https:\/\/blogs.gazetaesportiva.com\/automobilismo\/wp-json\/wp\/v2\/posts\/2719\/revisions"}],"wp:featuredmedia":[{"embeddable":true,"href":"https:\/\/blogs.gazetaesportiva.com\/automobilismo\/wp-json\/wp\/v2\/media\/2720"}],"wp:attachment":[{"href":"https:\/\/blogs.gazetaesportiva.com\/automobilismo\/wp-json\/wp\/v2\/media?parent=2719"}],"wp:term":[{"taxonomy":"category","embeddable":true,"href":"https:\/\/blogs.gazetaesportiva.com\/automobilismo\/wp-json\/wp\/v2\/categories?post=2719"},{"taxonomy":"post_tag","embeddable":true,"href":"https:\/\/blogs.gazetaesportiva.com\/automobilismo\/wp-json\/wp\/v2\/tags?post=2719"}],"curies":[{"name":"wp","href":"https:\/\/api.w.org\/{rel}","templated":true}]}}